{"id":33,"date":"2011-06-19T22:45:57","date_gmt":"2011-06-19T22:45:57","guid":{"rendered":"http:\/\/www.yolunezeli.com\/?p=33"},"modified":"2023-11-25T09:45:49","modified_gmt":"2023-11-25T09:45:49","slug":"hititlerin-on-iki-donlu-eren-tanrisi-ve-alevi-bektasi-on-iki-imam-motifi","status":"publish","type":"post","link":"https:\/\/www.yolunezeli.com\/?p=33","title":{"rendered":"Z\u00fclfikar Ali,  12 Tanr\u0131 ve 12 \u0130mam&#8217;\u0131n K\u00f6keni"},"content":{"rendered":"<p><strong>Z\u00fclfikar Ali,12 Tanr\u0131 Kabartmas\u0131<\/strong><\/p>\n<p>(Not:Noter Onayl\u0131 Telif haklar\u0131 Kemal Soyer\u2019e aittir.\u0130zinsiz al\u0131nt\u0131 yap\u0131lamaz \u00a0,kopyalan\u0131p \u00a0yay\u0131nlanamaz )<\/p>\n<p><span style=\"font-family: 'Cambria','serif';\">Anadolu Alevili\u011finin 12 Tanr\u0131 ile Z\u00fclfikar-\u0131 Ali motiflerine konu kabartmalar\u0131 Hitit Kral\u0131 Tuthaliya taraf\u0131ndan \u0130.\u00d6.1250-1275 y\u0131llar\u0131 aras\u0131nda yapt\u0131r\u0131lan Hattu\u015fa Yaz\u0131l\u0131kaya A\u00e7\u0131k Hava Tap\u0131na\u011f\u0131ndad\u0131r. Hatti \u00dclkesi tanr\u0131 ve tanr\u0131\u00e7alar\u0131n\u0131n \u0130lkbahar Bayram\u0131nda topland\u0131\u011f\u0131&#8221;K\u0131rklar Meclisi&#8221;ne konu tap\u0131nakta yer alan 12 tanr\u0131 r\u00f6lyefi ger\u00e7ekte; 12 burcu, G\u00fcne\u015f&#8217;in\u00a0 12 ayl\u0131k devriyeli ya\u015fam d\u00f6ng\u00fcs\u00fcn\u00fc &#8220;On iki Er Tanr\u0131-12 Eren&#8221; \u015feklinde ifade etmekte olup ,\u015eii ve Alevi \u0130slamc\u0131lar taraf\u0131ndan \u201con iki imam\u201d, Hellenlerce Zeus ve Olimpos&#8217;un 12 Tanr\u0131s\u0131 , H\u0131ristiyanlar\u0131n \u0130sa ve\u00a0 12 Havarisiyle asimile edilmi\u015ftir. Dehre benzeri k\u0131l\u0131\u00e7 tutan Erenlerin ba\u015f\u0131nda H\u00fcseyni Ta\u00e7 olarak da bilinen on iki dilimli Bekta\u015fi k\u00fclah\u0131, kulaklar\u0131nda Bal\u0131m Sultan&#8217;n\u0131n(Enlil-Ali\/ Baal-Belum) &#8220;meng\u00fc\u015f\u00fc-k\u00fcpesi&#8221; vard\u0131r.Bekta\u015filik Hitit G\u00fcne\u015f K\u00fclt\u00fcn\u00fcn devam\u0131d\u0131r.Hac\u0131 Bekta\u015f-\u0131 Veli Hitit -Hurri Tanr\u0131s\u0131 TE\u015eUP.BA ve BAAL&#8217;in\u00a0 ad\u0131n\u0131 ta\u015f\u0131r.Bekta\u015fi Dergah\u0131 G\u00fcne\u015f K\u00fclt\u00fc kapsam\u0131nda 12 Dedebaba&#8217;yla temsil edilmi\u015ftir. Dede kavram\u0131 Tanr\u0131 Hadada ve Luwice Tanr\u0131 DATTA(\u015e)&#8217;n\u0131n kal\u0131t\u0131d\u0131r<\/span><\/p>\n<p style=\"text-align: left;\"><a href=\"http:\/\/www.yolunezeli.com\/?attachment_id=203\" rel=\"attachment wp-att-203\"><img loading=\"lazy\" decoding=\"async\" class=\"size-full wp-image-203 aligncenter\" src=\"http:\/\/www.yolunezeli.com\/wp-content\/uploads\/2011\/06\/corum_hattusa1.jpg\" alt=\"corum_hattusa\" width=\"800\" height=\"600\" srcset=\"https:\/\/www.yolunezeli.com\/wp-content\/uploads\/2011\/06\/corum_hattusa1.jpg 800w, https:\/\/www.yolunezeli.com\/wp-content\/uploads\/2011\/06\/corum_hattusa1-300x225.jpg 300w\" sizes=\"auto, (max-width: 800px) 100vw, 800px\" \/><\/a><\/p>\n<p style=\"text-align: left;\"><em><span style=\"color: #000000;\"><span style=\"font-family: 'Arial Narrow', sans-serif;\"><strong>\u00c7orum Hattu\u015fa- Bekta\u015fi k\u00fclahl\u0131, k\u00fcpeli ve k\u0131l\u0131\u00e7l\u0131 on iki er donunda tanr\u0131 kabartmas\u0131.\u0130nsan boyunu a\u015fan fig\u00fcrler g\u00fcne\u015ften gelen \u0131\u015f\u0131k seli ve ya\u015fam dalgas\u0131 imgesindedir<\/strong>.<\/span><\/span><\/em><\/p>\n<p><em>\u00a0 \u00a0 \u00a0 \u00a0 \u00a0 \u00a0 \u00a0<\/em><em>\u00a0 \u00a0 \u00a0 \u00a0 \u00a0 \u00a0 \u00a0 \u00a0\u00a0<\/em><\/p>\n<p style=\"text-align: left;\"><span style=\"font-family: 'Arial Narrow', sans-serif;\"><a href=\"http:\/\/www.yolunezeli.com\/wp-content\/uploads\/2011\/06\/corum_hattusa2.jpg\"><img loading=\"lazy\" decoding=\"async\" class=\"wp-image-123 aligncenter\" title=\"corum_hattusa2\" src=\"http:\/\/www.yolunezeli.com\/wp-content\/uploads\/2011\/06\/corum_hattusa2-150x150.jpg\" alt=\"\" width=\"300\" height=\"300\" \/><\/a><\/span><\/p>\n<p><span style=\"color: #000000;\"><span style=\"color: #000000;\"><strong>\u00a0 \u00a0 \u00a0 \u00a0 \u00a0<\/strong><\/span><\/span><span style=\"color: #000000;\"><span style=\"color: #000000;\"><strong>\u00a0 \u00a0 \u00a0 \u00a0 \u00a0 \u00a0 \u00a0 \u00a0 \u00a0 \u00a0 \u00a0 \u00a0 \u00a0 \u00a0 \u00a0 \u00a0 \u00a0 \u00a0 \u00a0 \u00a0\u0130.\u00d6.1250-1275 \u2013Hattu\u015fa<\/strong><\/span><\/span><\/p>\n<p style=\"text-align: left;\"><span style=\"font-family: Cambria, serif;\">Alevi Ozanlar\u0131\u00a0Hititlerin 12 Eren donunda betimledi\u011fi tanr\u0131 kabartmas\u0131n\u0131\u00a0\u00a0a\u015fa\u011f\u0131daki d\u00fcvazla\u00a0dile getirmi\u015flerdir. D\u00fcvaz kavram\u0131 Palaca G\u00fcne\u015f T\u0130YAZ, Luvice T\u0130WATA&#8217;n\u0131n kal\u0131t\u0131d\u0131r. Dizelerdeki \u015eah Ali, S\u00fcmer ve Hattiler&#8217;in G\u00f6k Tanr\u0131s\u0131&#8217;d\u0131r. Alevilikte &#8220;Z\u00fclfikar Ali&#8221; ad\u0131yla an\u0131lan tanr\u0131, yukar\u0131daki kabartmalar\u0131n i\u015flendi\u011fi kayalar\u0131n kar\u015f\u0131 y\u00fcz\u00fcnde ta\u015fa sapl\u0131 k\u0131l\u0131\u00e7la sembolize edilmi\u015ftir.<\/span><\/p>\n<p><em>Erenler \u015fahtan gelirler ,Ali derler pirimize, <\/em><\/p>\n<p><em>On iki imam erleriyiz, m\u00fcnkir ermez s\u0131rr\u0131m\u0131za,<\/em><\/p>\n<p><em>Ate\u015f yanar kazan co\u015far, dalga gelir boydan a\u015far,<\/em><\/p>\n<p><em>\u015eulemiz aleme d\u00fc\u015fer ,Bak\u0131n bizim nurumuza<\/em><\/p>\n<p><em><strong>\u015eulesi, yani,\u0131\u015f\u0131\u011f\u0131 \u00a0aleme d\u00fc\u015fen bir Arap imam s\u00f6z konusu olabilir mi<\/strong>?\u00a0 \u00a0<\/em><\/p>\n<p style=\"text-align: left;\"><em>\u00a0<a href=\"http:\/\/www.yolunezeli.com\/wp-content\/uploads\/2016\/02\/20140503_132735.jpg\" rel=\"attachment wp-att-2763\"><img loading=\"lazy\" decoding=\"async\" class=\"wp-image-2763 aligncenter\" src=\"http:\/\/www.yolunezeli.com\/wp-content\/uploads\/2016\/02\/20140503_132735.jpg\" alt=\"20140503_132735\" width=\"331\" height=\"533\" \/>\u00a0<\/a><\/em><em>\u00a0<\/em><\/p>\n<p style=\"text-align: center;\"><em> \u00a0 \u00a0<\/em><strong><span style=\"font-family: Cambria, serif;\">Z\u00dcLF\u0130KAR AL\u0130 KABARTMASI\u00a0<\/span><\/strong><\/p>\n<p style=\"text-align: left;\" align=\"JUSTIFY\"><span style=\"font-family: Cambria, serif;\">Hitit\u00e7e d.G\u0130R, S\u00fcmerce Nergal ve Muvatalli ad\u0131yla an\u0131lan tanr\u0131 adlar\u0131ndan &#8220;G\u0130R&#8221; Zazaca &#8220;<em>kardi&#8217;a Lola&#8221;<\/em>, K\u00fcrt\u00e7e <em>&#8220;keer&#8221;<\/em> denilen b\u0131\u00e7ak, <em>Nergal<\/em> b\u00fcy\u00fck nur, <em>Muvatalli<\/em> ad\u0131 da, &#8220;Hak Muhammet Ali&#8221;yle kavrat\u0131lan\u00a0 g\u00f6k tanr\u0131s\u0131d\u0131r. Yukar\u0131daki resimde ,Bekta\u015fi k\u00fclahl\u0131 ,k\u00fcpeli tanr\u0131 ba\u015f\u0131 alt\u0131nda , kabzas\u0131nda omuz ve kollar\u0131 aslan \u015feklinde tasarlanm\u0131\u015f, namlusu ta\u015fa sapl\u0131 Z\u00fclfikar Ali, yani Tanr\u0131 K\u0131l\u0131\u00e7 motifi g\u00f6r\u00fcn\u00fcyor. S\u00fcmer, Hatti, Hurri-Luwi F\u0131rt\u0131na Tanr\u0131lar\u0131 boynuzlu ba\u015fl\u0131klar\u0131yla , bellerindeki k\u0131l\u0131\u00e7larla bir b\u00fct\u00fcn olarak Tanr\u0131-K\u0131l\u0131\u00e7 ,yani Z\u00fclfikar Ali&#8217;dirler. Alevili\u011fin <strong>&#8220;Ali ta\u015fa \u00e7ald\u0131 Z\u00fclfikar\u0131&#8221;<\/strong> s\u00f6ylemi bu k\u0131l\u0131\u00e7la ilgilidir. Arap\u00e7a &#8220;La feta illa Ali, La seyfe illa Z\u00fclfikar&#8221; deyimi Tarihi bir ki\u015filik olan Arap Ali&#8217;ye mal edilmeye \u00e7al\u0131\u015f\u0131lsa da S\u00fcmerli Hititli Tanr\u0131 Hadat Ali&#8217;nin, Baal \u0130\u015eKUR&#8217;un ,Ninurta\u00a0 vb. F\u0131rt\u0131na ve Tar\u0131m Tanr\u0131lar\u0131n\u0131n\u00a0 Z\u00fclfikarlar\u0131yla ilgilidir. Anadolu-Mezopotamya F\u0131rt\u0131na Tanr\u0131lar\u0131n\u0131n\u00a0 y\u0131ld\u0131r\u0131mlar\u0131yla\u00a0 ili\u015fkili\u00a0 Z\u00fclfikar ger\u00e7ekte kozmik ba\u011flam\u0131 da olan evreni bir motiftir. <\/span><\/p>\n<figure id=\"attachment_4034\" aria-describedby=\"caption-attachment-4034\" style=\"width: 343px\" class=\"wp-caption aligncenter\"><a href=\"http:\/\/www.yolunezeli.com\/wp-content\/uploads\/2011\/06\/IMG_1216.jpg\"><img loading=\"lazy\" decoding=\"async\" class=\" wp-image-4034\" src=\"http:\/\/www.yolunezeli.com\/wp-content\/uploads\/2011\/06\/IMG_1216.jpg\" alt=\"D.G\u0130R KILI\u00c7 TANRISI\" width=\"343\" height=\"343\" srcset=\"https:\/\/www.yolunezeli.com\/wp-content\/uploads\/2011\/06\/IMG_1216.jpg 2448w, https:\/\/www.yolunezeli.com\/wp-content\/uploads\/2011\/06\/IMG_1216-150x150.jpg 150w, https:\/\/www.yolunezeli.com\/wp-content\/uploads\/2011\/06\/IMG_1216-300x300.jpg 300w, https:\/\/www.yolunezeli.com\/wp-content\/uploads\/2011\/06\/IMG_1216-768x768.jpg 768w, https:\/\/www.yolunezeli.com\/wp-content\/uploads\/2011\/06\/IMG_1216-1024x1024.jpg 1024w\" sizes=\"auto, (max-width: 343px) 100vw, 343px\" \/><\/a><figcaption id=\"caption-attachment-4034\" class=\"wp-caption-text\">D.G\u0130R KILI\u00c7 TANRISI &#8211; Yukar\u0131daki k\u0131l\u0131c\u0131n \u00e7izimi<\/figcaption><\/figure>\n\n\n<figure class=\"wp-block-image is-resized\"><img loading=\"lazy\" decoding=\"async\" src=\"https:\/\/i2.wp.com\/www.yolunezeli.com\/wp-content\/uploads\/2019\/12\/image.jpeg?fit=1014%2C1014\" alt=\"\" class=\"wp-image-6666\" width=\"470\" height=\"470\" srcset=\"https:\/\/www.yolunezeli.com\/wp-content\/uploads\/2019\/12\/image.jpeg 1440w, https:\/\/www.yolunezeli.com\/wp-content\/uploads\/2019\/12\/image-150x150.jpeg 150w, https:\/\/www.yolunezeli.com\/wp-content\/uploads\/2019\/12\/image-300x300.jpeg 300w, https:\/\/www.yolunezeli.com\/wp-content\/uploads\/2019\/12\/image-768x768.jpeg 768w, https:\/\/www.yolunezeli.com\/wp-content\/uploads\/2019\/12\/image-1024x1024.jpeg 1024w\" sizes=\"auto, (max-width: 470px) 100vw, 470px\" \/><figcaption class=\"wp-element-caption\">Hitit Kral\u0131  Tutalya\u2019n\u0131n ad kartu\u015fundaki Da\u011f Tanr\u0131\u2019s\u0131n\u0131n iki yan\u0131nda birer adet Z\u00fclfikar K\u0131l\u0131\u00e7  g\u00f6r\u00fcl\u00fcyor.\u0130ddia edildi\u011finin aksine Arap Ali\u2019ye mal edilen Z\u00fclfikar K\u0131l\u0131\u00e7  a\u015fa\u011f\u0131da birka\u00e7 \u00f6rne\u011fi verilen Hititler D\u00f6nemi eserleri ,Tanr\u0131 betimleri ,Hattu\u015fa Kral\u0131 III.Tuthaliya, 4.Tuthaliya (Ugarit) Arnuvanda, Hattu\u015fa-Ugarit Krallar\u0131 \u015euppilluliama  vb. krallar\u0131n  m\u00fch\u00fcr bask\u0131lar\u0131nda y\u0131ld\u0131r\u0131m ve han\u00e7er sembolleriyle, ,tahta k\u0131l\u0131\u00e7 ve \u00e7era\u011f motifiyse ise Malatya Aslantepe eserlerinde  yer alm\u0131\u015ft\u0131r.<\/figcaption><\/figure>\n\n\n\n<p><\/p>\n\n\n\n<p><\/p>\n\n\n\n<p><\/p>\n\n\n\n<p><\/p>\n\n\n\n<p><\/p>\n\n\n\n<p><\/p>\n\n\n\n<p><\/p>\n\n\n\n<p><\/p>\n\n\n\n<p><\/p>\n\n\n\n<p><\/p>\n\n\n\n<p><\/p>\n\n\n\n<p><\/p>\n\n\n\n<p><\/p>\n\n\n\n<p><\/p>\n\n\n\n<p><\/p>\n\n\n\n<p><\/p>\n\n\n\n<figure class=\"wp-block-image size-large\"><img loading=\"lazy\" decoding=\"async\" width=\"297\" height=\"170\" src=\"http:\/\/www.yolunezeli.com\/wp-content\/uploads\/2020\/12\/images-3.jpg\" alt=\"\" class=\"wp-image-7386\"\/><\/figure>\n\n\n\n<figure class=\"wp-block-image size-large\"><img loading=\"lazy\" decoding=\"async\" width=\"230\" height=\"219\" src=\"http:\/\/www.yolunezeli.com\/wp-content\/uploads\/2020\/12\/indir-3-1.jpg\" alt=\"\" class=\"wp-image-7387\"\/><\/figure>\n\n\n\n<figure class=\"wp-block-image size-large\"><img loading=\"lazy\" decoding=\"async\" width=\"242\" height=\"209\" src=\"http:\/\/www.yolunezeli.com\/wp-content\/uploads\/2020\/12\/images-1.jpg\" alt=\"\" class=\"wp-image-7392\"\/><\/figure>\n\n\n\n<figure class=\"wp-block-image size-large\"><img loading=\"lazy\" decoding=\"async\" width=\"323\" height=\"156\" src=\"http:\/\/www.yolunezeli.com\/wp-content\/uploads\/2020\/12\/images-2.jpg\" alt=\"\" class=\"wp-image-7393\" srcset=\"https:\/\/www.yolunezeli.com\/wp-content\/uploads\/2020\/12\/images-2.jpg 323w, https:\/\/www.yolunezeli.com\/wp-content\/uploads\/2020\/12\/images-2-300x145.jpg 300w\" sizes=\"auto, (max-width: 323px) 100vw, 323px\" \/><\/figure>\n\n\n\n<figure class=\"wp-block-image size-large\"><img loading=\"lazy\" decoding=\"async\" width=\"212\" height=\"238\" src=\"http:\/\/www.yolunezeli.com\/wp-content\/uploads\/2020\/12\/indir-5-1.jpg\" alt=\"\" class=\"wp-image-7399\"\/><\/figure>\n\n\n\n<figure class=\"wp-block-image size-large\"><img loading=\"lazy\" decoding=\"async\" width=\"297\" height=\"170\" src=\"http:\/\/www.yolunezeli.com\/wp-content\/uploads\/2020\/12\/indir-4-3.jpg\" alt=\"\" class=\"wp-image-7404\"\/><\/figure>\n\n\n\n<figure class=\"wp-block-image size-large\"><img loading=\"lazy\" decoding=\"async\" width=\"188\" height=\"268\" src=\"http:\/\/www.yolunezeli.com\/wp-content\/uploads\/2021\/02\/Iskur.jpg\" alt=\"\" class=\"wp-image-7828\"\/><\/figure>\n\n\n\n<p><\/p>\n","protected":false},"excerpt":{"rendered":"<p>Z\u00fclfikar Ali,12 Tanr\u0131 Kabartmas\u0131 (Not:Noter Onayl\u0131 Telif haklar\u0131 Kemal Soyer\u2019e aittir.\u0130zinsiz al\u0131nt\u0131 yap\u0131lamaz \u00a0,kopyalan\u0131p \u00a0yay\u0131nlanamaz ) Anadolu Alevili\u011finin 12 Tanr\u0131 ile Z\u00fclfikar-\u0131 Ali motiflerine konu kabartmalar\u0131 Hitit Kral\u0131 Tuthaliya taraf\u0131ndan [&hellip;]<\/p>\n","protected":false},"author":1,"featured_media":137,"comment_status":"open","ping_status":"open","sticky":false,"template":"","format":"standard","meta":{"_kadence_starter_templates_imported_post":false,"footnotes":""},"categories":[1],"tags":[203,202,11,201,3,4,7,9,5,6,8,10,12,200],"class_list":["post-33","post","type-post","status-publish","format-standard","has-post-thumbnail","hentry","category-genel","tag-12-havari","tag-12-tanri-ve-zulfikar","tag-alevi-devletleri","tag-alinin-zulfikari","tag-anadolu-aleviligi","tag-bektasilik","tag-haci-bektasi-veli","tag-hatti-gunesi","tag-hititler-ve-alevilik","tag-hititli-aleviler","tag-mum-sondu","tag-on-iki-imam","tag-zerdust","tag-zulfikar-ali"],"_links":{"self":[{"href":"https:\/\/www.yolunezeli.com\/index.php?rest_route=\/wp\/v2\/posts\/33","targetHints":{"allow":["GET"]}}],"collection":[{"href":"https:\/\/www.yolunezeli.com\/index.php?rest_route=\/wp\/v2\/posts"}],"about":[{"href":"https:\/\/www.yolunezeli.com\/index.php?rest_route=\/wp\/v2\/types\/post"}],"author":[{"embeddable":true,"href":"https:\/\/www.yolunezeli.com\/index.php?rest_route=\/wp\/v2\/users\/1"}],"replies":[{"embeddable":true,"href":"https:\/\/www.yolunezeli.com\/index.php?rest_route=%2Fwp%2Fv2%2Fcomments&post=33"}],"version-history":[{"count":95,"href":"https:\/\/www.yolunezeli.com\/index.php?rest_route=\/wp\/v2\/posts\/33\/revisions"}],"predecessor-version":[{"id":9430,"href":"https:\/\/www.yolunezeli.com\/index.php?rest_route=\/wp\/v2\/posts\/33\/revisions\/9430"}],"wp:featuredmedia":[{"embeddable":true,"href":"https:\/\/www.yolunezeli.com\/index.php?rest_route=\/wp\/v2\/media\/137"}],"wp:attachment":[{"href":"https:\/\/www.yolunezeli.com\/index.php?rest_route=%2Fwp%2Fv2%2Fmedia&parent=33"}],"wp:term":[{"taxonomy":"category","embeddable":true,"href":"https:\/\/www.yolunezeli.com\/index.php?rest_route=%2Fwp%2Fv2%2Fcategories&post=33"},{"taxonomy":"post_tag","embeddable":true,"href":"https:\/\/www.yolunezeli.com\/index.php?rest_route=%2Fwp%2Fv2%2Ftags&post=33"}],"curies":[{"name":"wp","href":"https:\/\/api.w.org\/{rel}","templated":true}]}}