{"id":3501,"date":"2016-10-30T18:22:50","date_gmt":"2016-10-30T18:22:50","guid":{"rendered":"http:\/\/www.yolunezeli.com\/?p=3501"},"modified":"2022-01-10T07:27:26","modified_gmt":"2022-01-10T07:27:26","slug":"ankarada-gobeklitepe","status":"publish","type":"post","link":"https:\/\/www.yolunezeli.com\/?p=3501","title":{"rendered":"G\u00d6BEKL\u0130TEPE VE ANKARADA B\u0130R YAPININ  SIRLI H\u0130KAYES\u0130"},"content":{"rendered":"<p style=\"text-align: center;\"><strong>G\u00d6BEKL\u0130TEPE-KADINCI\u011eIN SIR K\u00dcP\u00dc VE B\u0130R YAPININ H\u0130KAYES\u0130<\/strong><\/p>\n<p style=\"text-align: justify;\"><strong>\u00a0 \u00a0 \u00a0 \u00a0 \u00a0<\/strong><\/p>\n<p style=\"text-align: justify;\"><span style=\"color: #ff0000;\">( Telif hakk\u0131 taraf\u0131ma aittir,\u0130zinsiz al\u0131nt\u0131 yap\u0131lamaz,\u00e7o\u011falt\u0131l\u0131p \u00a0kullan\u0131lamaz, a\u00e7\u0131klanm\u0131\u015f i\u00e7erikler dolayl\u0131 yollardan anlat\u0131larak kitap,makale yap\u0131lamaz, mimari i\u00e7erik \u00fczerinden g\u00f6rsel \u00a0kurgular \u00a0yap\u0131lamaz )<\/span><\/p>\n<p style=\"text-align: justify;\"><strong>Kemal SOYER\/Y.Mimar <\/strong><\/p>\n<p style=\"text-align: justify;\"><strong>K\u00fclt\u00fcrel Miras\u0131 Ara\u015ft\u0131rma ve Koruma Uzman\u0131- Emekli Genel M\u00fcd\u00fcr 29.Ekim 2016<\/strong><\/p>\n<p style=\"text-align: left;\">1993 y\u0131l\u0131 sonbahar\u0131nda Ankara Hac\u0131 Bekta\u015f-\u0131 Veli Derne\u011fi\u00a0 bir dayan\u0131\u015fma yeme\u011fi d\u00fczenlemi\u015f, o davete ben de kat\u0131lm\u0131\u015ft\u0131m.Yeme\u011fin katk\u0131 ve ba\u011f\u0131\u015flar b\u00f6l\u00fcm\u00fcnde davetlilerden biri Ankara G\u00f6lba\u015f\u0131&#8217;ndaki arsas\u0131n\u0131 K\u00fclt\u00fcr Merkezi yap\u0131lmak \u00fczere derne\u011fe ba\u011f\u0131\u015flayaca\u011f\u0131n\u0131 \u00a0a\u00e7\u0131klad\u0131. Bunun \u00fczerine aya\u011fa kalkarak kendimi tan\u0131tt\u0131m ve arsa ba\u011f\u0131\u015flanacak olursa Hac\u0131 Bekta\u015f-\u0131 Veli\u00a0 ad\u0131na Anadolu Uygarl\u0131klar\u0131na dayal\u0131 Alevi Bekta\u015fi K\u00fclt\u00fcr\u00fcn\u00fc ara\u015ft\u0131r\u0131p tan\u0131tacak\u00a0 K\u00fclt\u00fcr Merkezi Projelerini ba\u011f\u0131\u015f olarak yapaca\u011f\u0131m\u0131, ancak merkezin G\u00f6lba\u015f\u0131 yerine Ankara\u2019da yap\u0131lmas\u0131 gerekti\u011fini belirttim. Y\u0131llard\u0131r d\u00fc\u015fledi\u011fim projenin zemini do\u011fmu\u015f,delilin fitili ate\u015flenmi\u015fti. Do\u011fan Ta\u015fdelen&#8217;le yap\u0131lan g\u00f6r\u00fc\u015fmeler sonucu Dikmende Belediye\u2019ye ait iki parsel sat\u0131n al\u0131nd\u0131 ve i\u015fe koyulduk.Yap\u0131 T\u00fcrkiye Alevilerinin Ba\u015fkent Ankara&#8217;daki \u0130lk K\u00fclt\u00fcr Merkezi olarak K\u0131rklar Meclisi i\u015fleviyle bilimsel ara\u015ft\u0131rma, dok\u00fcmantasyon ,e\u011fitim ve yay\u0131n i\u015flevlerini g\u00f6recek, H\u00fcnkar&#8217;\u0131n ezeli yolunu yeniden canland\u0131racakt\u0131.<\/p>\n<p style=\"text-align: left;\">Dernek Y\u00f6netimini toplad\u0131m.Projenin ilke ve esaslar\u0131n\u0131 gerek\u00e7eleriyle birlikte a\u00e7\u0131klad\u0131m.\u00a0 Aleviler bilime ve uzmanl\u0131\u011f\u0131ma g\u00fcvenerek g\u00f6r\u00fc\u015flerimi kabul ettiler.Bu ilkelere g\u00f6re Alevi-Bekta\u015fi K\u00fclt\u00fcr ve Uygarl\u0131k birikimi \u00c7atalh\u00f6y\u00fck, Nevali \u00c7ori ve G\u00f6beklitepe gibi Neolitik D\u00f6nemleri de kapsayacak \u015fekilde Anadolu\u2013Mezopotamya Uygarl\u0131klar\u0131 temelinde\u00a0 ele al\u0131nacak, arsan\u0131n verdi\u011fi olanaklar \u00f6l\u00e7\u00fcs\u00fcnde yap\u0131 i\u00e7i ve \u00e7evresinde bu uygarl\u0131klardan \u00f6rnekler sergilenecek, Cem Evi b\u00f6l\u00fcm\u00fcnde Anadolu tanr\u0131lar\u0131, Horasan Postu ,\u00e7ift aslanl\u0131 Z\u00fclfikarl\u0131 taht ile Has Ocak ,yap\u0131n\u0131n \u00f6n cephesine\u00a0 H\u00fcnkar Hac\u0131 Bekta\u015f-\u0131 Veli , Kad\u0131nc\u0131k Ana , yurt ve yol o\u011fullar\u0131 olan H\u0131z\u0131r Lale, aslan \u00e7ifti, iki s\u00fctun \u00fczerinde yediler, yedi kat g\u00f6k ile yeri sembolize eden katmanl\u0131 evren ( g\u00fcne\u015f-galaksi ) , evrenin d\u00f6n\u00fc\u015f\u00fc, F\u0131rt\u0131na Tanr\u0131lar\u0131n\u0131 simgeleyen g\u00f6k ku\u015fa\u011f\u0131 ve yap\u0131n\u0131n \u00e7at\u0131s\u0131nda Tanr\u0131 Enlil\u2019in E`.KUR Zigurat\u0131n\u0131 sembolize eden kubbe ,g\u00f6nderinde bur\u00e7lar ve Hatti G\u00fcne\u015fi temelli 12&#8242; li teslim ta\u015f\u0131yla simgeli evren ve 12 semazen\u00a0 konulacakt\u0131. Binada bilim adamlar\u0131na ait ara\u015ft\u0131rma mekanlar\u0131n\u0131n yan\u0131 s\u0131ra radyo ve TV St\u00fcdyosu da yer alacakt\u0131 . Proje bu ilkeler \u00fczerinden tasarland\u0131 ,haz\u0131rlanan tan\u0131t\u0131m bro\u015f\u00fcr\u00fc e\u015fli\u011finde yurt i\u00e7i ve d\u0131\u015f\u0131nda seri konferanslar verildi ve toplanan paralarla gerekli haz\u0131rl\u0131k yap\u0131larak 23.Ekim 1994\u2018de yakla\u015f\u0131k elli bin ki\u015finin kat\u0131ld\u0131\u011f\u0131 t\u00f6renle binan\u0131n temeli \u00a0Cumhurba\u015fkan\u0131 Demirel taraf\u0131ndan at\u0131ld\u0131.<\/p>\n<p><img decoding=\"async\" src=\"http:\/\/www.yolunezeli.com\/wp-content\/uploads\/2016\/10\/IMG_1079.jpg\" \/><\/p>\n<p style=\"text-align: center;\">Y.Mimar Kemal SOYER, Cumhurbaskan\u0131 \u00a0S\u00fcleyman DEMIREL \u00a0ve Ali DOGAN<\/p>\n<p style=\"text-align: center;\">23 Ekim 1994<\/p>\n<p style=\"text-align: left;\">Demirel\u2019in konu\u015fmas\u0131n\u0131n ard\u0131ndan k\u00fcrs\u00fcye \u00e7\u0131karak projeyi a\u00e7\u0131klad\u0131m,\u00a0 Alevi- Bekta\u015fi K\u00fclt\u00fcr ve Uygarl\u0131k birikiminin kadim Anadolu-Mezopotamya uygarl\u0131klar\u0131ndan kaynakland\u0131\u011f\u0131n\u0131 belirttim ve\u00a0 &#8220;Evrensel Alevilik-On bin y\u0131ll\u0131k Alevlik&#8221;mesaj\u0131n\u0131 verdim. Bunun \u00fczerine Cumhurba\u015fkan\u0131 Demirel, beni i\u015faret ederek yan\u0131na \u00e7a\u011f\u0131rd\u0131 ve bu konuyu k\u00f6\u015fkte g\u00f6r\u00fc\u015felim dedi. Yakla\u015f\u0131k on be\u015f g\u00fcn sonra k\u00f6\u015fke gittim ve kendisine\u00a0 Kayseri M\u00fczesinde yer alan Hatti D\u00f6nemine ait \u0130DOL olarak bilinen Tanr\u0131\u00e7al\u0131 Matara\u2019n\u0131n (Mater Kibele) bir \u00f6rne\u011fini hediye ettim. Merakla bu nedir ? diye sordu.Bu mataran\u0131n evreni kendi varl\u0131\u011f\u0131ndan var eden Tanr\u0131 Ana\u2019y\u0131 ve ilk var olan insan ve varl\u0131k \u00e7iftini sembolize etti\u011fini ,Alevili\u011fin Anadolu ile K\u00fcp\u00fc Dolu Kad\u0131nc\u0131k Ana motifinin k\u00f6keni oldu\u011funu anlatt\u0131m. Demirel \u015fa\u015f\u0131rm\u0131\u015ft\u0131.Peki bu anlat\u0131m \u0130slama ayk\u0131r\u0131 de\u011fil mi? dedi. Bu eserin askerlerimizin belindeki matara ve gelinlerin e\u015fiklerde k\u0131rd\u0131klar\u0131 \u00a0r\u0131z\u0131k ve bereket k\u00fcpleriyle ya\u015fad\u0131\u011f\u0131n\u0131, Hac\u0131 Bekta\u015f ile Kad\u0131nc\u0131\u011f\u0131n bulu\u015ftu\u011fu Ser\u00e7e\u015fme ile evreni var eden Ab-\u0131 Hayat Suyunu -Anadoluda&#8217;ki Cennetin Irmaklar\u0131n\u0131 ,ilk insan\u0131 ,dolay\u0131s\u0131yla Havva denilen Su ANA&#8217;y\u0131 sembolize etti\u011fini belirtince derinden d\u00fc\u015f\u00fcnmeye ba\u015flad\u0131. Kendisine Alevilerin s\u0131rr\u0131n\u0131 fa\u015f etmi\u015ftim.Sakince kar\u015f\u0131lad\u0131.B\u00fcy\u00fck bir ho\u015fg\u00f6r\u00fcyle memnun oldu\u011funu belirterek 15 g\u00fcn sonra yine gel, ancak bu yap\u0131n\u0131n \u00f6n cephesine Atat\u00fcrk\u2019\u00fc koyal\u0131m dedi.Sonraki g\u00f6r\u00fc\u015fmede yap\u0131 giri\u015finin Alevili\u011fin \u201cVarl\u0131\u011f\u0131n Birli\u011fi\u201d temelinde \u00a0varolu\u015fu sembolize etti\u011fini, bu nedenle Atat\u00fcrk\u2019e giri\u015f hol\u00fcnde bir b\u00fcst yapaca\u011f\u0131m\u0131z\u0131 belirttim.<\/p>\n<p style=\"text-align: center;\">EVREN\u0130 VAR EDEN\u00a0 K\u00dcP\u00dc DOLU KADINCIK-ANADOLU<\/p>\n<figure id=\"attachment_3494\" aria-describedby=\"caption-attachment-3494\" style=\"width: 214px\" class=\"wp-caption aligncenter\"><a href=\"http:\/\/www.yolunezeli.com\/wp-content\/uploads\/2016\/10\/IMG_0501.jpg\"><img loading=\"lazy\" decoding=\"async\" class=\" wp-image-3494\" src=\"http:\/\/www.yolunezeli.com\/wp-content\/uploads\/2016\/10\/IMG_0501.jpg\" alt=\"\" width=\"214\" height=\"285\" srcset=\"https:\/\/www.yolunezeli.com\/wp-content\/uploads\/2016\/10\/IMG_0501.jpg 2448w, https:\/\/www.yolunezeli.com\/wp-content\/uploads\/2016\/10\/IMG_0501-225x300.jpg 225w, https:\/\/www.yolunezeli.com\/wp-content\/uploads\/2016\/10\/IMG_0501-768x1024.jpg 768w\" sizes=\"auto, (max-width: 214px) 100vw, 214px\" \/><\/a><figcaption id=\"caption-attachment-3494\" class=\"wp-caption-text\">K\u00fcp\u00fc Dolu Kad\u0131nc\u0131k Ana-Ayni ANA,Mater Kibele-DUKU ANA,HABBE\/HEPATU ANA<\/figcaption><\/figure>\n<p style=\"text-align: center;\">ANADOLU-ENL\u0130L-LULU ve ENK\u0130<\/p>\n<p style=\"text-align: center;\"><em>&#8221; Bu d\u00fcnyaya dolu geldim dolu benim.Bilmeyenler bilsin beni ben Ali\u2019yim.Ali benim&#8221;<\/em><\/p>\n<p style=\"text-align: center;\"><em>Pir Sultan Abdal -Telli Kur&#8217;an&#8217;dan<\/em><\/p>\n<p style=\"text-align: left;\">Yap\u0131 h\u0131zla ilerliyordu.Devlet projeyi ve ortaya konulacak i\u00e7eri\u011fi takip ediyordu.S\u0131ra te\u015fhir,tanzim \u00a0ve\u00a0 \u00e7evre d\u00fczeni projelerinin\u00a0 haz\u0131rlanmas\u0131na gelmi\u015fti.Vak\u0131f Ba\u015fkan\u0131 Ali Do\u011fan bana Konya yolu\u00a0 Ahiboz mevkiinde \u00fcniversite i\u00e7in 40 d\u00f6n\u00fcm arsan\u0131n \u015fahs\u0131 ad\u0131na\u00a0 tahsis edilece\u011fini ,Vakf\u0131n olanaklar\u0131n\u0131 buraya seferber edece\u011fini,tasarlanan projelerin fazla maliyet getirece\u011fi bahanesiyle yap\u0131 i\u00e7i ve d\u0131\u015f\u0131nda Hatti-Hitit eserlerine yer veremeyeceklerini, devletin de bu konudan rahats\u0131z oldu\u011funu belirtti. Kendisine karanl\u0131k \u00e7evrelerle \u00a0i\u015fbirli\u011fi i\u00e7inde oldu\u011funu bildi\u011fimi, projeyi bilerek amac\u0131ndan sapt\u0131rd\u0131\u011f\u0131n\u0131 s\u00f6yledim ve ard\u0131ndan Vak\u0131f ba\u015fkan Yard\u0131mc\u0131l\u0131\u011f\u0131 g\u00f6revini b\u0131rakt\u0131m.\u0130n\u015faat\u0131n ba\u015flang\u0131c\u0131nda iflas ve konkordato ilan eden Ali Do\u011fan\u2019n\u0131n maden vb. i\u015fleri a\u00e7\u0131lm\u0131\u015ft\u0131.A\u015f\u0131k Mahsuni\u00a0 toplanan paran\u0131n hesab\u0131n\u0131 sordu\u011fu i\u00e7in \u00fcyeli\u011fi d\u00fc\u015f\u00fcr\u00fclm\u00fc\u015f, bina g\u00fcn\u00fcm\u00fczdeki \u015fekliyle tamamlanm\u0131\u015f, kap\u0131s\u0131na Atat\u00fcrk heykeli dikilerek resmi bir daire h\u00fcviyeti kazand\u0131r\u0131lan yap\u0131 Anadolu Alevi kimli\u011fi ,binlerce y\u0131ll\u0131k tarih , k\u00fclt\u00fcr ve uygarl\u0131k bilincinden\u00a0 soyut bir g\u00f6r\u00fcn\u00fcm i\u00e7inde kullan\u0131ma a\u00e7\u0131lm\u0131\u015ft\u0131. Ali Do\u011fan\u2019\u0131n \u00f6l\u00fcm\u00fcyle Alevi Bekta\u015fi K\u00fclt\u00fcr\u00fc konusunda bilimsel hi\u00e7bir ehliyeti ve yetkinli\u011fi bulunmayan ve in\u015faatta bek\u00e7i olarak \u00e7al\u0131\u015fan Ali Do\u011fan&#8217;\u0131n\u00a0 yak\u0131n\u0131\u00a0 Ercan Ge\u00e7mez y\u00f6netime getirilmi\u015fti. Telif hakk\u0131 nedeniyle taraf\u0131mdan her hangi bir izin de verilmedi\u011fi halde Ercan GE\u00c7MEZ\u00a0 Erdo\u011fan \u00c7\u0131nar&#8217;\u0131n Ofisinde \u00e7al\u0131\u015ft\u0131\u011f\u0131n\u0131 belirten Nam\u0131k Kemal Kaya adl\u0131 bir mimara yap\u0131da tadilatlar yapt\u0131rm\u0131\u015f, her y\u0131l yeni bir k\u00fclt\u00fcr merkezi yapacak kadar para kazanabilecek al\u0131\u015fveri\u015f merkezini \u00f6zel hastaneye \u00e7evirmi\u015f, faaliyetlerde Alevi-\u0130slam programlar\u0131, \u201cAtat\u00fcrk \u0130lkeleri ve \u0130nk\u0131lap Tarihi\u201d gibi konularla u\u011fra\u015f\u0131lm\u0131\u015f, sonu\u00e7ta tasarlanan bilimsel faaliyetler ve yap\u0131n\u0131n tamamlanmas\u0131 yerine \u00f6nemli bir b\u00f6l\u00fcm\u00fc kre\u015f haline getirilmi\u015ftir. Bu yap\u0131n\u0131n tamamlanmas\u0131 \u00a0bilin\u00e7li olarak engellenmi\u015ftir. H.B.Anadolu K\u00fclt\u00fcr Vakf\u0131n\u0131n Kurucu \u00fcyesi ,vakf\u0131n ve yap\u0131n\u0131n ad babas\u0131 oldu\u011fum halde Ercan Ge\u00e7mez ile merkez ve ta\u015fradaki sorumlu ekipten bu eserin tamamlanmas\u0131 y\u00f6n\u00fcnde tek \u00a0bir talep bile gelmemi\u015ftir. Kad\u0131nc\u0131k Ana ile H\u0131z\u0131r Laleyi mihraba koydurmayan zihniyet, Vak\u0131ftaki Alevi \u0130slamc\u0131 zihniyetle birlikte hareket ediyordu.Bask\u0131lar alt\u0131nda bu kadar yapabildim.Orijinal proje ve projeyle ilgili ilk tan\u0131t\u0131m kitab\u0131 elimdedir. Sorunun ard\u0131nda devlete hakim olup Anadolu uygarl\u0131klar\u0131na ayk\u0131r\u0131 k\u00fclt\u00fcr politikalar\u0131 uygulayan T\u00fcrk-\u0130slamc\u0131 zihniyet, siyasi \u00e7evreler ve Alevi \u0130slamc\u0131 ki\u015filer var.Belediye Ba\u015fkanl\u0131klar\u0131 ile partilerde oldu\u011fu gibi baz\u0131 Alevi kurum ve kurulu\u015flar\u0131n\u0131n ba\u015f\u0131na getirilen ve y\u0131llarca oralarda tutularak sahte Alevi a\u00e7\u0131l\u0131mlar\u0131 ,\u00a0 K\u00fclt\u00fcr Varl\u0131\u011f\u0131 olarak tescil edilmi\u015f Ankara H\u00fcseyin Gazi T\u00fcrbesine &#8220;Mescit-Cem Evi&#8221;\u00a0 yapan\u00a0 H\u00fcseyin Gazi Derne\u011fi ve Vakf\u0131\u00a0 ile bu projeden ba\u015flayarak\u00a0 \u0130zzettin Do\u011fan gibi Cami-Cem Evi yapmaya kalk\u0131\u015fan hizmet erleri vard\u0131r. Anadolu Alevi Bekta\u015fi Kimli\u011fini arkeolojik eserlerle ayr\u0131nt\u0131da \u00a0yans\u0131tan bir ba\u015fka \u00e7al\u0131\u015fmay\u0131 \u0130svi\u00e7re St. Gallen D\u0130AKM&#8217;de yapt\u0131m. Ancak onlar da bu \u00e7al\u0131\u015fmalar\u0131 yeterince anlayamad\u0131lar, tan\u0131tamad\u0131lar. Hikaye uzun ancak, bu kadar\u0131 yeterli.<\/p>\n<p style=\"text-align: center;\"><strong>Hac\u0131 Bekta\u015f Veli Anadolu K\u00fclt\u00fcr Merkezi yap\u0131s\u0131\u00a0 neleri kavrat\u0131yor<\/strong><\/p>\n<p><a href=\"http:\/\/www.yolunezeli.com\/wp-content\/uploads\/2016\/10\/IMG_1085.jpg\"><img loading=\"lazy\" decoding=\"async\" class=\"aligncenter wp-image-3544\" src=\"http:\/\/www.yolunezeli.com\/wp-content\/uploads\/2016\/10\/IMG_1085.jpg\" alt=\"\" width=\"317\" height=\"88\" srcset=\"https:\/\/www.yolunezeli.com\/wp-content\/uploads\/2016\/10\/IMG_1085.jpg 2709w, https:\/\/www.yolunezeli.com\/wp-content\/uploads\/2016\/10\/IMG_1085-300x83.jpg 300w, https:\/\/www.yolunezeli.com\/wp-content\/uploads\/2016\/10\/IMG_1085-768x213.jpg 768w, https:\/\/www.yolunezeli.com\/wp-content\/uploads\/2016\/10\/IMG_1085-1024x283.jpg 1024w\" sizes=\"auto, (max-width: 317px) 100vw, 317px\" \/><\/a><\/p>\n<p style=\"text-align: justify;\"><a href=\"http:\/\/www.yolunezeli.com\/wp-content\/uploads\/2016\/10\/IMG_1074.jpg\"><img loading=\"lazy\" decoding=\"async\" class=\"wp-image-3495 aligncenter\" src=\"http:\/\/www.yolunezeli.com\/wp-content\/uploads\/2016\/10\/IMG_1074.jpg\" alt=\"Dikmen K\u00fclt\u00fcr Merkezi \" width=\"331\" height=\"442\" srcset=\"https:\/\/www.yolunezeli.com\/wp-content\/uploads\/2016\/10\/IMG_1074.jpg 2448w, https:\/\/www.yolunezeli.com\/wp-content\/uploads\/2016\/10\/IMG_1074-225x300.jpg 225w, https:\/\/www.yolunezeli.com\/wp-content\/uploads\/2016\/10\/IMG_1074-768x1024.jpg 768w\" sizes=\"auto, (max-width: 331px) 100vw, 331px\" \/><\/a><\/p>\n<p style=\"text-align: center;\">G\u00f6beklitepe-Evren- Kad\u0131nc\u0131k Ana,yedi tanr\u0131, yedi kat g\u00f6k-yedi kat yer ve on d\u00f6rt masumu pak<\/p>\n<p style=\"text-align: left;\">Giri\u015f cephesini Hitit tap\u0131nak cepheleri ve S\u00fcmerlerin \u00fc\u00e7 kozmik halka i\u00e7inde tan\u0131mlad\u0131klar\u0131 tanr\u0131lar yolu\u00a0 gibi\u00a0 \u00fc\u00e7 b\u00f6l\u00fcme ay\u0131rd\u0131m.Giri\u015f kap\u0131s\u0131n\u0131\u00a0 \u201cTa\u00e7 Kap\u0131\u201d da denilen \u201cHakk Kap\u0131s\u0131\u201d imgesinde tasarlad\u0131m. Kap\u0131n\u0131n\u00a0 iki yan\u0131na Nevali \u00c7ori ve Hitit tap\u0131nak direklerinde\u00a0 yer alan ve 1995\u2019de G\u00f6beklitepeyle a\u00e7\u0131\u011fa \u00e7\u0131kan H\u0131z\u0131r Lale\u00a0 ad\u0131yla tanr\u0131 varl\u0131k \u00e7ifti, yedi\u00a0 tanr\u0131,yedi kat g\u00f6k ve yedi kat yer, 12 bur\u00e7, da\u011f tanr\u0131lar\u0131, on yedi kemerbest, Ko-mulkaya, Kalemkaya, y\u00fcr\u00fcyen Tekke Kaya (DUKU)\u00a0 ve \u201cOn d\u00f6rt Masum-u Pak\u0131\u201d simgeleyen yedi kademeli iki s\u00fctunu yerle\u015ftirdim.<\/p>\n<p style=\"text-align: left;\">Ta\u00e7 Kap\u0131 \u00fcst\u00fcnde her iki s\u00fctunu ba\u011flayan \u00a0portale Hatti G\u00fcne\u015f Kursundan uyarlad\u0131\u011f\u0131m Hazzi Bekta\u015f Logosunu Ser\u00e7e\u015fme ve &#8220;Sar\u0131 \u00d6k\u00fcz&#8221;\u00fcn ba\u015f\u0131ndaki g\u00fcne\u015f-evren olarak yerle\u015ftirdim. Evrenin d\u00f6n\u00fc\u015f\u00fcn\u00fc , g\u00fcne\u015fin \u00a0da\u011flardan do\u011fu\u015fu ve bat\u0131\u015f\u0131n\u0131 ve tabans\u0131z direkleri kavratan bu kurslar\u0131n \u00fczerinde g\u00fcvercin donunda u\u00e7an (\u00fcst \u00f6l\u00e7ekte kartal \u00a0ve turna donu) H\u00fcnkar Hac\u0131 Bekta\u015f-\u0131 Veli olacakt\u0131.<\/p>\n<p style=\"text-align: left;\">Evrenin derinli\u011fine a\u00e7\u0131lan imgede yap\u0131n\u0131n i\u00e7ine do\u011fru \u00e7ekti\u011fim\u00a0kap\u0131n\u0131n iki yan\u0131na g\u00f6k ku\u015fa\u011f\u0131n\u0131n alt\u0131na Hac\u0131 Bekta\u015f-\u0131 Veli ile Kad\u0131nc\u0131k Ana ve H\u0131z\u0131r Lale\u2019yi yerle\u015ftirdim.<\/p>\n<p style=\"text-align: left;\">Yap\u0131n\u0131n g\u00f6nderinde G\u00fcne\u015fi-K\u0131z\u0131lkayay\u0131 omuzlayan Hamza Baba-Sar\u0131 \u00d6k\u00fcz\u00a0 imgeli 12 semazen,\u00a0 Nevali \u00c7ori -G\u00f6beklitepe ve Hitit Yaz\u0131l\u0131kaya&#8217;daki 12 Tanr\u0131y\u0131\u00a0 sembolize etmektedir.<\/p>\n<p style=\"text-align: left;\">Tanr\u0131 \u00e7iftinin\u00a0 F\u0131rt\u0131na Tanr\u0131s\u0131 i\u015flevlerini Bing\u00f6l Da\u011f\u0131ndan do\u011fan Heftreng Suyu imgeli\u00a0 Mala ve Arunzah\u00a0 adl\u0131 Eng\u00fcr Irmaklar\u0131 olan F\u0131rat-Dicle&#8217;yi kap\u0131n\u0131n \u00fczerinden a\u015fan yedi renkli g\u00f6k ku\u015fa\u011f\u0131yla Dimili Baba ve kollar\u0131ndan akan &#8220;Yedi Su-Yedi Tanr\u0131&#8221; ile ifade ettim. Bunlar\u0131n alt\u0131nda H\u00fcnkar-Kad\u0131nc\u0131k Ana ve \u00f6nlerinde havuzlar olacakt\u0131.B\u00f6ylece insanlar G\u00f6beklitepe ve Hitit tap\u0131naklar\u0131 tarz\u0131nda\u00a0 resim diliyle H\u00fcnkar, Kad\u0131nc\u0131k ve H\u0131z\u0131r Lale&#8217;nin Ser\u00e7e\u015fme san\u0131n\u0131 kavrayacaklard\u0131.<\/p>\n<p style=\"text-align: left;\">Ta\u00e7 kap\u0131n\u0131n \u00fcst\u00fcne\u00a0 \u00fc\u00e7 kozmik\u00a0 halka i\u00e7inde K\u00fcp\u00fc Dolu Kad\u0131nc\u0131k Ana,\u00a0 G\u00f6beklitepe ve semah imgesinde d\u00f6nen\u00a0 katmanl\u0131 evrenin do\u011fu\u015funu-b\u00fcy\u00fck patlamay\u0131 bir b\u00fct\u00fcn olarak\u00a0 ifade eden \u00c7atalh\u00f6y\u00fck&#8217;teki Tanr\u0131 Ana ile Hac\u0131 Bekta\u015f Meydan Evi tavan\u0131n\u0131 i\u00e7eren kubbe\u00a0 motifini\u00a0 yapt\u0131m, alt\u0131na \u201cB\u00fct\u00fcn Evren Semah D\u00f6ner\u201c yaz\u0131s\u0131n\u0131 yazd\u0131rd\u0131m.<\/p>\n<p style=\"text-align: left;\">Ta\u00e7 kap\u0131n\u0131n\u00a0 iki yakas\u0131ndaki cepheleri\u00a0 evrenin do\u011fdu\u011fu\u00a0 Karanl\u0131k Deryadan ayd\u0131nl\u0131\u011fa \u00e7\u0131kan\u00a0 kozmik dalgalar ,\u00a0 tanr\u0131lar yolu imgesinde i\u00e7ten d\u0131\u015fa do\u011fru a\u00e7\u0131lan \u00e7er\u00e7evelerle sard\u0131rd\u0131m.<\/p>\n<p><a href=\"http:\/\/www.yolunezeli.com\/wp-content\/uploads\/2016\/10\/IMG_1075.jpg\"><img loading=\"lazy\" decoding=\"async\" class=\"wp-image-3496 aligncenter\" src=\"http:\/\/www.yolunezeli.com\/wp-content\/uploads\/2016\/10\/IMG_1075.jpg\" alt=\"Dikmen Cephe \" width=\"222\" height=\"296\" srcset=\"https:\/\/www.yolunezeli.com\/wp-content\/uploads\/2016\/10\/IMG_1075.jpg 2448w, https:\/\/www.yolunezeli.com\/wp-content\/uploads\/2016\/10\/IMG_1075-225x300.jpg 225w, https:\/\/www.yolunezeli.com\/wp-content\/uploads\/2016\/10\/IMG_1075-768x1024.jpg 768w\" sizes=\"auto, (max-width: 222px) 100vw, 222px\" \/><\/a><\/p>\n<p style=\"text-align: center;\">D\u00dcNYANIN \u00dcZER\u0130NE DEM\u0130RDEN D\u0130REK \u00a0KONULURKEN<\/p>\n<p><a href=\"http:\/\/www.yolunezeli.com\/wp-content\/uploads\/2016\/10\/IMG_1087.jpg\"><img loading=\"lazy\" decoding=\"async\" class=\"aligncenter wp-image-3562\" src=\"http:\/\/www.yolunezeli.com\/wp-content\/uploads\/2016\/10\/IMG_1087.jpg\" alt=\"img_1087\" width=\"565\" height=\"340\" srcset=\"https:\/\/www.yolunezeli.com\/wp-content\/uploads\/2016\/10\/IMG_1087.jpg 3186w, https:\/\/www.yolunezeli.com\/wp-content\/uploads\/2016\/10\/IMG_1087-300x181.jpg 300w, https:\/\/www.yolunezeli.com\/wp-content\/uploads\/2016\/10\/IMG_1087-768x462.jpg 768w, https:\/\/www.yolunezeli.com\/wp-content\/uploads\/2016\/10\/IMG_1087-1024x616.jpg 1024w\" sizes=\"auto, (max-width: 565px) 100vw, 565px\" \/><\/a><\/p>\n<p style=\"text-align: center;\">HACI BEKTA\u015e VEL\u0130 ANADOLU K\u00dcLT\u00dcR MERKEZ\u0130 \u00d6N CEPHE-ANKARA D\u0130KMEN<\/p>\n<p style=\"text-align: left;\">Dikmen Caddesi y\u00f6n\u00fcne bakan cephedeki kare\u00a0 \u00e7er\u00e7evenin etraf\u0131na H\u00fcnkar\u0131n \u201c<strong>Her ne ararsan kendinde ara Kud\u00fcs&#8217;te, Mekke&#8217;de Ha\u00e7ta de\u011fildir\u201d<\/strong> s\u00f6z\u00fcn\u00fc \u00f6k\u00fcz\u00fcn tarla s\u00fcr\u00fc\u015f\u00fc esprisiyle yazd\u0131rd\u0131m. Bu s\u00f6z, Anadolu halk\u0131na \u00f6z\u00fcn\u00fc ,kimli\u011fini ve tarihini kendinde , Anadolu-Mezopotamya Uygarl\u0131klar\u0131nda ara, ba\u015fka yerde arama \u00a0diyor. Bende okuyup hilkat uykusundan uyans\u0131nlar diye ana yoldan g\u00f6r\u00fclen cepheye yazd\u0131rd\u0131m.Ancak ne yaz\u0131k ki Devlet yurtta\u015flar\u0131na adeta y\u00f6n\u00fcn\u00fc Avrupa&#8217;ya, Mekke&#8217;ye, K\u00fcdus&#8217;e, Orta Asya&#8217;ya \u00e7evir, evreni, Anadolu&#8217;yu ve buradaki binlerce y\u0131ll\u0131k k\u00fclt\u00fcr ve uygarl\u0131k\u00a0 tarihini\u00a0 g\u00f6rme diyen k\u00fclt\u00fcr politikalar\u0131 uyguluyor.Biz ise T\u00fcrkiye halk\u0131n\u0131n Anadolu-Mezopotamya Uygarl\u0131k birikimine dayal\u0131 k\u00f6kl\u00fc tarihi \u00fczerinde ayd\u0131nl\u0131k ve sa\u011flam bir gelecek yaratma arzusuyla hareket ediyoruz.<\/p>\n<p style=\"text-align: left;\">Binan\u0131n cephesini Hazreti H\u0131z\u0131r\u2019\u0131n ak donu,saray\u0131 ve abdesti al\u0131nm\u0131\u015f namaz\u0131 k\u0131l\u0131nm\u0131\u015f &#8220;Hakk ile Hakk H\u00fcnkar&#8221; ger\u00e7e\u011fiyle beyaz renkli cam mozaik kaplatt\u0131m. Teras kat\u0131ndaki Cem Evi\u2019nin \u00e7at\u0131s\u0131n\u0131 S\u00fcmer Tanr\u0131s\u0131 Enlil\u2019in karanl\u0131k deryadan do\u011fan da\u011f\u0131- Zigurat\u0131 imgesinde kare piramit formunda cam kubbe, kubbenin \u00fczerine Pir Sultan\u0131n \u201cD\u00fcnyan\u0131n \u00fczerinde kurulu direk-Yerden g\u00f6\u011fe bir direktir Hak Muhammet Ali \u201d dizelerindeki evrenin axis mundisi\u00a0 olan\u00a0 tanr\u0131n\u0131n dire\u011fi imgesinde ba\u015f\u0131nda 12\u201dli y\u0131ld\u0131z bulunan demirden bir direk diktim. Etraf\u0131na\u00a0 G\u00f6beklitepedeki 12 s\u00fctun, Hatti G\u00fcne\u015f Kursunda ye\u015feren 12 \u0131\u015f\u0131k dal, Hattu\u015fa Yaz\u0131l\u0131kaya&#8217;daki 12 Tanr\u0131, 12 Bur\u00e7,Teslim Ta\u015f\u0131 ve Anadolu ozanlar\u0131, eren ve evliyalar\u0131yla ayd\u0131nlanm\u0131\u015f d\u00fcnya insan\u0131n\u0131 sembolize eden farkl\u0131 renklerden semah halindeki 12 insan\u0131 dire\u011fe sard\u0131rd\u0131m. Dire\u011fin alt\u0131ndan kubbenin u\u00e7lar\u0131na gerdirilen 12 adet zincir ve sa\u00e7ak altlar\u0131na yerle\u015ftirilen aslan ba\u015fl\u0131 \u00e7\u00f6rtenlerle H\u00fcnkar\u0131n ete\u011finden, g\u00f6k deryadan akan varl\u0131k selini sembolize ettim.Cem Evinin i\u00e7ine Anadolu tanr\u0131lar\u0131,aslanl\u0131 taht, \u00c7ifte Z\u00fclfikar ve evreni Fatma Anal\u0131 Has Ocak olacakt\u0131.B\u00f6ylece insanlar Alevili\u011fi salt k\u00fclt yap\u0131lar\u0131na yans\u0131yan form,str\u00fckt\u00fcr ve sembollerle de\u011fil onlara y\u00fcklenen evrene dayal\u0131 k\u00fcltsel ,rit\u00fcelistik ve k\u00fclt\u00fcrel\u00a0 \u00f6\u011fretinin i\u00e7sel d\u00fcnyas\u0131n\u0131 da kavrayacaklard\u0131.Post modern \u00e7a\u011fda ,gelene\u011fin yeniden in\u015faas\u0131\u00a0 i\u00e7in gerekli toplumsal\u00a0 mekanlar\u0131n\u00a0 \u00fcretimine\u00a0 temel referanslar verecek olan bu yap\u0131y\u0131 istedi\u011fim \u015fekilde yapt\u0131rmad\u0131lar.<\/p>\n<p style=\"text-align: left;\">Neolitik d\u00f6nem dahil, S\u00fcmer,Hatti, Hitit ve Hurri D\u00f6nemi Alevi-Bekta\u015fi mitoslar\u0131n\u0131 bir b\u00fct\u00fcn halinde bu yap\u0131ya y\u00fckledim. Bu tasar\u0131mlardan, g\u00fcvercin donunda u\u00e7an H\u00fcnkar ile Velayetnamede bu yurdun o\u011fullar\u0131 ve bek\u00e7ileri ,yani, ger\u00e7ek sahiplerinin anas\u0131 olan Kad\u0131nc\u0131k Ana ile devletin bek\u00e7i olarak g\u00f6rd\u00fc\u011f\u00fc H\u0131z\u0131r Lale evlatlar\u0131\u00a0 yok say\u0131ld\u0131\u011f\u0131ndan yap\u0131lmad\u0131. \u00c7\u00fcnk\u00fc evrene ve tanr\u0131ya a\u015fikar bir ger\u00e7e\u011fi vurguluyorlard\u0131.Yerine Atat\u00fcrk Heykeli konuldu ve b\u00f6ylece Hakk Kap\u0131s\u0131, Hac\u0131 Bekta\u015f Dergah\u0131n\u0131 kapatan M.Kemal\u2019in Kap\u0131s\u0131 oldu.Yap\u0131 Anadolu Alevili\u011fini karartan Alevi-\u0130slamc\u0131 zihniyete sahip bir ekip\u00e7e ele ge\u00e7irilmi\u015fti.Daha sonralar\u0131 \u00a0Cengiz G\u00dcLE\u00c7&#8217;in ba\u015fkanl\u0131\u011f\u0131nda \u00a0 kurulan \u00a0&#8220;Alevi Enstit\u00fcs\u00fc&#8221; belli ama\u00e7larla Vakfa adapte edilip yap\u0131ya yerle\u015ftirildi. Enstit\u00fc, Ertu\u011frul G\u00fcnay,ABD&#8217;de Alevilik gibi \u00f6zel e\u011fitimler al\u0131p, CHP&#8217;den vekil yap\u0131larak Alevi Dosyas\u0131n\u0131 y\u00f6neten <strong>Aykan Erdemir<\/strong>, E\u015fi Tu\u011fba Erdemir ,Vatikan B\u00fcy\u00fckel\u00e7isi ,Devletli Postni\u015fin <strong>Veliyettin Ulusoy<\/strong>&#8216;un da(<strong>!<\/strong>) kat\u0131ld\u0131\u011f\u0131 t\u00f6renle Aykan Erdemir&#8217;in dikkat \u00e7ekti\u011fi\u00a0gibi \u00f6zellikle de &#8220;<strong>Vatikan B\u00fcy\u00fck el\u00e7isinin elleriyle<\/strong>(!)&#8221; a\u00e7\u0131lm\u0131\u015ft\u0131. Alevi Enstit\u00fcs\u00fc&#8217;n\u00fcn Kurucular\u0131ndan Ayhan YAL\u00c7INKAYA&#8217;ya tahmin etti\u011fim ama\u00e7lar\u0131n\u0131 hat\u0131rlatt\u0131\u011f\u0131mda <strong>&#8220;<em>Bizim i\u00e7in<\/em> <em>Alevilik Alevilere b\u0131rak\u0131lmayacak kadar \u00f6nemlidir<\/em><\/strong>&#8221; yan\u0131t\u0131n\u0131 vermi\u015f, b\u00f6ylece Hac\u0131 Bekta\u015f Veli Anadolu K\u00fclt\u00fcr Vakf\u0131&#8217;n\u0131n, dolay\u0131s\u0131yla Alevi faaliyetlerinin bir tak\u0131m i\u00e7 ve d\u0131\u015f \u00e7evrelerin kontrol\u00fcne girdi\u011fi anla\u015f\u0131lm\u0131\u015ft\u0131. Tekke ve Zaviyelerin Seddine y\u00f6nelik Kanunla kapat\u0131lan \u00a0Hac\u0131 Bekta\u015f Veli Dergah\u0131 S\u00fcmerlerden beri Anadolu Alevilerinin Babal\u0131k ve &#8220;Tanr\u0131 Makam\u0131&#8221; idi. Bu nedenle Vatikan&#8217;\u0131n &#8220;Papal\u0131k Makam\u0131&#8221;na rakip olarak\u00a0\u00a0siyasi ve tarihi bir \u00f6neme sahipti(!) ve bilindi\u011fi gibi Cumhuriyetin kurulu\u015funun ard\u0131ndan apar topar kapat\u0131ld\u0131.<\/p>\n<p style=\"text-align: left;\">Hac\u0131 Bekta\u015f-\u0131 Veli Anadolu K\u00fclt\u00fcr Merkezine y\u00fckledi\u011fim kadim sembollerin k\u00f6kleri G\u00f6beklitepe&#8217;ye dek uzan\u0131yordu.\u00a0Hatti G\u00fcne\u015fi ve 12 dilimli Bekta\u015fi Tac\u0131 G\u00f6beklitepe tap\u0131nak formlar\u0131yla benzer bir evreni temay\u0131 i\u00e7eriyordu.<\/p>\n<figure id=\"attachment_3497\" aria-describedby=\"caption-attachment-3497\" style=\"width: 224px\" class=\"wp-caption aligncenter\"><a href=\"http:\/\/www.yolunezeli.com\/wp-content\/uploads\/2016\/10\/imgres.jpg\"><img loading=\"lazy\" decoding=\"async\" class=\"size-full wp-image-3497\" src=\"http:\/\/www.yolunezeli.com\/wp-content\/uploads\/2016\/10\/imgres.jpg\" alt=\"\" width=\"224\" height=\"224\" srcset=\"https:\/\/www.yolunezeli.com\/wp-content\/uploads\/2016\/10\/imgres.jpg 224w, https:\/\/www.yolunezeli.com\/wp-content\/uploads\/2016\/10\/imgres-150x150.jpg 150w\" sizes=\"auto, (max-width: 224px) 100vw, 224px\" \/><\/a><figcaption id=\"caption-attachment-3497\" class=\"wp-caption-text\">Hatti G\u00fcne\u015fi-Bo\u011fa ba\u015f\u0131ndaki Evren<\/figcaption><\/figure>\n<p style=\"text-align: center;\">HATT\u0130 G\u00dcNE\u015e\u0130 \u00a0\u0130.\u00d6 2100<\/p>\n<figure id=\"attachment_3499\" aria-describedby=\"caption-attachment-3499\" style=\"width: 217px\" class=\"wp-caption aligncenter\"><a href=\"http:\/\/www.yolunezeli.com\/wp-content\/uploads\/2016\/10\/IMG_2261.jpg\"><img loading=\"lazy\" decoding=\"async\" class=\" wp-image-3499\" src=\"http:\/\/www.yolunezeli.com\/wp-content\/uploads\/2016\/10\/IMG_2261.jpg\" alt=\"\" width=\"217\" height=\"196\" srcset=\"https:\/\/www.yolunezeli.com\/wp-content\/uploads\/2016\/10\/IMG_2261.jpg 1358w, https:\/\/www.yolunezeli.com\/wp-content\/uploads\/2016\/10\/IMG_2261-300x271.jpg 300w, https:\/\/www.yolunezeli.com\/wp-content\/uploads\/2016\/10\/IMG_2261-768x694.jpg 768w, https:\/\/www.yolunezeli.com\/wp-content\/uploads\/2016\/10\/IMG_2261-1024x925.jpg 1024w\" sizes=\"auto, (max-width: 217px) 100vw, 217px\" \/><\/a><figcaption id=\"caption-attachment-3499\" class=\"wp-caption-text\">H\u00fcseyni Ta\u00e7<\/figcaption><\/figure>\n<p style=\"text-align: center;\">H\u00dcSEYN\u0130 TA\u00c7-Hatti G\u00fcne\u015fi<\/p>\n<p style=\"text-align: center;\">\u015eANLIURFA G\u00d6BEKL\u0130TEPE ANADOLU ALEV\u0130L\u0130\u011e\u0130N\u0130N<\/p>\n<p style=\"text-align: center;\">12.000 YILLIK K\u00dcLT\u00dcR VE UYGARLIK TAR\u0130H\u0130N\u0130N SOMUT BELGES\u0130<\/p>\n<p style=\"text-align: center;\">&#8220;<em>Ond\u00f6rt bin y\u0131l gezdim pervanelikte, S\u0131tk\u0131 ismin duydum divanelikte<\/em><\/p>\n<p style=\"text-align: center;\"><em>K\u0131rklar\u0131n Ceminde Dara d\u00fc\u015f oldum ,Haydar Dost ,Dara d\u00fc\u015f oldun&#8221;<\/em><\/p>\n<p style=\"text-align: left;\">Dizeleri bu ger\u00e7e\u011fi anlat\u0131yordu. G\u00f6beklitepe bilinenin aksine ,kadim uygarl\u0131k merkezinin g\u00fcney Mezopotamya de\u011fil, Anadolu oldu\u011funu ortaya koymu\u015ftur.<\/p>\n<p><a href=\"http:\/\/www.yolunezeli.com\/wp-content\/uploads\/2016\/10\/artist-impression-of-construction-of-temples-at-gc3b6bekli-tepe.jpg\"><img loading=\"lazy\" decoding=\"async\" class=\"aligncenter wp-image-3502\" src=\"http:\/\/www.yolunezeli.com\/wp-content\/uploads\/2016\/10\/artist-impression-of-construction-of-temples-at-gc3b6bekli-tepe.jpg\" alt=\"\" width=\"523\" height=\"356\" srcset=\"https:\/\/www.yolunezeli.com\/wp-content\/uploads\/2016\/10\/artist-impression-of-construction-of-temples-at-gc3b6bekli-tepe.jpg 890w, https:\/\/www.yolunezeli.com\/wp-content\/uploads\/2016\/10\/artist-impression-of-construction-of-temples-at-gc3b6bekli-tepe-300x204.jpg 300w, https:\/\/www.yolunezeli.com\/wp-content\/uploads\/2016\/10\/artist-impression-of-construction-of-temples-at-gc3b6bekli-tepe-768x523.jpg 768w\" sizes=\"auto, (max-width: 523px) 100vw, 523px\" \/><\/a><\/p>\n<p style=\"text-align: center;\">Resim National Geographic&#8217;ten<\/p>\n<p style=\"text-align: center;\">HATT\u0130 G\u00dcNE\u015e\u0130 FORMUNDA G\u00d6BEKL\u0130TEPE<\/p>\n<p style=\"text-align: center;\">G\u00d6BEKL\u0130TEPE MATER K\u0130BELE -K\u00dcP\u00dc DOLU KADINCIK ANA -D\u0130LMUN BAH\u00c7ES\u0130, TAPINAKLAR\u00a0 HAYAT A\u011eACI<\/p>\n<p style=\"text-align: center;\">TAPINAKLARIN MERKEZ\u0130NDEK\u0130 S\u00dcTUNLAR (\u0130STANU-ESTAN-AS\u0130TANE)\u00a0 ; \u0130nsan olarak LU-LU -DIMIL\u0130<\/p>\n<p style=\"text-align: center;\">\u00a0 \u00a0 \u00a0 \u00a0 \u00a0 \u00a0 \u00a0 \u00a0 \u00a0 \u00a0 \u00a0 \u00a0 \u00a0EVREN\u0130 HALK\u00a0 NAM.DUMU LU.ULU.LU (insan ve varl\u0131k alemi)<\/p>\n<p style=\"text-align: center;\">(Resim \u0130lker Taner Uzun)<\/p>\n<p><a href=\"http:\/\/www.yolunezeli.com\/wp-content\/uploads\/2016\/10\/G\u00f6beklitepe4-1024x445.jpg\"><img loading=\"lazy\" decoding=\"async\" class=\"aligncenter wp-image-3621\" src=\"http:\/\/www.yolunezeli.com\/wp-content\/uploads\/2016\/10\/G\u00f6beklitepe4-1024x445.jpg\" alt=\"\" width=\"548\" height=\"238\" srcset=\"https:\/\/www.yolunezeli.com\/wp-content\/uploads\/2016\/10\/G\u00f6beklitepe4-1024x445.jpg 1024w, https:\/\/www.yolunezeli.com\/wp-content\/uploads\/2016\/10\/G\u00f6beklitepe4-1024x445-300x130.jpg 300w, https:\/\/www.yolunezeli.com\/wp-content\/uploads\/2016\/10\/G\u00f6beklitepe4-1024x445-768x334.jpg 768w\" sizes=\"auto, (max-width: 548px) 100vw, 548px\" \/><\/a><\/p>\n<p style=\"text-align: center;\">\u00a0G\u00f6beklitepe yukar\u0131daki Alevi Ziyaretinin alt\u0131nda yat\u0131yordu,<\/p>\n<p style=\"text-align: center;\">\u00a012000 y\u0131ll\u0131k\u00a0 k\u00fclt\u00fcrel ekin, \u00fczerindeki\u00a0dilek a\u011fac\u0131yla ye\u015fermi\u015fti,<\/p>\n<p style=\"text-align: center;\">Dilek A\u011fac\u0131 motifi S\u00fcmerlerden beri bilinen Hayat A\u011fac\u0131 motifi idi.<\/p>\n<p style=\"text-align: center;\">\u00a0<strong>A\u015fa\u011f\u0131daki resim<\/strong><\/p>\n<p style=\"text-align: center;\"><em>\u00a0<strong>Pir Sultan Abdal Hatti G\u00fcne\u015fi ve G\u00f6beklitepe<\/strong><\/em><\/p>\n<p style=\"text-align: center;\"><em><strong>\u00a0Proje Kemal SOYER-Heykel Cahit KO\u00c7\u00c7OBAN<\/strong><\/em><\/p>\n<p style=\"text-align: center;\">\u00a01980-1993 Sivas Banaz K\u00f6y\u00fc<\/p>\n<figure id=\"attachment_3638\" aria-describedby=\"caption-attachment-3638\" style=\"width: 503px\" class=\"wp-caption aligncenter\"><a href=\"http:\/\/www.yolunezeli.com\/wp-content\/uploads\/2016\/10\/IMG_1124.jpg\"><img loading=\"lazy\" decoding=\"async\" class=\" wp-image-3638\" src=\"http:\/\/www.yolunezeli.com\/wp-content\/uploads\/2016\/10\/IMG_1124.jpg\" alt=\"\" width=\"503\" height=\"323\" srcset=\"https:\/\/www.yolunezeli.com\/wp-content\/uploads\/2016\/10\/IMG_1124.jpg 3201w, https:\/\/www.yolunezeli.com\/wp-content\/uploads\/2016\/10\/IMG_1124-300x193.jpg 300w, https:\/\/www.yolunezeli.com\/wp-content\/uploads\/2016\/10\/IMG_1124-768x494.jpg 768w, https:\/\/www.yolunezeli.com\/wp-content\/uploads\/2016\/10\/IMG_1124-1024x658.jpg 1024w\" sizes=\"auto, (max-width: 503px) 100vw, 503px\" \/><\/a><figcaption id=\"caption-attachment-3638\" class=\"wp-caption-text\">Pir Sultan<\/figcaption><\/figure>\n<p style=\"text-align: center;\"><strong>\u00a0Pir Sultan Abdal canlara \u00a0\u015f\u00f6yle tembih etmi\u015fti :<\/strong><\/p>\n<p style=\"text-align: center;\"><strong>&#8220;<em>Adem eker yery\u00fcz\u00fcne ekini<\/em>.<\/strong><\/p>\n<p style=\"text-align: center;\"><strong> <em>Ekin saklar yer alt\u0131nda k\u00f6k\u00fcn\u00fc<\/em>. <\/strong><\/p>\n<p style=\"text-align: center;\"><strong><em>Ay\u0131kla g\u00f6r karas\u0131n\u0131 ak\u0131n\u0131. <\/em><\/strong><\/p>\n<p style=\"text-align: center;\"><em><strong>S\u00f6yle can\u0131m s\u00f6yle dinlesin canlar<\/strong>&#8220;. <\/em><\/p>\n<p style=\"text-align: center;\">Biz de<em><strong>\u00a0<\/strong><\/em>ay\u0131klad\u0131k karas\u0131n\u0131 ,geriye Pir Sultanla Ak H\u0131z\u0131r&#8217;\u0131n Dar\u0131 ,Divan\u0131\u00a0kald\u0131<\/p>\n<p><a href=\"http:\/\/www.yolunezeli.com\/wp-content\/uploads\/2016\/10\/011.jpg\"><img loading=\"lazy\" decoding=\"async\" class=\"aligncenter wp-image-3622\" src=\"http:\/\/www.yolunezeli.com\/wp-content\/uploads\/2016\/10\/011.jpg\" alt=\"\" width=\"533\" height=\"300\" srcset=\"https:\/\/www.yolunezeli.com\/wp-content\/uploads\/2016\/10\/011.jpg 750w, https:\/\/www.yolunezeli.com\/wp-content\/uploads\/2016\/10\/011-300x169.jpg 300w\" sizes=\"auto, (max-width: 533px) 100vw, 533px\" \/><\/a><\/p>\n<p style=\"text-align: center;\">G\u00f6beklitepe Anadolu&#8217;da varl\u0131\u011f\u0131 bilinen binlerce H\u0131z\u0131r Ziyaretlerinin ayn\u0131s\u0131<\/p>\n<p style=\"text-align: center;\">Boz Atl\u0131 \u00a0H\u0131z\u0131r&#8217;\u0131n At\u0131n\u0131n Nal\u0131<\/p>\n<p><a href=\"http:\/\/www.yolunezeli.com\/wp-content\/uploads\/2016\/10\/Ziyaret.jpg\"><img loading=\"lazy\" decoding=\"async\" class=\"aligncenter wp-image-3661\" src=\"http:\/\/www.yolunezeli.com\/wp-content\/uploads\/2016\/10\/Ziyaret.jpg\" alt=\"\" width=\"500\" height=\"333\" srcset=\"https:\/\/www.yolunezeli.com\/wp-content\/uploads\/2016\/10\/Ziyaret.jpg 1013w, https:\/\/www.yolunezeli.com\/wp-content\/uploads\/2016\/10\/Ziyaret-300x200.jpg 300w, https:\/\/www.yolunezeli.com\/wp-content\/uploads\/2016\/10\/Ziyaret-768x513.jpg 768w\" sizes=\"auto, (max-width: 500px) 100vw, 500px\" \/><\/a><\/p>\n<p style=\"text-align: center;\">Kemal SOYER&#8217;in K\u00f6y\u00fc (Hazzi Kantaru Sol Kondur-\u0130skender-G\u00f6beklitepe)<\/p>\n<p style=\"text-align: center;\">\u00a0Tanr\u0131 Te\u015fup&#8217;un Kuntaras\u0131-Lalapaduva Da\u011f\u0131 ve\u00a0Tanr\u0131n\u0131n Has Kantar\u0131<\/p>\n<p style=\"text-align: left;\"><strong>G\u00f6beklitepe Lol diliyle ; Ko-e Heza,Ko-e Harsiye, Harsiya Lola(Hursag) denilen Tanr\u0131 Da\u011f\u0131, Horasan Postu,Varolu\u015fun varl\u0131k diliyle anlat\u0131m\u0131, K\u00fcp\u00fc Dolu Kad\u0131nc\u0131k Ana (Hepat), Anadolu,Ana Lola,Ayni Ana,Ayin-i Sema-Cem,Evreni semah,G\u00fcne\u015f Baba-Ana, Hatti G\u00fcne\u015fi ve Y\u00fcr\u00fcyen Tekke Kaya (DUKU) mitoslar\u0131n\u0131n evreni kayna\u011f\u0131 ve ilk Asitane \u00d6rne\u011fi: <\/strong>Bu evreni eser, Dicle F\u0131rat otokton halklar\u0131\u00a0Lulu-D\u0131m\u0131lilerin, H\u0131z\u0131r&#8217;\u0131n Halk\u0131 olan \u00a0Alevi\u00a0ve Ezidilerin evreni anlatan ezeli k\u00fclt merkezi. G\u00f6beklitepe, Hatti G\u00fcne\u015fi \u00a0ve \u0130dol Ana aras\u0131nda 7000 y\u0131ll\u0131k zaman fark\u0131 var.Peki binlerce y\u0131ll\u0131k s\u00fcre\u00e7lerde bu formlar neden de\u011fi\u015fmiyor?. Cevab\u0131 basit.\u00a0\u00c7\u00fcnk\u00fc, as\u0131llar\u0131 g\u00f6k kubbede. Ba\u015f\u0131m\u0131za ta\u00e7 etti\u011fimiz G\u00f6k Ana ile G\u00fcne\u015f Baba ezeli ,Alevi deyi\u015fiyle &#8220;Ezel ahir d\u00fcnya yine bu idi&#8221;. Bu nedenle Ezel Ali, Ahir Ali diyoruz.\u00a0Ayin-i Cem ve Semah g\u00fcn\u00fcm\u00fczdeki gibi evreni aynadan izleniyordu.<\/p>\n<p style=\"text-align: left;\">Ankara&#8217;daki bir Sempozyumda GAP. b\u00f6lgesinde \u00e7ok de\u011ferli \u00e7al\u0131\u015fmalar yapan Alman Arkeoloji Enstit\u00fcs\u00fc M\u00fcd\u00fcr\u00fc Harald Hauptman&#8217;la Nevali \u00c7ori Tap\u0131na\u011f\u0131n\u0131n \u00a0mimari de\u011ferlendirmesini yapm\u0131\u015f, ona bu plan ve ibadet gelene\u011finin Anadolu Alevili\u011finde ya\u015fad\u0131\u011f\u0131n\u0131 belirtmi\u015ftim. 1994 de Hauptman bana G\u00f6beklitepenin magnetik rezonansla elde edilen ilk g\u00f6r\u00fcnt\u00fclerini anlatm\u0131\u015ft\u0131. Kaz\u0131lar\u0131n ilk y\u0131l\u0131nda da G\u00f6beklitepe&#8217;yi kazan Klaus Schmidt&#8217;le kaz\u0131 alan\u0131nda inceleme ve g\u00f6zlemler yapt\u0131m.2003&#8217;de Bakanl\u0131ktan bir gurupla G\u00f6beklitepe&#8217;ye gittim. Schmidt&#8217;e G\u00f6beklitepedeki dilek a\u011fa\u00e7l\u0131 Alevi ziyaretinin Neolitik \u00a0k\u00fclt\u00fcn g\u00fcn\u00fcm\u00fcze yans\u0131yan binlerce y\u0131ll\u0131k \u00a0\u00f6z\u00fc oldu\u011funu, aslanl\u0131 paye ile \u00a0bo\u011fa,tilki ve turna r\u00f6lyefleri bulunan Tanr\u0131n\u0131n Dire\u011fi (GA-LU-EN-G\u0130\/H\u0131z\u0131r Kal Enki) \u00fczerinden G\u00f6beklitepenin Alevicesini anlatarak, F\u0131rt\u0131na Tanr\u0131s\u0131 K\u00fclt\u00fc ile buradaki \u00a0direkli tap\u0131nak sisteminin Alevi Cemevleri, Anadolu konutlar\u0131 ve Ziyaret yap\u0131lan Babada\u011f, Bing\u00f6l Da\u011f\u0131, Hazar Baba ve D\u00fczg\u00fcn Baba gibi da\u011flarda ya\u015fad\u0131\u011f\u0131n\u0131 belirttim. Olay\u0131n tan\u0131klar\u0131 ya\u015f\u0131yor.Ve yabanc\u0131 bilim adamlar\u0131n\u0131n \u00e7o\u011fu tespitlerimizin do\u011fru oldu\u011funu biliyor. 1999 da D\u00fcnya Mimarl\u0131k Kongresine kat\u0131ld\u0131\u011f\u0131m Pekin&#8217;de K\u00fcp\u00fc Dolu Kad\u0131nc\u0131 Ana (Matara) ile G\u00f6beklitepeyi Tanr\u0131 Evi -Evren olarak &#8220;K\u00fclt\u00fcrlerin Belle\u011fi Anadolu Afi\u015fiyle&#8221; anlatt\u0131m. Alevi Cem Evi ve konut mimarisinin \u00c7atalh\u00f6y\u00fck, Nevali \u00c7ori ve G\u00f6beklitepe tap\u0131naklar\u0131na uzanan ilahi bir yap\u0131 gelene\u011fi oldu\u011funu belirttim. D\u00fcnya mimarlar\u0131 ilk kez 12 bin y\u0131ll\u0131k yap\u0131larla tan\u0131\u015ft\u0131. T\u00fcrkiye ilk kez D\u00fcnya Mimarl\u0131k kongresinin\u00a0 \u00fclkemizde yap\u0131lmas\u0131 se\u00e7imini kazand\u0131 ve 2005 y\u0131l\u0131nda 7000 Mimar Anadoluyu gezdi, \u00fclkelerinde tan\u0131tt\u0131.<\/p>\n<p style=\"text-align: center;\">Seyrani;<\/p>\n<p style=\"text-align: center;\"><em>Kudreti Hallaka ibretle bakt\u0131m, G\u00f6rd\u00fcm her bir varl\u0131k bir \u015fan i\u00e7inde,<\/em><\/p>\n<p style=\"text-align: center;\"><em>Uyan\u0131p \u00e7akma\u011f\u0131m \u00e7era\u011f\u0131m yakt\u0131m,<\/em><em>V\u00fccudum bir buldum cihan i\u00e7inde<\/em><\/p>\n<p style=\"text-align: center;\">&#8220;<em>Kandil as\u0131l\u0131rken ar\u015f\u0131 rahmanda ,B\u00fclb\u00fcl olup gonca g\u00fcl\u00fcnde idim<\/em>&#8221; diyor.<\/p>\n<p style=\"text-align: center;\">\u00a0G\u00d6BEKL\u0130TEPE VE NEVAL\u0130 \u00c7OR\u0130 TAPINAKLARI<\/p>\n<p style=\"text-align: center;\">\u00a0ANADOLU CEM EVLER\u0130YLE YA\u015eAMAYA DEVAM ED\u0130YOR.<\/p>\n<figure id=\"attachment_3503\" aria-describedby=\"caption-attachment-3503\" style=\"width: 3196px\" class=\"wp-caption aligncenter\"><a href=\"http:\/\/www.yolunezeli.com\/wp-content\/uploads\/2016\/10\/IMG_0260.jpg\"><img loading=\"lazy\" decoding=\"async\" class=\"size-full wp-image-3503\" src=\"http:\/\/www.yolunezeli.com\/wp-content\/uploads\/2016\/10\/IMG_0260.jpg\" alt=\"\" width=\"3196\" height=\"2177\" srcset=\"https:\/\/www.yolunezeli.com\/wp-content\/uploads\/2016\/10\/IMG_0260.jpg 3196w, https:\/\/www.yolunezeli.com\/wp-content\/uploads\/2016\/10\/IMG_0260-300x204.jpg 300w, https:\/\/www.yolunezeli.com\/wp-content\/uploads\/2016\/10\/IMG_0260-768x523.jpg 768w, https:\/\/www.yolunezeli.com\/wp-content\/uploads\/2016\/10\/IMG_0260-1024x698.jpg 1024w\" sizes=\"auto, (max-width: 3196px) 100vw, 3196px\" \/><\/a><figcaption id=\"caption-attachment-3503\" class=\"wp-caption-text\">Zile Cem Evi<\/figcaption><\/figure>\n<p style=\"text-align: center;\">TOKAT Z\u0130LE ACISU K\u00d6Y\u00dc CEMEV\u0130 -1995<\/p>\n<p style=\"text-align: left;\">Yap\u0131n\u0131n merkezi ve \u00e7evresinde\u00a0 (T) ba\u015fl\u0131 direkler\u00a0 ve aralar\u0131nda G\u00f6beklitepedeki gibi uzaya a\u00e7\u0131lan pencere-kozmosun merkezi var.1995 y\u0131l\u0131nda r\u00f6l\u00f6vesini \u00e7\u0131kartt\u0131\u011f\u0131m bu yap\u0131, K\u00fclt\u00fcr Bakanl\u0131\u011f\u0131nca 1998 y\u0131l\u0131nda yap\u0131lan Mimar Sinan Sergisinde Anadolu \u00a0Mimarisinin temel \u00f6rnekleri aras\u0131nda sergilendi.Bu yap\u0131lar\u00a0 toprak \u00f6rt\u00fcl\u00fc kubbeleriyle birer G\u00f6beklitepe ile Nevali \u00c7ori Tap\u0131na\u011f\u0131d\u0131r.Ac\u0131s\u0131 Cem Evi direkleri ba\u015fl\u0131klar\u0131ndaki semboller ve g\u00f6vdelerine as\u0131l\u0131 bo\u011fa ve geyik ba\u015flar\u0131yla Pir Sultan&#8217;\u0131n &#8220;yerden g\u00f6\u011fe bir direktir,Hakk Muhammet Ali&#8221;dizeleriyle fa\u015f edilen evreni , tanr\u0131lar\u0131\u00a0 ve bur\u00e7lar\u0131 sembolize etmektedir. Bu konu detaylar\u0131yla ileride yay\u0131nlanacak kitapta yer alacakt\u0131r.<\/p>\n<p style=\"text-align: left;\">Varto \u0130skender&#8217;de do\u011fdu\u011fum ev, Ac\u0131s\u0131 K\u00f6yu Cem Evi -Nevali \u00c7ori ve G\u00f6beklitepe gibiydi. 1966 Varto \u00a0depremiyle y\u0131k\u0131ld\u0131. Yeni evimin balkon tavanlar\u0131n\u0131 eski evin tavanlar\u0131 gibi yapt\u0131m. Yukar\u0131daki yap\u0131y\u0131 1995\u2018de tespit ettim. K\u00f6ye gitti\u011fimde y\u0131k\u0131yorlard\u0131. 200 y\u0131ll\u0131k bir Cem Evi, Bakanl\u0131k\u00e7a tescil edece\u011fim diye uyard\u0131m.Sa\u011f olsunlar bir tanesini restore etmi\u015fler. \u0130\u00e7indeki direk sistemi, direklere as\u0131l\u0131 bo\u011fa ve geyik ba\u015flar\u0131 ve\u00a0 k\u00f6k boyalarla yap\u0131lm\u0131\u015f varl\u0131k bezemeleri \u00c7atalh\u00f6y\u00fck,\u00a0 Nevali \u00c7ori ve G\u00f6beklitepeyle ayn\u0131 k\u00fcltsel imgeleri ta\u015f\u0131yor.. A\u015fa\u011f\u0131daki resimler \u00a0Nevali \u00c7ori Tap\u0131na\u011f\u0131&#8217;na ait.<\/p>\n<p><a href=\"http:\/\/www.yolunezeli.com\/wp-content\/uploads\/2012\/12\/nevali-cori_tapinagi.jpg\"><img loading=\"lazy\" decoding=\"async\" class=\"aligncenter size-full wp-image-194\" src=\"http:\/\/www.yolunezeli.com\/wp-content\/uploads\/2012\/12\/nevali-cori_tapinagi.jpg\" alt=\"\" width=\"934\" height=\"640\" srcset=\"https:\/\/www.yolunezeli.com\/wp-content\/uploads\/2012\/12\/nevali-cori_tapinagi.jpg 934w, https:\/\/www.yolunezeli.com\/wp-content\/uploads\/2012\/12\/nevali-cori_tapinagi-300x205.jpg 300w\" sizes=\"auto, (max-width: 934px) 100vw, 934px\" \/><\/a><\/p>\n<p style=\"text-align: center;\">NEVAL\u0130 \u00c7OR\u0130 TAPINA\u011eI -\u0130.\u00d6 7-9 B\u0130N ARASI-Y\u00fczy\u00fcze oturma d\u00fczeni<\/p>\n<figure id=\"attachment_3504\" aria-describedby=\"caption-attachment-3504\" style=\"width: 1944px\" class=\"wp-caption aligncenter\"><a href=\"http:\/\/www.yolunezeli.com\/wp-content\/uploads\/2016\/10\/SDC10466.jpg\"><img loading=\"lazy\" decoding=\"async\" class=\"size-full wp-image-3504\" src=\"http:\/\/www.yolunezeli.com\/wp-content\/uploads\/2016\/10\/SDC10466.jpg\" alt=\"\" width=\"1944\" height=\"2592\" srcset=\"https:\/\/www.yolunezeli.com\/wp-content\/uploads\/2016\/10\/SDC10466.jpg 1944w, https:\/\/www.yolunezeli.com\/wp-content\/uploads\/2016\/10\/SDC10466-225x300.jpg 225w, https:\/\/www.yolunezeli.com\/wp-content\/uploads\/2016\/10\/SDC10466-768x1024.jpg 768w\" sizes=\"auto, (max-width: 1944px) 100vw, 1944px\" \/><\/a><figcaption id=\"caption-attachment-3504\" class=\"wp-caption-text\">ACISU<\/figcaption><\/figure>\n<p style=\"text-align: center;\">TOKAT Z\u0130LE ACISU K\u00d6Y\u00dc CEM EV\u0130<\/p>\n<p><a href=\"http:\/\/www.yolunezeli.com\/wp-content\/uploads\/2012\/12\/g\u00f6beklitepe_pirsultan_tapinak_direkleri.jpg\"><img loading=\"lazy\" decoding=\"async\" class=\"aligncenter size-full wp-image-192\" src=\"http:\/\/www.yolunezeli.com\/wp-content\/uploads\/2012\/12\/g\u00f6beklitepe_pirsultan_tapinak_direkleri.jpg\" alt=\"\" width=\"555\" height=\"582\" srcset=\"https:\/\/www.yolunezeli.com\/wp-content\/uploads\/2012\/12\/g\u00f6beklitepe_pirsultan_tapinak_direkleri.jpg 555w, https:\/\/www.yolunezeli.com\/wp-content\/uploads\/2012\/12\/g\u00f6beklitepe_pirsultan_tapinak_direkleri-286x300.jpg 286w\" sizes=\"auto, (max-width: 555px) 100vw, 555px\" \/><\/a><\/p>\n<p style=\"text-align: center;\">\u00a0 \u00a0G\u00f6beklitepe Dire\u011fi-Dersim Pir Sultan Evi&#8217;nin bo\u011fa ba\u015fl\u0131 dire\u011fi<\/p>\n<p style=\"text-align: justify;\">\u00a0 \u00a0 \u00a0 \u00a0 \u00a0 \u00a0 \u00a0 \u00a0 \u00a0 \u00a0 \u00a0 \u00a0 \u00a0 \u00a0 \u00a0 \u00a0 \u00a0 \u00a0 \u00a0 \u00a0 \u00a0 \u00a0 \u00a0 \u00a0 \u00a0 \u00a0 \u00a0 \u00a0 \u00a0 \u00a0 \u00a0 \u00a0\u00a0<a href=\"http:\/\/www.yolunezeli.com\/wp-content\/uploads\/2016\/10\/G\u00f6bek.jpg\"><img loading=\"lazy\" decoding=\"async\" class=\"wp-image-3672 aligncenter\" src=\"http:\/\/www.yolunezeli.com\/wp-content\/uploads\/2016\/10\/G\u00f6bek.jpg\" alt=\"gobek\" width=\"180\" height=\"368\" srcset=\"https:\/\/www.yolunezeli.com\/wp-content\/uploads\/2016\/10\/G\u00f6bek.jpg 335w, https:\/\/www.yolunezeli.com\/wp-content\/uploads\/2016\/10\/G\u00f6bek-147x300.jpg 147w\" sizes=\"auto, (max-width: 180px) 100vw, 180px\" \/><\/a><\/p>\n<p style=\"text-align: center;\">Belinde H formlu g\u00f6k-yer\u00a0 ve tanr\u0131 logogramlar\u0131yla\u00a0 Tekke Kaya y\u00fcr\u00fcten, \u0131rmak ak\u0131tan tanr\u0131- direk\u00a0 \u0130.\u00d6.9500-10.000 G\u00f6beklitepe<\/p>\n<p><a href=\"http:\/\/www.yolunezeli.com\/wp-content\/uploads\/2016\/10\/39975971_900327536842844_2984986125937934336_n.jpg\"><img loading=\"lazy\" decoding=\"async\" class=\"wp-image-6238 aligncenter\" src=\"http:\/\/www.yolunezeli.com\/wp-content\/uploads\/2016\/10\/39975971_900327536842844_2984986125937934336_n.jpg\" alt=\"\" width=\"432\" height=\"576\" srcset=\"https:\/\/www.yolunezeli.com\/wp-content\/uploads\/2016\/10\/39975971_900327536842844_2984986125937934336_n.jpg 720w, https:\/\/www.yolunezeli.com\/wp-content\/uploads\/2016\/10\/39975971_900327536842844_2984986125937934336_n-225x300.jpg 225w\" sizes=\"auto, (max-width: 432px) 100vw, 432px\" \/><\/a><\/p>\n<p style=\"text-align: center;\">G\u00f6beklitepe\u00a0 Anadolu&#8217;da -Alevi Bekta\u015fi Mimarisinde ,DA\u011f ziyaretlerinde ve rit\u00fcellerde ya\u015famaya devam ediyor.(Bu tespitler \u015fahs\u0131ma aittir.\u0130zinsiz kullan\u0131lamazlar)<\/p>\n<p style=\"text-align: justify;\"><a href=\"http:\/\/www.yolunezeli.com\/wp-content\/uploads\/2016\/10\/SDC13371.jpg\"><img loading=\"lazy\" decoding=\"async\" class=\"wp-image-3505 aligncenter\" src=\"http:\/\/www.yolunezeli.com\/wp-content\/uploads\/2016\/10\/SDC13371.jpg\" alt=\"sdc13371\" width=\"252\" height=\"336\" srcset=\"https:\/\/www.yolunezeli.com\/wp-content\/uploads\/2016\/10\/SDC13371.jpg 2304w, https:\/\/www.yolunezeli.com\/wp-content\/uploads\/2016\/10\/SDC13371-225x300.jpg 225w, https:\/\/www.yolunezeli.com\/wp-content\/uploads\/2016\/10\/SDC13371-768x1024.jpg 768w\" sizes=\"auto, (max-width: 252px) 100vw, 252px\" \/><\/a><\/p>\n<p style=\"text-align: center;\">Varto G\u00f6lyayla K\u00f6y\u00fc Cem Evi dire\u011fi.G\u00f6beklitepenin iz d\u00fc\u015f\u00fcm\u00fc.<\/p>\n<p style=\"text-align: center;\">G\u00d6BEKL\u0130TEPE&#8217;den VARLI\u011eI B\u0130L\u0130NEN D\u00d6RT D\u0130REKL\u0130 TAPINAK\u00a0 PLANI G\u00dcNCEL MEKAN D\u00dcZENLEMELER\u0130 E\u015eL\u0130\u011e\u0130NDE VARTO G\u00d6LYAYLA(QUZIK) CEM EV\u0130NDE UYGULANMI\u015eTIR<\/p>\n<p style=\"text-align: center;\">PROJE KEMAL SOYER-2012<\/p>\n<figure id=\"attachment_3506\" aria-describedby=\"caption-attachment-3506\" style=\"width: 2759px\" class=\"wp-caption aligncenter\"><a href=\"http:\/\/www.yolunezeli.com\/wp-content\/uploads\/2016\/10\/SDC13095.jpg\"><img loading=\"lazy\" decoding=\"async\" class=\"size-full wp-image-3506\" src=\"http:\/\/www.yolunezeli.com\/wp-content\/uploads\/2016\/10\/SDC13095.jpg\" alt=\"\" width=\"2759\" height=\"2092\" srcset=\"https:\/\/www.yolunezeli.com\/wp-content\/uploads\/2016\/10\/SDC13095.jpg 2759w, https:\/\/www.yolunezeli.com\/wp-content\/uploads\/2016\/10\/SDC13095-300x227.jpg 300w, https:\/\/www.yolunezeli.com\/wp-content\/uploads\/2016\/10\/SDC13095-768x582.jpg 768w, https:\/\/www.yolunezeli.com\/wp-content\/uploads\/2016\/10\/SDC13095-1024x776.jpg 1024w, https:\/\/www.yolunezeli.com\/wp-content\/uploads\/2016\/10\/SDC13095-65x50.jpg 65w\" sizes=\"auto, (max-width: 2759px) 100vw, 2759px\" \/><\/a><figcaption id=\"caption-attachment-3506\" class=\"wp-caption-text\">Plan<\/figcaption><\/figure>\n<p><a href=\"http:\/\/www.yolunezeli.com\/wp-content\/uploads\/2016\/10\/SDC13348.jpg\"><img loading=\"lazy\" decoding=\"async\" class=\"size-full wp-image-3507\" src=\"http:\/\/www.yolunezeli.com\/wp-content\/uploads\/2016\/10\/SDC13348.jpg\" alt=\"\" width=\"3072\" height=\"2304\" srcset=\"https:\/\/www.yolunezeli.com\/wp-content\/uploads\/2016\/10\/SDC13348.jpg 3072w, https:\/\/www.yolunezeli.com\/wp-content\/uploads\/2016\/10\/SDC13348-300x225.jpg 300w, https:\/\/www.yolunezeli.com\/wp-content\/uploads\/2016\/10\/SDC13348-768x576.jpg 768w, https:\/\/www.yolunezeli.com\/wp-content\/uploads\/2016\/10\/SDC13348-1024x768.jpg 1024w, https:\/\/www.yolunezeli.com\/wp-content\/uploads\/2016\/10\/SDC13348-65x50.jpg 65w\" sizes=\"auto, (max-width: 3072px) 100vw, 3072px\" \/><\/a><\/p>\n<p style=\"text-align: center;\">VARTO\u00a0 G\u00d6LYAYLA K\u00d6Y\u00dc CEM EV\u0130 TAVANI \u2013PROJE KEMAL SOYER-Y.M\u0130MAR<\/p>\n<p style=\"text-align: justify;\"><a href=\"http:\/\/www.yolunezeli.com\/wp-content\/uploads\/2016\/10\/IMG_1088.jpg\"><img loading=\"lazy\" decoding=\"async\" class=\"aligncenter wp-image-3590\" src=\"http:\/\/www.yolunezeli.com\/wp-content\/uploads\/2016\/10\/IMG_1088.jpg\" alt=\"img_1088\" width=\"554\" height=\"697\" srcset=\"https:\/\/www.yolunezeli.com\/wp-content\/uploads\/2016\/10\/IMG_1088.jpg 2448w, https:\/\/www.yolunezeli.com\/wp-content\/uploads\/2016\/10\/IMG_1088-238x300.jpg 238w, https:\/\/www.yolunezeli.com\/wp-content\/uploads\/2016\/10\/IMG_1088-768x967.jpg 768w, https:\/\/www.yolunezeli.com\/wp-content\/uploads\/2016\/10\/IMG_1088-813x1024.jpg 813w\" sizes=\"auto, (max-width: 554px) 100vw, 554px\" \/><\/a><\/p>\n<p style=\"text-align: justify;\">Yukar\u0131daki resim 2001 y\u0131l\u0131nda yapt\u0131\u011f\u0131m\u00a0 bir takvimin yapra\u011f\u0131ndan.En \u00fcstte g\u00fcne\u015f sistemi, ortada Sivas Banaz K\u00f6y\u00fc Pir Sultan Evi tavan\u0131, tavana as\u0131l\u0131 kalburlar evreni r\u0131z\u0131k k\u00fcplerinin sembolleri,tavan\u0131n alt\u0131ndaki \u00e7ocuklar Sivas katliam\u0131nda&#8221;Semahta Yananlar&#8221;,en alttaki Antalya Tekke K\u00f6y\u00fc Budala Baba T\u00fcrbesi,\u00d6n\u00fcndeki K\u0131rklar Meydan\u0131 ve evrenle birlikte d\u00f6nen \u00a0Alevi canlar.<\/p>\n","protected":false},"excerpt":{"rendered":"<p>G\u00d6BEKL\u0130TEPE-KADINCI\u011eIN SIR K\u00dcP\u00dc VE B\u0130R YAPININ H\u0130KAYES\u0130 \u00a0 \u00a0 \u00a0 \u00a0 \u00a0 ( Telif hakk\u0131 taraf\u0131ma aittir,\u0130zinsiz al\u0131nt\u0131 yap\u0131lamaz,\u00e7o\u011falt\u0131l\u0131p \u00a0kullan\u0131lamaz, a\u00e7\u0131klanm\u0131\u015f i\u00e7erikler dolayl\u0131 yollardan anlat\u0131larak kitap,makale yap\u0131lamaz, mimari i\u00e7erik \u00fczerinden [&hellip;]<\/p>\n","protected":false},"author":1,"featured_media":3502,"comment_status":"open","ping_status":"open","sticky":false,"template":"","format":"standard","meta":{"_kadence_starter_templates_imported_post":false,"footnotes":""},"categories":[1],"tags":[159,158,215,217,216,220,212,218,214,219,9,213,18],"class_list":["post-3501","post","type-post","status-publish","format-standard","has-post-thumbnail","hentry","category-genel","tag-alevilerin-sirri","tag-alinin-sirri","tag-anadolu-ve","tag-ayini-cem","tag-ayni-ana","tag-dikmen-anadolu-kultur-merkezi","tag-gobeklitepe","tag-gobeklitepenin-sirlari","tag-gunes-baba","tag-haci-bektas-veli-anadolu-kultur-vakfi","tag-hatti-gunesi","tag-kupu-dolu-kadincik-ana","tag-semah"],"_links":{"self":[{"href":"https:\/\/www.yolunezeli.com\/index.php?rest_route=\/wp\/v2\/posts\/3501","targetHints":{"allow":["GET"]}}],"collection":[{"href":"https:\/\/www.yolunezeli.com\/index.php?rest_route=\/wp\/v2\/posts"}],"about":[{"href":"https:\/\/www.yolunezeli.com\/index.php?rest_route=\/wp\/v2\/types\/post"}],"author":[{"embeddable":true,"href":"https:\/\/www.yolunezeli.com\/index.php?rest_route=\/wp\/v2\/users\/1"}],"replies":[{"embeddable":true,"href":"https:\/\/www.yolunezeli.com\/index.php?rest_route=%2Fwp%2Fv2%2Fcomments&post=3501"}],"version-history":[{"count":287,"href":"https:\/\/www.yolunezeli.com\/index.php?rest_route=\/wp\/v2\/posts\/3501\/revisions"}],"predecessor-version":[{"id":8976,"href":"https:\/\/www.yolunezeli.com\/index.php?rest_route=\/wp\/v2\/posts\/3501\/revisions\/8976"}],"wp:featuredmedia":[{"embeddable":true,"href":"https:\/\/www.yolunezeli.com\/index.php?rest_route=\/wp\/v2\/media\/3502"}],"wp:attachment":[{"href":"https:\/\/www.yolunezeli.com\/index.php?rest_route=%2Fwp%2Fv2%2Fmedia&parent=3501"}],"wp:term":[{"taxonomy":"category","embeddable":true,"href":"https:\/\/www.yolunezeli.com\/index.php?rest_route=%2Fwp%2Fv2%2Fcategories&post=3501"},{"taxonomy":"post_tag","embeddable":true,"href":"https:\/\/www.yolunezeli.com\/index.php?rest_route=%2Fwp%2Fv2%2Ftags&post=3501"}],"curies":[{"name":"wp","href":"https:\/\/api.w.org\/{rel}","templated":true}]}}