{"id":3958,"date":"2016-11-16T12:21:47","date_gmt":"2016-11-16T12:21:47","guid":{"rendered":"http:\/\/www.yolunezeli.com\/?p=3958"},"modified":"2019-10-17T19:00:54","modified_gmt":"2019-10-17T19:00:54","slug":"varligin-birligine-cagri","status":"publish","type":"post","link":"https:\/\/www.yolunezeli.com\/?p=3958","title":{"rendered":"VARLI\u011eIN B\u0130RL\u0130\u011e\u0130NE \u00c7A\u011eRI"},"content":{"rendered":"<div id=\"js_6sy\" class=\"_5pbx userContent\" data-ft=\"{&quot;tn&quot;:&quot;K&quot;}\">\n<p style=\"text-align: center;\"><a href=\"http:\/\/www.yolunezeli.com\/wp-content\/uploads\/2016\/11\/Hac\u0131-Bekta\u015f-Veli-K\u0131sa-Hayat\u0131.jpg\"><img loading=\"lazy\" decoding=\"async\" class=\"aligncenter size-full wp-image-3959\" src=\"http:\/\/www.yolunezeli.com\/wp-content\/uploads\/2016\/11\/Hac\u0131-Bekta\u015f-Veli-K\u0131sa-Hayat\u0131.jpg\" alt=\"\" width=\"196\" height=\"257\" \/><\/a><\/p>\n<p style=\"text-align: center;\"><strong>ANADOLU-MEZOPOTAMYA KAD\u0130M HALKLARINA<\/strong><\/p>\n<p style=\"text-align: center;\"><strong>VARLI\u011eIN B\u0130RL\u0130\u011e\u0130NE \u00c7A\u011eRI<\/strong><\/p>\n<\/div>\n<div class=\"_3x-2\">\n<p style=\"text-align: left;\">K\u00dcRESEL \u00dcST AKLIN KULLANDI\u011eI KUD\u00dcS, MEKKE, VAT\u0130KAN MERKEZL\u0130 S\u0130YASET=T\u00dcRK \u0130SLAM=K\u00dcRT \u0130SLAM=ALEV\u0130 \u0130SLAM=T\u00dcRK ALEV\u0130=K\u00dcRT ALEV\u0130= ARAP ALEV\u0130=T\u00dcRK\u00c7\u00dcL\u00dcK- K\u00dcRT\u00c7\u00dcL\u00dcK= IRK\u00c7ILIK = KAOS= B\u00d6L\u00dcNME =VAH\u015e\u0130 KAP\u0130TAL\u0130ZM= \u0130\u015eGAL=\u0130\u00c7 SAVA\u015e=YIKIM=SOYGUN=\u0130NSAN VE DO\u011eA KATL\u0130AMI= GER\u0130C\u0130L\u0130K= \u0130\u015eS\u0130ZL\u0130K= \u00dcRET\u0130MS\u0130ZL\u0130K= YOKSULLUK= U\u015eAKLIK VE B\u00d6L\u00dcNMED\u0130R. SONU\u00c7: ANADOLU VE MEZOPOTAMYA&#8217;NIN (K\u0130.ENGUR ) SORUNSUZ \u0130\u015eGAL\u0130. ONLAR ERECEK MURATLARINA B\u0130Z \u00c7IKACA\u011eIZ KEREVETLER\u0130NE&#8230; ..<\/p>\n<p style=\"text-align: left;\">HALKIMIZ DEVR\u0130M (!) ADI ALTINDA KULLANILAN BU ARG\u00dcMANLARLA GER\u00c7EKTE KEND\u0130 VARLI\u011eINI, B\u0130RL\u0130\u011e\u0130N\u0130 VE D\u0130RL\u0130\u011e\u0130N\u0130 YIKTI\u011eININ FARKINDA MIDIR ?<\/p>\n<p style=\"text-align: left;\"><strong>BUNLARI \u0130STEM\u0130YORSAK \u00c7ARE<\/strong>: \u00a0KAD\u0130MDEN ORTAK ANA VATAN, EVRENSEL K\u00dcLT\u00dcR, E\u015e\u0130T \u0130NSAN HAKLARI,ORTAK EGEMENL\u0130K, ORTAK Y\u00d6NET\u0130M&#8221; \u0130LKELER\u0130YLE \u00a0B\u00dcT\u00dcNLE\u015eME ,K\u00dcRESEL FA\u015e\u0130ZME-EMPERYAL\u0130ZME KAR\u015eI ORTAK AKIL,ORTAK DURU\u015e VE ORTAK \u00a0M\u00dcCADELED\u0130R,<\/p>\n<p style=\"text-align: left;\"><strong>EN B\u00dcY\u00dcK DEVR\u0130M HALKLARIN B\u0130RL\u0130\u011e\u0130 ,\u0130R\u0130L\u0130\u011e\u0130 VE D\u0130R\u0130L\u0130\u011e\u0130N\u0130 SA\u011eLAYACAK K\u00dcLT\u00dcR VE AYDINLANMA DEVR\u0130M\u0130D\u0130R.<\/strong><\/p>\n<p style=\"text-align: left;\"><strong>KARANLI\u011eA I\u015eIK TUTANLARA NE MUTLU<\/strong><\/p>\n<p style=\"text-align: left;\"><strong>B\u0130R OL, \u0130R\u0130 OL, D\u0130R\u0130 OL,<\/strong><\/p>\n<\/div>\n","protected":false},"excerpt":{"rendered":"<p>ANADOLU-MEZOPOTAMYA KAD\u0130M HALKLARINA VARLI\u011eIN B\u0130RL\u0130\u011e\u0130NE \u00c7A\u011eRI K\u00dcRESEL \u00dcST AKLIN KULLANDI\u011eI KUD\u00dcS, MEKKE, VAT\u0130KAN MERKEZL\u0130 S\u0130YASET=T\u00dcRK \u0130SLAM=K\u00dcRT \u0130SLAM=ALEV\u0130 \u0130SLAM=T\u00dcRK ALEV\u0130=K\u00dcRT ALEV\u0130= ARAP ALEV\u0130=T\u00dcRK\u00c7\u00dcL\u00dcK- K\u00dcRT\u00c7\u00dcL\u00dcK= IRK\u00c7ILIK = KAOS= B\u00d6L\u00dcNME =VAH\u015e\u0130 KAP\u0130TAL\u0130ZM= \u0130\u015eGAL=\u0130\u00c7 [&hellip;]<\/p>\n","protected":false},"author":1,"featured_media":3959,"comment_status":"open","ping_status":"open","sticky":false,"template":"","format":"standard","meta":{"_kadence_starter_templates_imported_post":false,"footnotes":""},"categories":[1],"tags":[231,233,232,228,229,230,227],"class_list":["post-3958","post","type-post","status-publish","format-standard","has-post-thumbnail","hentry","category-genel","tag-demokrasi","tag-esit-insan-haklari","tag-esitlik","tag-haci-bektas-i-veli","tag-halklarin-birligi","tag-halklarin-kardesligi","tag-varligin-birligi"],"_links":{"self":[{"href":"https:\/\/www.yolunezeli.com\/index.php?rest_route=\/wp\/v2\/posts\/3958","targetHints":{"allow":["GET"]}}],"collection":[{"href":"https:\/\/www.yolunezeli.com\/index.php?rest_route=\/wp\/v2\/posts"}],"about":[{"href":"https:\/\/www.yolunezeli.com\/index.php?rest_route=\/wp\/v2\/types\/post"}],"author":[{"embeddable":true,"href":"https:\/\/www.yolunezeli.com\/index.php?rest_route=\/wp\/v2\/users\/1"}],"replies":[{"embeddable":true,"href":"https:\/\/www.yolunezeli.com\/index.php?rest_route=%2Fwp%2Fv2%2Fcomments&post=3958"}],"version-history":[{"count":27,"href":"https:\/\/www.yolunezeli.com\/index.php?rest_route=\/wp\/v2\/posts\/3958\/revisions"}],"predecessor-version":[{"id":8973,"href":"https:\/\/www.yolunezeli.com\/index.php?rest_route=\/wp\/v2\/posts\/3958\/revisions\/8973"}],"wp:featuredmedia":[{"embeddable":true,"href":"https:\/\/www.yolunezeli.com\/index.php?rest_route=\/wp\/v2\/media\/3959"}],"wp:attachment":[{"href":"https:\/\/www.yolunezeli.com\/index.php?rest_route=%2Fwp%2Fv2%2Fmedia&parent=3958"}],"wp:term":[{"taxonomy":"category","embeddable":true,"href":"https:\/\/www.yolunezeli.com\/index.php?rest_route=%2Fwp%2Fv2%2Fcategories&post=3958"},{"taxonomy":"post_tag","embeddable":true,"href":"https:\/\/www.yolunezeli.com\/index.php?rest_route=%2Fwp%2Fv2%2Ftags&post=3958"}],"curies":[{"name":"wp","href":"https:\/\/api.w.org\/{rel}","templated":true}]}}