{"id":4434,"date":"2017-02-20T08:36:09","date_gmt":"2017-02-20T08:36:09","guid":{"rendered":"http:\/\/www.yolunezeli.com\/?p=4434"},"modified":"2019-10-17T17:35:33","modified_gmt":"2019-10-17T17:35:33","slug":"anadoluda-koca-lesker-ocagi","status":"publish","type":"post","link":"https:\/\/www.yolunezeli.com\/?p=4434","title":{"rendered":"ANADOLUDA KOCA LE\u015eKER OCA\u011eI"},"content":{"rendered":"<div id=\"js_1e\" class=\"_5pbx userContent\" data-ft=\"{&quot;tn&quot;:&quot;K&quot;}\">\n<div id=\"id_58aaa8c6e00f07783412655\" class=\"text_exposed_root text_exposed\">\n<p style=\"text-align: center;\"><strong>ANADOLUDA <\/strong><br \/>\n<strong>KOCA LE\u015eKER OCA\u011eI<\/strong><\/p>\n<p style=\"text-align: left;\">Alevi \u0130slamda Koca Le\u015fker:<br \/>\nSeyyit R\u0131za \u00c7etinkaya Dede ;<span class=\"text_exposed_show\"><br \/>\n(Kartal Cem Evi Dedesi)<\/span><\/p>\n<div class=\"text_exposed_show\">\n<p style=\"text-align: left;\"><a href=\"https:\/\/l.facebook.com\/l.php?u=http%3A%2F%2Fwww.piryolu.com%2Fforum%2Focaklarimiz%2F776-koca-lesker-ocagi.html&amp;h=ATM_V51gPK0Aak8BwKiDLiBUFAKr_2DxwVaZmgKb4MUxB4hx5HqFNCpO5wCBoBx0klpo9uj-qjTbJsg5LBJOrPItn7s8PmUR198V-4uVHithDe1Qq0lVqydq9PIECFkIbAtjNOUBNZ9cSPydbw&amp;enc=AZPlqgXLR_0QiGHgqoaIY88jS57ob0ZJJ-V0cLnhyIoOzpb6ElakpNbTIrYo6mFNkk9utigDN4NCKWHn4VcX7_NjgZGNQ_MUoSBqKgZdeT1QtFCHmGiDs-xXtMINt_8SBsajcPgLjfCKzGxM0GPcta_T8ABwEW1sHB_kUBzfPCK5hF4iC_0zZqpw7WqyTpygsmOcYxyae__uZkVocMXCeZFd&amp;s=1\" target=\"_blank\" rel=\"nofollow noopener noreferrer\">www.piryolu.com\/forum\/ocaklarimiz\/776-koca-lesker-ocagi.html<\/a><\/p>\n<p style=\"text-align: left;\">KOCA LE\u015eKER OCA\u011eI<\/p>\n<p style=\"text-align: left;\">Koca Le\u015fker\u2019in ziyaretgah\u0131 Erzincan\u2019\u0131n Ba\u011f\u0131\u015ftas \u0130stasyonu yak\u0131nlar\u0131nda ve F\u0131rat\u2019\u0131n yak\u0131n\u0131ndad\u0131r. T\u00fcrbenin yak\u0131n\u0131nda olduk\u00e7a eski mezarlar\u0131n bulundu\u011fu bir mezarl\u0131k bulunmaktad\u0131r. Ayr\u0131ca buraya kurban ve lokma hizmetlerini g\u00f6rmek \u00fczere bir yer yapt\u0131r\u0131lm\u0131\u015ft\u0131r. Koca Le\u015fker ile Koca Seyyid\u2019in ayn\u0131 evliya oldu\u011funu ifade eden dedesoylular vard\u0131r. Ancak bu iki yerde yani hem S\u00fcn K\u00f6y\u00fc\u2019nde Koca Seyyid\u2019in t\u00fcrbesinin ve hem de Ba\u011f\u0131\u015fta\u015f yak\u0131n\u0131nda Koca Le\u015fker\u2019in t\u00fcrbesinin olmas\u0131 bu durumu karma\u015f\u0131k hale getirmektedir.<br \/>\nKoca Le\u015fker Tekkesi Erzincan ilinin en \u00fcnl\u00fc ve en \u00f6nemli tekkesi olarak y\u00fczy\u0131llard\u0131r \u00fcn\u00fcn\u00fc g\u00fcn\u00fcm\u00fcze kadar s\u00fcrd\u00fcrmektedir. Ayr\u0131ca Koca Le\u015fker Ba\u011f\u0131\u015fta\u015f K\u00f6y\u00fcne de ayr\u0131 bir \u015fahsiyet kazanm\u0131\u015ft\u0131r.Soyu imam Zeynel evlad\u0131 Muhammed Asgar \u0131n o\u011flu olup do\u011fum tarihi hen\u00fcz belli de\u011fildir.<br \/>\nKoca Le\u015fker yat\u0131r\u0131 Ba\u011f\u0131\u015fta\u015f k\u00f6y merkezine 2 km uzakl\u0131kta bulunan merzarl\u0131ktad\u0131r.Ayr\u0131ca Koca Le\u015fker HORASAN ERENLER\u0130 ndendir.Hoca Ahmed Yesevi den nasip alan dervi\u015f lere HORASAN ERENLER\u0130 denir<\/p>\n<p style=\"text-align: center;\"><strong>KOCA LE\u015eKER&#8217;in GER\u00c7E\u011e\u0130 <\/strong><br \/>\n<strong>Kemal SOYER:<\/strong><\/p>\n<p style=\"text-align: left;\">Resimde sa\u011f elinde balta,sol elinde S\u00fcmerce \u0130SKUR denilen y\u0131ld\u0131r\u0131m tutan ve bu sembollerle ad\u0131 EL \u0130SKUR olup, zamanla EL ASKER\u0130, AL\u0130 ASGAR ve Ali ASKER \u015fekline d\u00f6n\u00fc\u015fen tanr\u0131,Anadolu F\u0131rt\u0131na Tanr\u0131s\u0131d\u0131r. Anadolu Alevili\u011finde varl\u0131\u011f\u0131yla diri olan Koca Le\u015fker (El \u0130SKUR) Alevi \u0130slamc\u0131 Ocaklarca Arap Ali&#8217;nin torunu Ali Asgar olarak sunulmaktad\u0131r. Anadolu Alevili\u011fini i\u00e7ten asimile eden Arap-T\u00fcrk ve Alevi \u0130slamc\u0131 zihniyet Anadolu Tanr\u0131s\u0131n\u0131 Ahmet Yesevi&#8217;ye el ald\u0131racak kadar a\u015fa\u011f\u0131layan gaflet,h\u0131yanet ve delalet i\u00e7indedir.<br \/>\n\u0130\u015fte Seyid-i Saadet Evlad\u0131 Res\u00fclc\u00fc Alevi \u0130slam\u0131n asli i\u015flevi ve halk\u0131m\u0131zdan gizlenen Anadolu Alevilerinin ger\u00e7ekleri.<br \/>\nAyr\u0131ca Bkz.T\u00fcrk Ad\u0131n\u0131n S\u0131rr\u0131<\/p>\n<figure id=\"attachment_2001\" aria-describedby=\"caption-attachment-2001\" style=\"width: 310px\" class=\"wp-caption aligncenter\"><a href=\"http:\/\/www.yolunezeli.com\/wp-content\/uploads\/2015\/08\/indir-5-e1439643103612.jpg\"><img loading=\"lazy\" decoding=\"async\" class=\" wp-image-2001\" src=\"http:\/\/www.yolunezeli.com\/wp-content\/uploads\/2015\/08\/indir-5-e1439643103612.jpg\" alt=\"\" width=\"310\" height=\"429\" \/><\/a><figcaption id=\"caption-attachment-2001\" class=\"wp-caption-text\">Anadolu F\u0131rt\u0131na Tanr\u0131s\u0131 EL \u0130SKUR<\/figcaption><\/figure>\n<\/div>\n<\/div>\n<\/div>\n<div class=\"_3x-2\"><\/div>\n","protected":false},"excerpt":{"rendered":"<p>ANADOLUDA KOCA LE\u015eKER OCA\u011eI Alevi \u0130slamda Koca Le\u015fker: Seyyit R\u0131za \u00c7etinkaya Dede ; (Kartal Cem Evi Dedesi) www.piryolu.com\/forum\/ocaklarimiz\/776-koca-lesker-ocagi.html KOCA LE\u015eKER OCA\u011eI Koca Le\u015fker\u2019in ziyaretgah\u0131 Erzincan\u2019\u0131n Ba\u011f\u0131\u015ftas \u0130stasyonu yak\u0131nlar\u0131nda ve F\u0131rat\u2019\u0131n [&hellip;]<\/p>\n","protected":false},"author":1,"featured_media":2001,"comment_status":"open","ping_status":"open","sticky":false,"template":"","format":"standard","meta":{"_kadence_starter_templates_imported_post":false,"footnotes":""},"categories":[1],"tags":[325,324,323,328,327,326],"class_list":["post-4434","post","type-post","status-publish","format-standard","has-post-thumbnail","hentry","category-genel","tag-ali-asgar","tag-ali-asker","tag-koca-lesker","tag-koca-seyyid","tag-tanri-baal","tag-tanri-iskur"],"_links":{"self":[{"href":"https:\/\/www.yolunezeli.com\/index.php?rest_route=\/wp\/v2\/posts\/4434","targetHints":{"allow":["GET"]}}],"collection":[{"href":"https:\/\/www.yolunezeli.com\/index.php?rest_route=\/wp\/v2\/posts"}],"about":[{"href":"https:\/\/www.yolunezeli.com\/index.php?rest_route=\/wp\/v2\/types\/post"}],"author":[{"embeddable":true,"href":"https:\/\/www.yolunezeli.com\/index.php?rest_route=\/wp\/v2\/users\/1"}],"replies":[{"embeddable":true,"href":"https:\/\/www.yolunezeli.com\/index.php?rest_route=%2Fwp%2Fv2%2Fcomments&post=4434"}],"version-history":[{"count":5,"href":"https:\/\/www.yolunezeli.com\/index.php?rest_route=\/wp\/v2\/posts\/4434\/revisions"}],"predecessor-version":[{"id":8967,"href":"https:\/\/www.yolunezeli.com\/index.php?rest_route=\/wp\/v2\/posts\/4434\/revisions\/8967"}],"wp:featuredmedia":[{"embeddable":true,"href":"https:\/\/www.yolunezeli.com\/index.php?rest_route=\/wp\/v2\/media\/2001"}],"wp:attachment":[{"href":"https:\/\/www.yolunezeli.com\/index.php?rest_route=%2Fwp%2Fv2%2Fmedia&parent=4434"}],"wp:term":[{"taxonomy":"category","embeddable":true,"href":"https:\/\/www.yolunezeli.com\/index.php?rest_route=%2Fwp%2Fv2%2Fcategories&post=4434"},{"taxonomy":"post_tag","embeddable":true,"href":"https:\/\/www.yolunezeli.com\/index.php?rest_route=%2Fwp%2Fv2%2Ftags&post=4434"}],"curies":[{"name":"wp","href":"https:\/\/api.w.org\/{rel}","templated":true}]}}