{"id":4613,"date":"2017-05-28T20:10:57","date_gmt":"2017-05-28T20:10:57","guid":{"rendered":"http:\/\/www.yolunezeli.com\/?p=4613"},"modified":"2023-04-16T12:16:50","modified_gmt":"2023-04-16T12:16:50","slug":"ankara-sihhiyedeki-hatti-aniti-ve-anadolu-uygarliklarina-sinsice-saldirilar","status":"publish","type":"post","link":"https:\/\/www.yolunezeli.com\/?p=4613","title":{"rendered":"ANKARA SIHHIYEDEK\u0130 HATT\u0130 ANITI  VE  ANADOLU UYGARLIKLARINA   S\u0130NS\u0130CE  SALDIRILAR"},"content":{"rendered":"<p><strong>ANKARA SIHHIYEDEK\u0130 HATT\u0130 ANITI\u00a0 VE\u00a0 ANADOLU UYGARLIKLARINA S\u0130NS\u0130CE\u00a0 SALDIRILAR<\/strong><\/p>\n<p>Kemal SOYER-Y.Mimar.<\/p>\n<p>K\u00fclt\u00fcr Bakanl\u0131\u011f\u0131 K\u00fclt\u00fcr ve Tabiat Varl\u0131klar\u0131n\u0131 Koruma Eski Genel M\u00fcd\u00fcr\u00fc<\/p>\n<figure id=\"attachment_4556\" aria-describedby=\"caption-attachment-4556\" style=\"width: 279px\" class=\"wp-caption aligncenter\"><a href=\"http:\/\/www.yolunezeli.com\/wp-content\/uploads\/2017\/03\/imgres.jpg\"><img loading=\"lazy\" decoding=\"async\" class=\"size-full wp-image-4556\" src=\"http:\/\/www.yolunezeli.com\/wp-content\/uploads\/2017\/03\/imgres.jpg\" alt=\"\" width=\"279\" height=\"181\" \/><\/a><figcaption id=\"caption-attachment-4556\" class=\"wp-caption-text\">Ankara \u00a0S\u0131hh\u0131ye Hatti \u00a0G\u00fcne\u015f Kursu<\/figcaption><\/figure>\n<p>Melih G\u00d6K\u00c7EK\u2019in ba\u015fkent Ankara\u2019ya\u00a0 evrensel\u00a0 bir kimlik kazand\u0131ran \u201cHatti G\u00fcne\u015fi\u201d ni\u00a0 ucube\u00a0 bir simgeyle karartmas\u0131n\u0131n ard\u0131ndan\u00a0 AKP \u00c7orum milletvekili Salim USLU \u00fczerinden ba\u015flat\u0131lan giri\u015fimle bu kez S\u0131hh\u0131ye Meydan\u0131ndaki Hatti G\u00fcne\u015f Kursu hedefe\u00a0 konulmu\u015f durumda. Bas\u0131nda yer alan haberlere g\u00f6re Salim USLU \u201cHititler \u00c7orumda ya\u015fad\u0131lar,bu heykel \u00c7orum\u2019a \u2013Hattu\u015fa\u2019ya ta\u015f\u0131nmal\u0131\u201d demi\u015f.<\/p>\n<p>Aklen salim olan herkes bilir ki, Hatti ve Hititler sadece \u00c7oruma de\u011fil Anadolu\u2019nun t\u00fcm\u00fcne hakim bir g\u00fc\u00e7 olarak s\u0131n\u0131rlar\u0131n\u0131 g\u00fcneyde Kade\u015f\u2019e, do\u011fuda\u00a0 Murat Nehrine, bat\u0131da\u00a0 Ege Denizi\u2019ne dek geni\u015fletmi\u015flerdi. Atalar\u0131 olan S\u00fcmerler ise F\u0131rat -Dicle kaynaklar\u0131 ve \u00a0\u0130\u00e7 Anadolu dahil Basra K\u00f6rfezine uzanan \u00a0tarihi b\u00f6lgeye\u00a0 ve Suriye\u2019ye hakim olmu\u015flard\u0131.<\/p>\n<p>Belediye Ba\u015fkan\u0131 Vedat DALOKAY D\u00f6neminde S\u0131hhiyeye dikilen \u00a0an\u0131t, K\u00fclt\u00fcr Bakanl\u0131\u011f\u0131n\u0131n eskiden \u00fcyesi oldu\u011fum Ta\u015f\u0131nmaz K\u00fclt\u00fcr ve Tabiat Varl\u0131klar\u0131n\u0131 \u00a0Ankara Koruma Kurulu taraf\u0131ndan yerinde korunmas\u0131 gereken Ta\u015f\u0131nmaz K\u00fclt\u00fcr Varl\u0131\u011f\u0131 olarak tescil edilmi\u015fti.<\/p>\n<p>Peki, Salim USLU\u2019nun giri\u015fimiyle \u00c7orum\u2019a ta\u015f\u0131nmas\u0131 istenen Hatti Kursu AKP ve MHP&#8217; yi neden rahats\u0131z ediyor ?<\/p>\n<p><strong>Hatti An\u0131t\u0131\u00a0 neleri kavrat\u0131yor:<\/strong><\/p>\n<p>Ba\u015fkentin merkezindeki konumuyla An\u0131t , evren ve do\u011fa temelli tanr\u0131y\u0131 ve evrenin varolu\u015funu anlat\u0131yor.Hatti G\u00fcne\u015f Kursu , ba\u015fta Ankaral\u0131lar olmak \u00fczere \u00fclke halk\u0131na \u0130slam \u00f6ncesi Anadolu Uygarl\u0131klar\u0131n\u0131 ve bu uygarl\u0131klar\u0131 yaratan Alevi k\u00f6kenli Hatti,Hitit,Luvi ve as\u0131l adlar\u0131 LULU, ZAZA ,DIMIL\u0130 ve ATMALI \u00a0olan S\u00fcmer halklar\u0131yla \u00a0kadim inan\u00e7lar\u0131n\u0131 an\u0131msat\u0131yor. S\u0131hh\u0131ye Meydan\u0131ndaki an\u0131t yerli ve yabanc\u0131 halklar ile bilim \u00e7evrelerine \u00fclkemizin\u00a0 \u201cTanr\u0131lar Yurdu Anadolu\u201d anlam\u0131na gelen KUR URU HATT\u0130 ad\u0131 ile tanr\u0131n\u0131n H\u00fcda Ali ad\u0131n\u0131\u00a0<span style=\"color: initial; font-size: revert;\">kavrat\u0131yor.<\/span><\/p>\n<p><strong>Geyik-bo\u011fa formlu tanr\u0131 sembolleri ve lakaplar\u0131:<\/strong><\/p>\n<p>S\u00fcmerce\u00a0 \u201d <strong>LUL\u0130MU\u201d<\/strong>,Hitit\u00e7e\u00a0<strong>\u201cAL\u0130\u201d<\/strong> , denilen geyik ile <strong>\u201cGUD ALU\u201d<\/strong> denilen Semavi Bo\u011fa;\u00a0 Anadolu\u2019nun Hattiler d\u00f6neminden g\u00fcn\u00fcm\u00fcze dek ya\u015fayan \u00a0tanr\u0131 sembolleri ve ayn\u0131 zamanda tanr\u0131lar\u0131n lakaplar\u0131d\u0131r. Geyikler Ezel Ali ad\u0131yla\u00a0 Bekta\u015fili\u011fin , Hac\u0131 Bekta\u015f\u0131 Veli\u00a0 ile Kad\u0131nc\u0131k Ana&#8217;n\u0131n sembol\u00fcd\u00fcr bu\u00a0 nedenle\u00a0 avlanmalar\u0131 yasakt\u0131r.<\/p>\n<p>HATT\u0130 KURSU F\u0130R\u0130G-ROMA D\u00d6NEM\u0130 AY TANRISI\u00a0 MEN K\u00dcLT\u00dc VE\u00a0 OSMANLI&#8217;NIN \u00dc\u00c7 H\u0130LALL\u0130 SANCA\u011eIYLA YA\u015eAMAYA DEVAM ED\u0130YOR.<\/p>\n<p>Hatti kursunda birisi kursu g\u00f6k y\u00fcz\u00fcne kald\u0131ran, di\u011fer ikisi kurs i\u00e7inde duran toplamda \u00fc\u00e7 bo\u011fa var.\u00dc\u00e7 bo\u011fa ba\u015f\u0131 \u00fc\u00e7 hilalin temelidir.Hattiler D\u00f6nemine ait \u00fc\u00e7 bo\u011fal\u0131 evren motifi\u00a0 Isparta Yalva\u00e7taki Firig ve Roma D\u00f6nemi Ay Tap\u0131na\u011f\u0131 kabartmalar\u0131nda yer alm\u0131\u015f, Firiglerden Romal\u0131lara, onlardan da Bizans ve Osmanl\u0131ya ge\u00e7mi\u015ftir. Anadolu&#8217;da bo\u011fayla sembolize edilen F\u0131rt\u0131na Tanr\u0131s\u0131&#8217;n\u0131n Hattice\u00a0 ad\u0131 TARU GA&#8217; d\u0131r.Hattiler tanr\u0131ya makam olarak adad\u0131klari Anadolu&#8217;nun en b\u00fcy\u00fck s\u0131ra da\u011flar\u0131na Tanr\u0131lar\u0131 Taru&#8217; nun ad\u0131yla Toros veya TARU KO ad\u0131n\u0131 verdiler. Semavi bo\u011fan\u0131n\u00a0 S\u00fcmerce GUD ALU\u00a0 ad\u0131 zamanla H\u00fcda Ali \u015feklinde okunmu\u015f , TARU GA (Bo\u011fa Taru) veya TARUGA ALU (\u00fc\u00e7 bo\u011fa tanr\u0131)\u00a0 adlar\u0131\u00a0 siyaseten T\u00dcRK AL\u0130 formuna sokulmu\u015ftur.<\/p>\n<p><a href=\"http:\/\/www.yolunezeli.com\/wp-content\/uploads\/2017\/05\/indir.jpg\"><img loading=\"lazy\" decoding=\"async\" class=\"aligncenter size-full wp-image-4892\" src=\"http:\/\/www.yolunezeli.com\/wp-content\/uploads\/2017\/05\/indir.jpg\" alt=\"\" width=\"282\" height=\"182\" \/><\/a><\/p>\n<p style=\"text-align: center;\">HATT\u0130 KURSU<\/p>\n<figure id=\"attachment_4888\" aria-describedby=\"caption-attachment-4888\" style=\"width: 338px\" class=\"wp-caption aligncenter\"><a href=\"http:\/\/www.yolunezeli.com\/wp-content\/uploads\/2017\/05\/men-tapinagi-14072016.jpg\"><img loading=\"lazy\" decoding=\"async\" class=\"size-full wp-image-4888\" src=\"http:\/\/www.yolunezeli.com\/wp-content\/uploads\/2017\/05\/men-tapinagi-14072016.jpg\" alt=\"\" width=\"338\" height=\"450\" srcset=\"https:\/\/www.yolunezeli.com\/wp-content\/uploads\/2017\/05\/men-tapinagi-14072016.jpg 338w, https:\/\/www.yolunezeli.com\/wp-content\/uploads\/2017\/05\/men-tapinagi-14072016-225x300.jpg 225w\" sizes=\"auto, (max-width: 338px) 100vw, 338px\" \/><\/a><figcaption id=\"caption-attachment-4888\" class=\"wp-caption-text\">\u0130sparta Yalva\u00e7\u00a0 Men Tap\u0131na\u011f\u0131<\/figcaption><\/figure>\n<p><a href=\"http:\/\/www.yolunezeli.com\/wp-content\/uploads\/2017\/05\/shopping-1.jpg\"><img loading=\"lazy\" decoding=\"async\" class=\"wp-image-4891 aligncenter\" src=\"http:\/\/www.yolunezeli.com\/wp-content\/uploads\/2017\/05\/shopping-1.jpg\" alt=\"\" width=\"204\" height=\"265\" \/><\/a><\/p>\n<p style=\"text-align: center;\">OSMANLI SANCA\u011eI<\/p>\n<p><strong>Ankara \u00a0ve Kengri adlar\u0131n\u0131n \u00a0kayna\u011f\u0131: <\/strong>S\u00fcmerce AN g\u00f6k,K\u0130 toprak,ANK\u0130 ise evren demektir. Ankara\u2019n\u0131n eski ad\u0131 ENGURU ile \u00c7ank\u0131r\u0131\u2019n\u0131n eski ad\u0131 olan\u00a0 Kengri\u00a0 adlar\u0131 S\u00fcmerce Tanr\u0131 Irmak anlam\u0131ndaki \u201cd.Eng\u00fcr\u201d,\u00a0 Zazaca \u00fcz\u00fcm anlam\u0131nda \u00a0\u201cHengure\u201d\u00a0 i\u00e7erikleriyle S\u00fcmer \u00dclkesinin \u201cK\u0130.ENGURRA\u201d ad\u0131 ile Tanr\u0131 ENK\u0130\u2019nin\u00a0 \u201cE\u2019.ENGURRA\u201d \u015feklindeki\u00a0 tap\u0131nak ad\u0131ndan \u00a0kaynakl\u0131d\u0131r.<\/p>\n<p>Tanr\u0131 sembol\u00fc bo\u011fa \u201cGUD ALU\u201d ve \u00a0geyi\u011fin <strong>\u201cAli \u201c<\/strong> ad\u0131yla Ankara\u2019n\u0131n Eng\u00fcr\u00fc adlar\u0131 \u201c<strong>Eng\u00fcr Ali\u201d<\/strong> veya \u201c<strong>Ali Eng\u00fcr<\/strong>\u201d formlar\u0131nda tanr\u0131n\u0131n\u201d <strong>H\u00fcnkar Ali\u201d<\/strong> san\u0131n\u0131 olu\u015fturuyor.Bu adlar ayn\u0131 zamanda \u201cK\u0131rklar\u0131n \u00dcz\u00fcm\u00fc\u201dyle\u00a0 sembolize edilen \u201c Varl\u0131\u011f\u0131n Birli\u011fi\u201dne konu evren ile varl\u0131k aleminin kayna\u011f\u0131ndaki \u00a0do\u011fa tanr\u0131y\u0131 kavrat\u0131yor.<\/p>\n<p><strong>D\u00fcnya\u00a0 Sar\u0131 \u00d6k\u00fcz\u00fcn boynuzlar\u0131 \u00fczerindedir.Ba\u015f\u0131n\u0131 sallarsa deprem olur :<\/strong>Bu an\u0131t Pir Sultan Abdal\u2019\u0131n dizelerinde de yer alan Sar\u0131 \u00d6k\u00fcz\u2019\u00fc yani ,Hitit anlay\u0131\u015f\u0131na g\u00f6re \u00a0g\u00fcne\u015fi ard\u0131ndan \u00e7ekti\u011fi belirtilen\u00a0 Bo\u011fa Serri\u015f ile Zazaca \u201c\u015eer-u Ga\u201d temelli\u00a0 aslan ve bo\u011fa donlu tanr\u0131y\u0131 \u00a0kavrat\u0131yor.Hatti kurslar\u0131n\u0131n geyik ve aslanl\u0131 \u00f6rnekleri de var.<\/p>\n<p>Anadoluda <strong>&#8220;Fele\u011fin \u00c7emberinden ge\u00e7mek&#8221; <\/strong>deyimi, evrenden ve do\u011fadan do\u011fmak anlam\u0131na geliyor.\u00a0 Alevilerin Hac\u0131bekta\u015f ve Seyitgazi Alevi Dergahlar\u0131nda bulunan delikli ta\u015flardan ge\u00e7me rit\u00fcelleri\u00a0 \u00a0Hatti G\u00fcne\u015f Kursu&#8217;yla direk ili\u015fkilidir.\u00a0 An\u0131t\u0131n \u00fczerindeki burmal\u0131 \u00e7embere Zazaca \u201cHozire Qule \u201d yani \u201cX\u0131z\u0131r Qal \u00c7emberi\u201d ad\u0131 veriliyor. \u00c7emberden ge\u00e7en Ali Geyik(Ala Geyik) ile iki bo\u011fa (Ga TU) evrenin do\u011fu\u015funu kavrat\u0131yor.<\/p>\n<p><strong>S\u00fcmerler ile akrabalar\u0131 olan Hatti veya Hititler tarihten silindiler mi: <\/strong>Arkeolog Ord.Prof .Dr . Ekrem AKURGAL\u00a0 Anadolu Uygarl\u0131klar\u0131 adl\u0131 kitab\u0131nda Hititlerle ilgili \u015fu tespitlerde bulunmu\u015f.<\/p>\n<p>\u201c<em>K\u00fcrtler Avrupadan,T\u00fcrkler Orta Asya\u2019dan gelerek Hitit\u00a0 ve Hurrilere\u00a0 kar\u0131\u015ft\u0131lar.B\u00f6ylece g\u00fcn\u00fcm\u00fcz Anadolu halk\u0131 Hitit ve Hurri gibi kadim halklar\u0131n torunlar\u0131d\u0131r.G\u00fcn\u00fcm\u00fczde Anadolu&#8217;nun bir \u00e7ok yerinde Hititler ve k\u00fclt\u00fcrleri ya\u015famaya devam ediyor<\/em>\u201d.<\/p>\n<p>Hititolog olan Ord.Prof Dr. Sedat Alp \u201cH\u0130T\u0130T G\u00dcNE\u015e\u0130 \u201cadl\u0131 kitab\u0131nda :An\u0131t\u0131n yap\u0131ld\u0131\u011f\u0131 s\u00fcre\u00e7te Atat\u00fcrk\u00e7\u00fc d\u00fc\u015f\u00fcnceye d\u00fc\u015fman olan baz\u0131 \u00e7evrelerin \u201cBu eser bir T\u00fcrk eseri de\u011fildir\u201d \u015feklinde kampanya yapt\u0131klar\u0131n\u0131,Anadolu k\u00fclt\u00fcr\u00fcn\u00fcn en de\u011ferli yap\u0131tlar\u0131ndan birini canland\u0131ran bu eseri\u201dT\u00fcrk De\u011fildir\u201d diye reddetmeleri anlams\u0131zd\u0131r\u2026.Eski Anadolu\u00a0 uygarl\u0131klar\u0131,dilleri ve k\u00fclt\u00fcrleri bize yabanc\u0131 de\u011fildir\u201d . Hititler T\u00fcrk de\u011filse de\u00a0 T\u00fcrkler kan ve k\u00fclt\u00fcr bak\u0131m\u0131ndan\u00a0 Hitit Uygarl\u0131\u011f\u0131 ile eski Anadolu uygarl\u0131klar\u0131n\u0131n en do\u011fal miras\u00e7\u0131lar\u0131d\u0131r\u201d \u015feklinde de\u011ferlendirmelerde bulunmu\u015ftur.<\/p>\n<p>Bilimsel tespitlere g\u00f6re \u00a0T\u00fcrkler ve K\u00fcrtler\u00a0 sonradan geldikleri Anadolu&#8217;nun \u00a0kadimden yerli halklar\u0131 olan S\u00fcmer,Hatti,Hitit ve Hurrilerle kar\u0131\u015ft\u0131klar\u0131na g\u00f6re , s\u00f6z konusu kadim halklar buharla\u015fmam\u0131\u015f adlar\u0131,k\u00fclt\u00fcr ve inan\u00e7lar\u0131yla g\u00fcn\u00fcm\u00fcze dek ya\u015fam\u0131\u015flard\u0131r.<\/p>\n<p><strong>S\u00fcmerce <\/strong>insan<strong> ZA <\/strong>ve <strong>\u00a0LU<\/strong>, ilk insan<strong> LULU,\u00a0 <\/strong>\u0130nsano\u011flu <strong>DUMU.LU.ULU.LU\u2019<\/strong>dur.Bu temelde S\u00fcmer halk\u0131n\u0131n ger\u00e7ek\u00a0 ad\u0131; g\u00fcn\u00fcm\u00fczde de ya\u015famaya devam eden\u00a0 <strong>Lulu,Zaza<\/strong>\u00a0 ve <strong>D\u0131m\u0131li<\/strong>\u2019dir. Hatti ve\u00a0 Hattu\u015fal\u0131 halk\u00a0 adlar\u0131\u00a0 \u00a0<strong>XIDIJ <\/strong>,S\u00fcmerli\u00a0 Lulubilerin ad\u0131\u00a0 <strong>LOLIJ <\/strong>\u00a0veya <strong>LOLAN<\/strong>, Hurrilerin ad\u0131\u00a0 \u00a0<strong>Hormek\u0131j<\/strong> \u015feklinde ya\u015famaya devam ediyor. Tarihi ger\u00e7ek bu iken, T\u00fcrk \u00a0\u0130slamc\u0131 resmi ideoloji ile Siyasal \u0130slamc\u0131 T\u00fcrk\u00e7\u00fc-K\u00fcrt\u00e7\u00fc kesimler bu halklar\u0131n m\u00fczelik olduklar\u0131n\u0131 iddia ederek varl\u0131klar\u0131n\u0131 inkar ve asimile ediyorlar.Tarihi ger\u00e7ek \u015fudur; Hatti,Hitit,S\u00fcmer ve Hurrili atalar\u0131yla Alevi- Bekta\u015filer ezelden Millet, T\u00fcrkler ve K\u00fcrtler ise \u0130slama mezheptirler.<\/p>\n<p>S\u0131hhiye Meydan\u0131ndan \u00fclke halk\u0131na ve yabanc\u0131lara\u00a0 Anadolu&#8217;nun\u00a0 \u0130slam ,H\u0131ristiyan ve Musevilik \u00f6ncesi\u00a0 \u00a0 Alevi -Bekta\u015fi\u00a0 Halk\u0131n be\u015feri,tarihi ve k\u00fclt\u00fcrel varl\u0131\u011f\u0131n\u0131\u00a0 hayk\u0131ran bu eser, ba\u015fta\u00a0 Orta Do\u011fuya egemen olmaya \u00e7al\u0131\u015fan k\u00fcresel \u00e7etelerle yerli\u00a0 i\u015fbirlik\u00e7ilerini \u00a0\u00fcrk\u00fct\u00fcyor. Zira bu eser \u00fclkede uygulanan inkar ve asimilasyona dayal\u0131\u00a0 sahte k\u00fclt\u00fcr ve tarih politikalar\u0131n\u0131 bo\u015fa \u00e7\u0131karan tarihi bir delil i\u015flevi g\u00f6r\u00fcyor.<\/p>\n<p>Orta Do\u011fuda BOP kapsam\u0131nda ba\u015flat\u0131lan\u00a0 ekonomik ve k\u00fclt\u00fcrel i\u015fgal s\u00fcrecinde Irak M\u00fczelerinin soyulmas\u0131, k\u00fcresel \u00e7eteler eliyle kadim uygarl\u0131klara ait heykel ve tap\u0131naklar\u0131n bombalanmas\u0131n\u0131n ard\u0131ndan\u00a0 Anadolu Uygarl\u0131klar\u0131na ait an\u0131tlar, \u00f6ren yerleri ve ta\u015f\u0131n\u0131r eserlerin de tehlike alt\u0131nda oldu\u011funu\u00a0 kavramak \u00a0gerekiyor. Bilindi\u011fi gibi ,Amerika Metropolitan, Berlin Bergama ,Londra Britsh, Paris Loure vb .M\u00fczeleri\u00a0 \u00a0\u00e7o\u011fu Anadolu&#8217;dan ka\u00e7\u0131r\u0131lm\u0131\u015f Alevi-Bekta\u015fi eserlerinden olu\u015fuyor.\u00a0 Anadolu&#8217;nun ezelden asli sahibi oldu\u011fumuz halde, halk\u0131m\u0131za Orta Asya, Mekke\u00a0 ,Kud\u00fcs ve Vatikan\u00a0 \u00fczerinden siyasi ve k\u00fclt\u00fcrel kimlik giydirmeye \u00e7al\u0131\u015fan k\u00fcresel g\u00fc\u00e7lere ve onlar\u0131n yerli i\u015fbirlik\u00e7ilerine kar\u015f\u0131 \u00a0ba\u015fta TMMOB\u00a0 olmak \u00fczere \u00a0T\u00fcrkiye\u2019nin T\u00fcm Sivil Toplum \u00d6rg\u00fctlerinin, \u00dcniversitelerin, bilim,k\u00fclt\u00fcr ve sanat adamlar\u0131n\u0131n ,sendikalar\u0131n ve gen\u00e7li\u011fin b\u00fct\u00fcnle\u015fik bir g\u00fc\u00e7 halinde\u00a0 k\u00fclt\u00fcrel ve do\u011fal miras\u0131m\u0131z\u0131 koruma, toplumda tarihi bilin\u00e7 olu\u015fturma g\u00f6rev ve sorumluluklar\u0131 var.<\/p>\n<p>SIHH\u0130YEDEK\u0130 HATT\u0130 ANITI \u00dcLKEM\u0130Z\u0130N VE HALKIMIZIN TAR\u0130H\u0130 VARLI\u011eI\u00a0 VE K\u00dcLT\u00dcREL K\u0130ML\u0130\u011e\u0130N\u0130N \u00a0EN SOMUT DEL\u0130LLER\u0130NDEN B\u0130R\u0130D\u0130R. YER\u0130NDE KORUNMAK \u00dcZERE TESC\u0130L ED\u0130LEN BU ANIT\u00a0 \u00c7ORUMA TA\u015eINMAMALIDIR.<\/p>\n<p>ORTAK ANA VATAN \u00dcZER\u0130NDE VARLI\u011eIMIZA ,B\u0130RL\u0130\u011e\u0130M\u0130ZE\u00a0 VE\u00a0 D\u0130RL\u0130\u011e\u0130M\u0130ZE\u00a0 KAST EDEN HER T\u00dcRDEN G\u0130R\u0130\u015e\u0130ME KAR\u015eI\u00a0 HERKES\u0130\u00a0 SEVG\u0130,BARI\u015e ,HAK VE ADALET \u00d6L\u00c7\u00dcLER\u0130 \u0130\u00c7\u0130NDE\u00a0 ORTAK\u00a0 SORUMLULUK\u00a0 DUYGULARIYLA\u00a0 B\u00dcT\u00dcNLE\u015eMEYE \u00c7A\u011eIRIYORUZ.<\/p>\n<p><strong>\u00a0<\/strong><\/p>\n<p><strong>\u00a0<\/strong><\/p>\n","protected":false},"excerpt":{"rendered":"<p>ANKARA SIHHIYEDEK\u0130 HATT\u0130 ANITI\u00a0 VE\u00a0 ANADOLU UYGARLIKLARINA S\u0130NS\u0130CE\u00a0 SALDIRILAR Kemal SOYER-Y.Mimar. K\u00fclt\u00fcr Bakanl\u0131\u011f\u0131 K\u00fclt\u00fcr ve Tabiat Varl\u0131klar\u0131n\u0131 Koruma Eski Genel M\u00fcd\u00fcr\u00fc Melih G\u00d6K\u00c7EK\u2019in ba\u015fkent Ankara\u2019ya\u00a0 evrensel\u00a0 bir kimlik kazand\u0131ran \u201cHatti [&hellip;]<\/p>\n","protected":false},"author":1,"featured_media":4556,"comment_status":"open","ping_status":"open","sticky":false,"template":"","format":"standard","meta":{"_kadence_starter_templates_imported_post":false,"footnotes":""},"categories":[1],"tags":[357,362,360,36,359,361,358,96,97,41,38],"class_list":["post-4613","post","type-post","status-publish","format-standard","has-post-thumbnail","hentry","category-genel","tag-ankara-sihhiye-hatti-aniti","tag-atmali","tag-basini-sallarsa-deprem-olur","tag-dimili","tag-dunya-sari-okuzun-boynundadir","tag-hatti-anitinin-coruma-tasinmasi-talebi","tag-hatti-geyigi","tag-hattiler","tag-hititler","tag-lulu","tag-zaza"],"_links":{"self":[{"href":"https:\/\/www.yolunezeli.com\/index.php?rest_route=\/wp\/v2\/posts\/4613","targetHints":{"allow":["GET"]}}],"collection":[{"href":"https:\/\/www.yolunezeli.com\/index.php?rest_route=\/wp\/v2\/posts"}],"about":[{"href":"https:\/\/www.yolunezeli.com\/index.php?rest_route=\/wp\/v2\/types\/post"}],"author":[{"embeddable":true,"href":"https:\/\/www.yolunezeli.com\/index.php?rest_route=\/wp\/v2\/users\/1"}],"replies":[{"embeddable":true,"href":"https:\/\/www.yolunezeli.com\/index.php?rest_route=%2Fwp%2Fv2%2Fcomments&post=4613"}],"version-history":[{"count":32,"href":"https:\/\/www.yolunezeli.com\/index.php?rest_route=\/wp\/v2\/posts\/4613\/revisions"}],"predecessor-version":[{"id":9386,"href":"https:\/\/www.yolunezeli.com\/index.php?rest_route=\/wp\/v2\/posts\/4613\/revisions\/9386"}],"wp:featuredmedia":[{"embeddable":true,"href":"https:\/\/www.yolunezeli.com\/index.php?rest_route=\/wp\/v2\/media\/4556"}],"wp:attachment":[{"href":"https:\/\/www.yolunezeli.com\/index.php?rest_route=%2Fwp%2Fv2%2Fmedia&parent=4613"}],"wp:term":[{"taxonomy":"category","embeddable":true,"href":"https:\/\/www.yolunezeli.com\/index.php?rest_route=%2Fwp%2Fv2%2Fcategories&post=4613"},{"taxonomy":"post_tag","embeddable":true,"href":"https:\/\/www.yolunezeli.com\/index.php?rest_route=%2Fwp%2Fv2%2Ftags&post=4613"}],"curies":[{"name":"wp","href":"https:\/\/api.w.org\/{rel}","templated":true}]}}