{"id":4752,"date":"2017-09-19T12:49:03","date_gmt":"2017-09-19T12:49:03","guid":{"rendered":"http:\/\/www.yolunezeli.com\/?p=4752"},"modified":"2024-04-10T00:52:43","modified_gmt":"2024-04-10T00:52:43","slug":"yolun-ezelince-tanimlanan-anadolu-aleviligi-ile-alevi-halk-kimligine-karsi-gelistirilen-resmi-kuresel-politikalar-ve-karsi-orgutlenmeler","status":"publish","type":"post","link":"https:\/\/www.yolunezeli.com\/?p=4752","title":{"rendered":"YOLUN EZEL\u0130 -ANADOLU ALEV\u0130L\u0130\u011e\u0130  ve  ALEV\u0130 HALK  K\u0130ML\u0130\u011e\u0130NE KAR\u015eI  GEL\u0130\u015eT\u0130R\u0130LEN POL\u0130T\u0130KALAR  VE  \u00d6RG\u00dcTLENMELER"},"content":{"rendered":"<p><strong>YOLUN EZEL\u0130 \u00a0-ANADOLU ALEV\u0130L\u0130\u011e\u0130\u00a0VE\u00a0ALEV\u0130 HALK\u00a0 K\u0130ML\u0130\u011e\u0130NE KAR\u015eI\u00a0 GEL\u0130\u015eT\u0130R\u0130LEN\u00a0 POL\u0130T\u0130KALAR \u00a0VE\u00a0 \u00d6RG\u00dcTLENMELER <\/strong><\/p>\n<p><strong>Kemal SOYER\u00a0 \/Y.Mimar ,K\u00fclt\u00fcrel ve Do\u011fal Miras\u0131 Ara\u015ft\u0131rma ve Koruma\u00a0 Uzman\u0131 <\/strong><\/p>\n<p>ANADOLU\u00a0 ve ba\u011fr\u0131ndan do\u011fan\u00a0 F\u0131rat-Dicle\u2019nin bereketlendirdi\u011fi ENG\u00dcR\u00a0 topraklar\u0131n asli sahibi olan S\u00fcmer,Hatti,Hitit ve Hurri adl\u0131\u00a0 Alevi Halklar ana yurtlar\u0131n\u0131;<\/p>\n<p>Hattice ; KUR URU HATT\u0130,<\/p>\n<p>S\u00fcmerce ;Tanr\u0131 Irmak d.ENG\u00dcR\u00a0 temelinde Ki. ENGUR (K\u0131rklar\u0131n \u00fcz\u00fcm\u00fc Hengure ,Irmak Tanr\u0131s\u0131 Ser\u00e7e\u015fme H\u00fcnkar ) ve ANADOLU adlar\u0131yla TANRI YURDU,<\/p>\n<p>\u0130nsan \u00e7iftini\u00a0 \u00a0ZA-ZA ve LU-LU\u00a0 insano\u011flunu ise DUMU.LU.ULU.<sup>LU \u00a0<\/sup>ad\u0131yla tan\u0131mlam\u0131\u015f, kendine has\u00a0 insan ve do\u011fa sevgisine dayanan k\u00fclt\u00fcr ve inan\u00e7lar\u0131yla da d\u00fcnyaya\u00a0 en b\u00fcy\u00fck uygarl\u0131klar\u0131 arma\u011fan etmi\u015ftir. Anadolu\u2019nun\u00a0 kadimden g\u00fcn\u00fcm\u00fcze akan Eng\u00fcr Suyu Uygarl\u0131\u011f\u0131, ba\u015fta\u00a0 Akad ve Asur olmak \u00fczere Babil, Hellen,Roma ,Bizans,Pers ,Finike ve M\u0131s\u0131r gibi kadim uygarl\u0131klara ya\u015fam vermi\u015f, Kud\u00fcs&#8217;\u00fc merkezi \u00fcs edinen \u00e7\u00f6l halklar\u0131nca Cennet olarak tan\u0131mlanan\u00a0bu\u00a0 kutsal yurt, Musevi, H\u0131ristiyan ve \u0130slam dinlerini kullanan siyasi olu\u015fumlar eliyle binlerce y\u0131ll\u0131k i\u015fgal,s\u00f6m\u00fcr\u00fc,gasp ve talana u\u011frat\u0131lm\u0131\u015f,yerli halklar katliama, soyk\u0131r\u0131ma tabi tutulup, kadim uygarl\u0131klar\u0131\u00a0karart\u0131lm\u0131\u015ft\u0131r.<\/p>\n<p>Anadolu Alevili\u011finin\u00a0 kadim uygarl\u0131klardan kaynakl\u0131 binlerce y\u0131ll\u0131k bir tarih,k\u00fclt\u00fcr ve uygarl\u0131k birikimi, Alevilerinse\u00a0 S\u00fcmer Hatti,Hurri ve Luvi gibi Anadolu halklar\u0131n\u0131n torunlar\u0131 oldu\u011fu ger\u00e7e\u011fini Arkeolojik ve \u00e7ivi yaz\u0131l\u0131 belgelerle a\u00e7\u0131\u011fa \u00e7\u0131kartm\u0131\u015f olmam\u0131z nedeniyle Alevileri ba\u015fta Siyasal \u0130slam olmak \u00fczere\u00a0 J\u00f6nt\u00fcrk ve K\u00fcrt\/ARAP (EKRAT) Kimli\u011fi i\u00e7inde eritmeye \u00e7al\u0131\u015fan K\u00fcresel g\u00fc\u00e7ler ile onlar\u0131n yerli u\u015faklar\u0131 Face sayfalar\u0131nda \u201c\u00e7amur at izi kals\u0131n\u201d hesab\u0131yla \u015fahs\u0131ma y\u00f6nelik\u00a0 karalama kampanyalar\u0131na y\u00f6nelmi\u015flerdir.<\/p>\n<p>YOLUN EZEL\u0130 adl\u0131 Sitemde\u00a0 ;<\/p>\n<p>Ali\u2019nin S\u00fcmer tanr\u0131s\u0131 El\u2019in nitelik ve i\u015flevlerine b\u00fcr\u00fcnd\u00fcr\u00fclen tarihi bir ki\u015fi,<\/p>\n<p>Krallar\u0131n G\u00fcne\u015f Tanr\u0131s\u0131n\u0131n\u00a0nitelik ve i\u015flevleriyle donat\u0131lm\u0131\u015f tarihi ki\u015filikler,<\/p>\n<p>Alevilerin Anadolu \u2013K\u0130. ENGUR\u00a0 (\u0131rmaklar aras\u0131 \u2013MEZOPOTAMYA ) topraklar\u0131n\u0131n asli sahibi olan kadim halk,<\/p>\n<p>T\u00fcrk,K\u00fcrt ve Alevi \u0130slam\u0131n Anadolu Alevilerini asimile eden\u00a0 Irk\u00e7\u0131 olu\u015fumlar,<\/p>\n<p>K\u00fcrtlerin \u0130.\u00d6 12 YY da Do\u011fu Avrupa\u2019dan gelen Bacnavi ve Boht topluluklar\u0131 olduklar\u0131n\u0131n a\u00e7\u0131klanmas\u0131yla;<\/p>\n<p>Siyasal \u0130slam karde\u015fli\u011fine dayal\u0131 bin y\u0131ll\u0131k asimilasyon program\u0131 kapsam\u0131nda T\u00fcrk,K\u00fcrt ve Alevi-\u0130slam adlar\u0131yla paketlenen Alevi halk\u0131, \u00e7al\u0131\u015fmalar\u0131m\u0131z\u0131n g\u00f6sterdi\u011fi y\u00f6nde \u00a0\u0130slam \u00f6ncesi\u00a0 Anadolu\u00a0 Alevili\u011fine y\u00f6nelmi\u015f,bu s\u00fcre\u00e7te\u00a0 Avrupa ve T\u00fcrkiye\u2019de taban kaybetmeye ba\u015flayan \u00a0\u0131rk\u00e7\u0131-\u015foven\u00a0\u00a0 \u00f6rg\u00fctlerse, devrimci, solcu vb. \u00f6n ekli \u201c\u2026\u2026Alevi\u201d ad\u0131yla yeni paravan \u00f6rg\u00fct ve platformlar olu\u015fturmaya ba\u015flam\u0131\u015flard\u0131r.A\u015fa\u011f\u0131daki yaz\u0131, ba\u015fta DAB \u00fcyesi oldu\u011funu belirten Haydar CEYLAN olmak \u00fczere yak\u0131n \u00e7evresi ve ba\u015fkaca platformlarda k\u00fcmelenmi\u015f Alevi\u00a0 edebi,erkan\u0131 ve yolundan mahrum olduklar\u0131 anla\u015f\u0131lan ve AB\u2019nin sosyal yard\u0131mlar\u0131yla emperyalist k\u00fclt\u00fcr,ideoloji ve \u00f6rg\u00fctlenmelere mahkum edilmi\u015f ki\u015fi ve \u00e7evrelerin \u015fahs\u0131mla ilgili ba\u015flatt\u0131klar\u0131 karalama kampanyas\u0131 nedeniyle yaz\u0131lm\u0131\u015ft\u0131r.<\/p>\n<p>Sivas Katliam\u0131 sonras\u0131nda h\u0131zl\u0131 bir \u00f6rg\u00fctlenme s\u00fcrecine giren Aleviler, insanl\u0131k tarihi , dinler tarihi ve Anadolu uygarl\u0131klar\u0131 konusunda tarihsel bilin\u00e7ten yoksun olduklar\u0131 bir ortamda k\u00fcresel g\u00fc\u00e7lerin Anadolu-Mezopotamya\u2019n\u0131n i\u015fgali kapsam\u0131nda hayat verdikleri T\u00fcrk, K\u00fcrt ve Alevi \u0130slam tabanl\u0131\u00a0 \u0131rk\u00e7\u0131 ve dini ideolojilerle ku\u015fat\u0131lm\u0131\u015f, ge\u00e7en yirmi be\u015f y\u0131ll\u0131k s\u00fcre\u00e7te\u00a0 bilimsel ve tarihi temelde beklenen Alevi Halk Ayd\u0131nlanmas\u0131 ve ba\u011fl\u0131 olarak Anadolu Alevi-Bekta\u015fi Tarz\u0131 \u00a0Halk\u00a0 \u00d6rg\u00fctlenmesi ger\u00e7ekle\u015fmemi\u015ftir. Alevilerin binlerce y\u0131ll\u0131k k\u00fclt\u00fcrel miras\u0131na dayal\u0131 ara\u015ft\u0131rma, belgeleme ,dok\u00fcmantasyon, e\u011fitim ve yay\u0131n hizmetleri i\u00e7in zorunlu olan bilimsel \u00a0kurumlar olu\u015fturulmam\u0131\u015ft\u0131r. CHP ve HDP\u2019nin ku\u015fatt\u0131\u011f\u0131\u00a0 Alevi STK\u2019lar\u0131n\u0131n Anadolu uygarl\u0131klar\u0131na ba\u011fl\u0131 bilimsel \u00e7al\u0131\u015fmalar\u0131 \u00f6telemesi ve g\u00f6rmezlikten gelmesiyle\u00a0 Alevi halk varl\u0131\u011f\u0131 T\u00fcrk-K\u00fcrt ve Alevi \u0130slam yap\u0131la\u015fmas\u0131na mahkum edilmi\u015ftir. Arkeolojik\u00a0 kaz\u0131larla ortaya \u00e7\u0131kar\u0131lan yaz\u0131l\u0131 ve g\u00f6rsel verilere dayal\u0131 Anadolu Alevili\u011finin S\u00fcmer, Hatti,Hitit, Hurri ve Luvi gibi kadim halklara dayal\u0131 tarihi temellerinin a\u00e7\u0131\u011fa \u00e7\u0131kar\u0131lmas\u0131yla \u00e7o\u011fu Alevi\u00a0 Dernekleriyle Vak\u0131flar\u0131 \u00a0CHP ile HDP\u2019nin arka bah\u00e7esi haline getirilmi\u015f,Pir Sultan Abdal K\u00fclt\u00fcr Dernekleri Siyasal T\u00fcrk , K\u00fcrt ve Alevi \u0130slam\u00a0 yolakl\u0131 vekil rampas\u0131 ve bu vekiller arac\u0131l\u0131\u011f\u0131yla Alevi direni\u015fini kontrol etme i\u015flevine soyunmu\u015f, Karacaahmet, \u015eahkulu, H\u00fcseyin Gazi gibi onlarca Alevi K\u00fclt\u00fcr Miras\u0131 yanda\u015f\u00a0 STK\u2019lar\u0131n eline verilmi\u015ftir. Anadolu&#8217;nun kadimden tanr\u0131 Oca\u011f\u0131 olan Hac\u0131 Bekta\u015f-\u0131 Veli Oca\u011f\u0131n\u0131n karart\u0131lmas\u0131 i\u00e7in Arap k\u00f6kenli Alevi \u0130slamc\u0131 \u00e7akma ocaklar yeniden \u00f6rg\u00fctlendirilerek \u00f6ne \u00e7\u0131kar\u0131lm\u0131\u015f, Ser\u00e7e\u015fme Dergah\u0131\u2019n\u0131n Alevi Halk\u00e7a geri al\u0131nmas\u0131n\u0131 engellemek amac\u0131yla\u00a0 CHP Ankara\u00a0 Yenimahalle ve \u00c7ankaya Belediyeleri arac\u0131l\u0131\u011f\u0131yla iki adet Ser\u00e7e\u015fme Cem ve K\u00fclt\u00fcr Merkezi yaparak birini Nak\u015fibendi\u00a0 yolakl\u0131 Veliyettin ULUSOY\u2019a tahsis etmi\u015f,CHP ile HDP \u201cAlevi-Sunni\u201d kar\u015f\u0131tl\u0131\u011f\u0131 i\u00e7inde Siyasal \u0130slam-Alevi \u0130slam propagandalar\u0131 y\u00fcr\u00fctm\u00fc\u015ft\u00fcr. YOL TV &#8216;de ba\u015flatt\u0131\u011f\u0131m YOLUN EZEL\u0130 PROGRAMINI bo\u015fa \u00e7\u0131karmak amac\u0131yla AKP&#8217;nin ba\u015flatt\u0131\u011f\u0131 Sahte Alevi a\u00e7\u0131l\u0131mlar\u0131n\u0131 destekleyen\u00a0 Hac\u0131 Bekta\u015f-\u0131 Veli Anadolu K\u00fclt\u00fcr Vakf\u0131\u00a0 toplumsal beklentileri bo\u015fa \u00e7\u0131karm\u0131\u015f, CEM Vakf\u0131 Siyasal \u0130slamc\u0131 Alevi \u0130slam politikalar\u0131yla Kadim Alevilik ile Alevi Halk Kimli\u011fini karartma faaliyetlerini y\u00fcr\u00fctm\u00fc\u015f, Av.Ali Y\u0131ld\u0131r\u0131m ve G\u00fcla\u011f \u00d6z&#8217;\u00fcn y\u00f6netti\u011fi H\u00fcseyin Gazi Derne\u011fi ve Vakf\u0131\u00a0 H\u00fcseyin Gazi Makam T\u00fcrbesine Mescit yapm\u0131\u015f, bunun ard\u0131ndan\u00a0 Alevi kurumlar\u0131na Cami-Cemevi projeleri dayat\u0131lm\u0131\u015f, buna kar\u015f\u0131n Alevi toplumunun insan hak ve h\u00fcrriyetleri konusundaki hakl\u0131 talepleri yerine getirilmemi\u015ftir.<\/p>\n<p>Yukar\u0131da \u00f6zetlenen s\u00fcre\u00e7teki politikalar\u0131n yan\u0131 s\u0131ra yurt i\u00e7i ve d\u0131\u015f\u0131nda olu\u015fturulan T\u00fcrk,K\u00fcrt ve Alevi \u0130slamc\u0131 \u00f6rg\u00fctlerin Alevi halka dayatt\u0131klar\u0131 Alevi \u0130slam yap\u0131la\u015fmas\u0131na taraf\u0131m\u0131zca kar\u015f\u0131 \u00e7\u0131k\u0131lm\u0131\u015f, Alevi halk kimli\u011fi ile Anadolu Alevili\u011fini \u0130slam \u00f6ncesi kadim\u00a0 temelleri\u00a0 \u00fczerinde\u00a0 yeniden in\u015fa etmek amac\u0131yla \u00a0ki\u015fisel olarak 80\u2019li y\u0131llardan ba\u015flayarak g\u00fcn\u00fcm\u00fcze dek s\u00fcrd\u00fcr\u00fclen k\u00fclt\u00fcrel ve bilimsel \u00e7al\u0131\u015fmalar \u00f6zetle a\u015fa\u011f\u0131da sunulmu\u015ftur.<\/p>\n<p><strong>\u00a01<\/strong>-Sivas- Banaz P\u0130R SULTAN ABDAL ANITI \u00a0F\u0130K\u0130R \u00a0ve UYGULAMA PROJES\u0130 : Cahit Ko\u00e7\u00e7oban,Kemal Soyer, Cihangir Canbolat\u00a0 ,Mustafa Akpolat\u00a0 ve Murtaza Demir \u00a0(1978),Hatti G\u00fcne\u015fi \u00a0Formunda Birlik Meydan\u0131 ve Anfi Tiyatro Yap\u0131m\u0131 :Kemal SOYER (1993) .<\/p>\n<p>Ana tema : Alevili\u011fin \u00a0toplumsal \u00a0ve k\u00fclt\u00fcrel \u00a0direni\u015f sembol\u00fc olan Pir Sultan Abdal ad\u0131yla Anadolu Alevili\u011fini \u00a0kadim k\u00f6kleri \u00fczerinde canland\u0131rmak, k\u0131rsal yerle\u015fmelerde Anadolu Halk k\u00fclt\u00fcr\u00fcne dayal\u0131 toplumsal haf\u0131zay\u0131 evreni k\u00fclt\u00fcrel\u00a0 de\u011ferlerle g\u00fc\u00e7lendirmek,<\/p>\n<p><strong>2<\/strong>-Sivas -\u015eark\u0131\u015fla\u00a0 Sivrialan K\u00f6y\u00fc A\u015f\u0131k Veysel \u00a0\u015eat\u0131ro\u011flu Evi\u2019nin M\u00fcze\u2019ye d\u00f6n\u00fc\u015ft\u00fcr\u00fclmesi (1980) Kemal SOYER.<\/p>\n<p>Ana Tema:A\u015f\u0131k Veysel M\u00fczesi, Anadolu Halk k\u00fclt\u00fcr\u00fc ve Ozanl\u0131k gelene\u011finin ya\u015fat\u0131lmas\u0131,<\/p>\n<p><strong>3<\/strong>-Antalya- Elmal\u0131 Tekke K\u00f6y\u00fc Abdal Musa K\u00fclt\u00fcr Merkezi ve Amfi Tiyatro Yap\u0131m\u0131 Projesi.Kemal SOYER (1993)<\/p>\n<p>Ana tema:Abdal Musa K\u00fclt\u00fcr Merkezi\u00a0 arac\u0131l\u0131\u011f\u0131yla Alevi tarihi, k\u00fclt\u00fcr\u00fc ve edebi kaynaklar\u0131\u00a0 temelinde y\u00f6re Alevilerinin e\u011fitimi ve k\u00fclt\u00fcr \u015fenlikleri yoluyla Alevili\u011fin -Anadolu halk k\u00fclt\u00fcr\u00fcn\u00fcn geni\u015f kitlelere tan\u0131t\u0131m\u0131,<\/p>\n<p><strong>4-<\/strong>Ankara Hac\u0131 Bekta\u015f-\u0131 \u00a0Veli Anadolu K\u00fclt\u00fcr Merkezi Projesi\u00a0 ve uygulamas\u0131 (1994).Kemal SOYER<\/p>\n<p>Ana tema: H\u0131z\u0131r-Hnkar Hazzi Bekta\u015f Veli K\u00fclt\u00fcne\u00a0 Hizmet ama\u00e7l\u0131\u00a0 Anadolu Alevili\u011finin k\u00fclt\u00fcr ve bilim merkezleri arac\u0131l\u0131\u011f\u0131yla kurumla\u015ft\u0131r\u0131lmas\u0131, halk\u0131n ekonomik,k\u00fclt\u00fcrel ve sosyal a\u011flarla b\u00fct\u00fcnle\u015ftirilmesi.Alevi k\u00fclt\u00fcr ve do\u011fa miras\u0131n\u0131n ara\u015ft\u0131r\u0131l\u0131p korunmas\u0131.E\u011fitim,bilim,ara\u015ft\u0131rma ,dok\u00fcmantasyon ve yay\u0131n organlar\u0131n\u0131n olu\u015fturulmas\u0131.<\/p>\n<p><strong>5-<\/strong>K\u00fclt\u00fcrlerin Belle\u011fi\u00a0 Anadolu Afi\u015fi (1999)-30.000.adet. K\u00fclt\u00fcr Bakanl\u0131\u011f\u0131\u2013Tasar\u0131m Kemal SOYER<\/p>\n<p>Ana tema: Anadolu Alevi-Bekta\u015fi\u00a0 k\u00fclt\u00fcr ve uygarl\u0131k ekininin Arkeolojik belgelerle ortaya konulmas\u0131.<\/p>\n<p><strong>6<\/strong>-K\u00fclt\u00fcr Bakanl\u0131\u011f\u0131 ana binas\u0131 cephesine Anadolu Uygarl\u0131klar\u0131\u00a0 ve bu kapsamda Alevi temal\u0131 r\u00f6lyeflerin yap\u0131lmas\u0131.Bu \u00e7al\u0131\u015fma taraf\u0131mdan planlanm\u0131\u015f,sanat\u00e7\u0131\u00a0 Cahit Ko\u00e7\u00e7oban ile Ali Ekber Bal taraf\u0131ndan uygulanm\u0131\u015ft\u0131r.S\u00f6z konusu \u00e7al\u0131\u015fma halen ayn\u0131 yap\u0131 cephesinde korunmaktad\u0131r.(2018 de y\u0131kt\u0131r\u0131lm\u0131\u015ft\u0131r)<\/p>\n<p><strong>7<\/strong>-Hitit D\u00f6nemi Alevi eserlerinden olu\u015fan \u0130svi\u00e7re St.Gallen Alevi K\u00fclt\u00fcr Merkezi,AABF K\u00f6ln Genel Merkez Binas\u0131 K\u00fclt\u00fcr merkezi Tasar\u0131m\u0131,Varto \u00c7aylar ve G\u00f6lyayla \u00a0K\u00f6yleri Cem Evi Projeleri , Ayd\u0131n \u00c7ine Tahtac\u0131 K\u00fclt\u00fcr ve E\u011fitim Merkezi Projesi\u00a0 yap\u0131m\u0131\u00a0 , \u0130zmir Buca, Konya Ere\u011fli,Mersin Merkez Cem evi\u00a0 ve K\u00fclt\u00fcr merkezleri\u00a0 projelerine mimari\u00a0 katk\u0131 \u00a0verilmi\u015ftir.<\/p>\n<p><strong>8<\/strong>-YOLUN EZEL\u0130 PROGRAMI\u00a0 kapsam\u0131nda 1994 den ba\u015flayarak \u00a0TMMOB- Mimarlar Odas\u0131 Ankara K\u00fclt\u00fcr Komisyonu \u00c7al\u0131\u015fmalar\u0131 \u00a0kapsam\u0131nda (5),T\u00fcrkiye Geneli \u00a0(45), Almanya(14), Fransa(1), \u0130ngiltere(1), Avusturya(2), \u0130svi\u00e7re(1),Danimarka (3),Hollanda\u2019da (1)\u00a0 kez 3 saat s\u00fcreli Anadolu Alevili\u011fi saydam g\u00f6sterileri sunumlar\u0131 ve Belgesel Konferans verilmi\u015ftir. Varto \u00f6zelinde 2012-2014 aras\u0131 \u00fc\u00e7 kez \u201cHAMURPET ALEV\u0130 \u015eENL\u0130KLER\u0130 \u201c d\u00fczenlenmi\u015f y\u00f6rede Alevi k\u00fclt\u00fcr\u00fc canland\u0131r\u0131lm\u0131\u015ft\u0131r.<\/p>\n<p><strong>9<\/strong>-YOLUN EZEL\u0130 PROGRAMI . 45\u2019er dakika s\u00fcreli 16 b\u00f6l\u00fcmden olu\u015fan bu program, Anadolu Alevili\u011fini Anadolu uygarl\u0131klar\u0131n\u0131 olu\u015fturan kadim\u00a0 k\u00f6kleriyle belgesel\u00a0 tarzda ortaya koymu\u015f,Alevilerin bu topraklar\u0131n asli sahibi halk oldu\u011fu ger\u00e7e\u011fini T\u00fcrkiye ve d\u00fcnya kamuoyuna g\u00f6stermi\u015f,YOL TV ekranlar\u0131ndan sunulan bu program\u00a0 toplumda \u201cAlevili\u011fin Tarihsel Haf\u0131zas\u0131\u201d i\u015fleviyle yer alm\u0131\u015ft\u0131r.<\/p>\n<p><strong>10<\/strong>-YOLUN EZEL\u0130 S\u0130TES\u0130\u2019nin kurulu\u015fu\u00a0 19.06.2011<\/p>\n<p>2011&#8242; den beri yay\u0131nda olan bu site, Kemal SOYER\u2019in bilimsel \u00e7al\u0131\u015fmalar\u0131n\u0131 yayg\u0131nla\u015ft\u0131rm\u0131\u015f, Siteye olan ilgi giderek \u00e7o\u011falm\u0131\u015f,g\u00fcnl\u00fck okuyucu say\u0131s\u0131 ortalama 80-150 ki\u015fiye ula\u015fm\u0131\u015ft\u0131r.Bu sitede yay\u0131mlanan makalelerle Anadolu-Mezopotamya&#8217;y\u0131 i\u015fgale \u00e7al\u0131\u015fan K\u00fcresel G\u00fc\u00e7lerin tezleri \u00a0ama\u00e7 ve i\u00e7erikleriyle sergilenerek \u00e7\u00fcr\u00fct\u00fclm\u00fc\u015f, K\u00fcrtlerin Avrupa\u2019dan gelen BACNAV\u0130 ve BOHT, Zazaca konu\u015fan Alevilerle ,ZAZA\u2019lar\u0131n\u00a0 S\u00dcMER ,HATT\u0130\u00a0 H\u0130T\u0130T halklar\u0131n\u0131n torunlar\u0131 oldu\u011fu belgeleriyle ispatlanm\u0131\u015ft\u0131r.<\/p>\n<p><strong>11-<\/strong> Anadolu Uygarl\u0131klar\u0131ndan kaynakl\u0131 Alevilik ile Alevilerin kadim halk oldu\u011fu ger\u00e7e\u011fi\u00a0 K\u00fclt\u00fcrlerin Belle\u011fi Anadolu Afi\u015fiyle ba\u015fta CHP Eski Genel Ba\u015fkan\u0131 Deniz Baykal olmak \u00fczere T\u00fcrk \u0130slamc\u0131 Kemal KILI\u00c7TARO\u011eLU, \u00a0Murat KARAYAL\u00c7IN, Adnan Keskin, eski K\u00fclt\u00fcr Bakanlar\u0131 Fikri Sa\u011flar,Ertu\u011frul G\u00dcNAY\u00a0 ve \u0130stemihan TALAY\u2019n yan\u0131s\u0131ra TKP Eski Genel Sekreteri\u00a0 Haydar KUTLU gibi ki\u015filere tebli\u011f edilmi\u015f , PSAKD Genel Merkezi, Hac\u0131 Bekta\u015f-\u0131 Veli Anadolu K\u00fclt\u00fcr Vakf\u0131, Cem VAKFI gibi Alevi STK\u2019lar\u0131 ile HDP Ankara \u0130l te\u015fkilat\u0131 ,TMMOB, TBB , Ankara\u00a0 Barosu ve bir \u00e7ok siyasi partiye\u00a0 g\u00f6nderilen afi\u015flerle duyurulmu\u015ftur.<\/p>\n<p><strong>12-<\/strong>Alevi K\u00fclt\u00fcr\u00fc ve Halk Kimli\u011finin Hititlerle ili\u015fkisi\u00a0 konusunda \u00a0Ankara Milletvekili \u00a0Prf.Dr.Mehmet TOMANBAY\u00a0 arac\u0131l\u0131\u011f\u0131yla TBMM\u2019ne sunulan \u00c7orum Ortak\u00f6y\u00a0 \u015eapinuva Kaz\u0131 verileri \u00fczerinden \u201d <strong>G\u00fcn\u00fcm\u00fczde ya\u015fayan Anadolu k\u00fclt\u00fcr\u00fcn\u00fcn\u00a0 Hitit\u00a0 k\u00fclt\u00fcr\u00fcyle ili\u015fkisi \u00a0varm\u0131d\u0131r <\/strong>? \u201c konulu 7\/12534-18873 Esas Nolu soru \u00f6nergesine\u00a0 K\u00fclt\u00fcr Bakan\u0131 Atilla KO\u00c7 imzal\u0131 cevabi yaz\u0131da \u201c<strong>Hitit K\u00fclt\u00fcr\u00fc g\u00fcn\u00fcm\u00fczde ya\u015fayan Anadolu K\u00fclt\u00fcr\u00fcn\u00fc olu\u015fturan \u00f6nemli \u00f6gelerden biridir<\/strong>\u201d a\u00e7\u0131klamas\u0131yla T\u00fcrklerin 1071 de Orta Asya\u2019dan geldi\u011fini ilan eden Siyasal \u0130slamc\u0131 Devlet, Anadolu \u00a0K\u00fclt\u00fcr\u00fcn\u00fcn dolay\u0131s\u0131yla \u00a0Anadolu Alevili\u011finin Hitit k\u00fclt\u00fcr\u00fcyle ba\u011flant\u0131s\u0131n\u0131 a\u00e7\u0131k\u00e7a kabul etmi\u015ftir.<\/p>\n<p><strong>13<\/strong>-KAYSER\u0130 KARA\u00d6Z\u00dc \u015eAHRUHLULAR DERNE\u011e\u0130\u2019nce \u00a02014 -2016 aras\u0131nda\u00a0 Ankara, \u00c7orum, \u0130zmir, Mersin,Antalya ve \u00c7orum Ku\u015fsaray \u2018da d\u00fczenlenen K\u00fclt\u00fcr etkinliklerine kat\u0131l\u0131nm\u0131\u015f ,Prof.Mehmet Tomanbay, CHP Milletvekili\u00a0 G\u00fcls\u00fcm B\u0130LGEHAN\u00a0 ve MHP eski Milletvekili Yusuf HALLA\u00c7O\u011eLU\u2019nun\u00a0 da bulundu\u011fu platformlarda Anadolu Alevili\u011fi belgeleriyle sunulmu\u015f, \u0131rk\u00e7\u0131\u00a0 ve inkarc\u0131 \u00e7evrelere gereken yan\u0131tlar verilmi\u015ftir.<\/p>\n<p>Yukar\u0131da sunulan bilimsel ve k\u00fclt\u00fcrel \u00e7al\u0131\u015fmalar sonucunda Alevili\u011fin \u0130slam\u0131n Mezhebi , Alevilerinse etnik temelde K\u00fcrt,T\u00fcrk veya Arap olduklar\u0131na y\u00f6nelik siyasi\u00a0 iddialar ile \u0131rk\u00e7\u0131 politikalar \u00e7\u00f6kertilmi\u015f, Anadolu Alevi Gen\u00e7li\u011fi \u00a0Anadolu Uygarl\u0131klar\u0131\u00a0 temelinde \u00a0kadim kimliklerinin yan\u0131 s\u0131ra \u00a0giderek a\u011f\u0131rla\u015fan ya\u015fam sorunlar\u0131n\u0131n nedenlerini de\u00a0 kadim\u00a0 tarih ve k\u00fclt\u00fcr varl\u0131klar\u0131 \u00fczerinden yeniden sorgulama s\u00fcrecine girmi\u015ftir.<\/p>\n<p>Anadolu\u2019da 250 y\u0131l \u00f6ncesinden g\u00fcn\u00fcm\u00fcze s\u00fcren\u00a0 bilimsel kaz\u0131 ve ara\u015ft\u0131rmalarla a\u00e7\u0131\u011fa \u00e7\u0131kar\u0131lan\u00a0 \u00f6ren yerlerinin yan\u0131 s\u0131ra yerli\u00a0 M\u00fczeler ile Alman ,Frans\u0131z, \u0130ngiliz, Avusturya ve Amerika\u00a0 gibi \u00fclkelere\u00a0 \u00e7o\u011fu ka\u00e7ak yollardan a\u015f\u0131r\u0131lm\u0131\u015f yaz\u0131l\u0131 ve g\u00f6rsel tarih verileri\u00a0 bu topraklarda S\u00fcmer, Hatti,Hitit, Luvi , Hurri ve Urartu gibi\u00a0 gibi kadim uygarl\u0131klar\u0131n varl\u0131\u011f\u0131n\u0131 ortaya koymu\u015f, ancak, yerli ve yabanc\u0131 bilimsel yay\u0131nlarda bu halklar ile Anadolu Alevileri aras\u0131nda ba\u011f kuran tek bir sat\u0131r a\u00e7\u0131klamaya yer verilmemi\u015fti. Osmanl\u0131y\u0131 y\u0131kan Bat\u0131n\u0131n i\u015fgal -s\u00f6m\u00fcr\u00fc\u00a0 ve asimilasyon\u00a0 ama\u00e7l\u0131 tasar\u0131m ve uygulamalar\u0131na sahne olan Cumhuriyet,\u00a0 Bat\u0131n\u0131n Paris\u2019te kurulan\u00a0 \u0130ttihat-Terakki Partisi, Ermeni Ta\u015fnak Partisi ve K\u00fcrt Tealli Cemiyeti \u00fczerinden pompalad\u0131\u011f\u0131 \u0131rk\u00e7\u0131\u00a0 ve ayr\u0131\u015ft\u0131r\u0131c\u0131 politikalar e\u015fli\u011finde Anadolu Alevilerinin atalar\u0131 olan S\u00fcmer ve Hititler Orta Asya orijinli T\u00fcrk, Anadolu Alevileri de Sel\u00e7uklu T\u00fcrk,T\u00fcrkmen\u00a0 K\u00fcrt\u00a0 ve Alevi \u0130slam olarak ilan edilmi\u015f, b\u00f6ylece Alevilerle di\u011fer yerli halklar Anadolu\u2019daki tarihsel varl\u0131klar\u0131ndan \u00a0soyutlanarak yurtlar\u0131nda i\u015fgalci konuma d\u00fc\u015f\u00fcr\u00fclm\u00fc\u015ft\u00fc.<\/p>\n<p>Cumhuriyet D\u00f6nemindeki\u00a0 siyasi varl\u0131\u011f\u0131n\u0131 K\u00fcrt kar\u015f\u0131tl\u0131\u011f\u0131 \u00fczerinden geli\u015ftiren\u00a0 \u0130ttihat\u00e7\u0131 T\u00fcrk-\u0130slamc\u0131 g\u00fc\u00e7, Alevilerin\u00a0 yasama, y\u00fcr\u00fctme ve yarg\u0131 erklerinden uzak tutuldu\u011fu\u00a0 Siyasal \u0130slamc\u0131 politik zeminde g\u00fcn\u00fcm\u00fczdeki\u00a0 K\u00fcrt \u2013\u0130slam hareketini\u00a0 de canland\u0131r\u0131l\u0131p\u00a0 Parlementoya ta\u015f\u0131nm\u0131\u015f, \u0131rk\u00e7\u0131 kesimlerin \u201cT\u00fcrkiye T\u00fcrklerindir\u201d slogan\u0131yla benzer \u015fekilde \u201dK\u00fcrdistan K\u00fcrtlerindir\u201d\u00a0 s\u00f6ylemiyle ortaya \u00e7\u0131kan Yeni K\u00fcrt Hareketi de Anadolu Alevilerini T\u00fcrk, K\u00fcrt ve Alevi \u0130slam olarak tan\u0131mlam\u0131\u015f, b\u00f6lgedeki Asuri, Keldani, Arap, Ezidi, Nusayri, Alevi ve T\u00fcrkmen gibi kadim halklar\u0131n t\u00fcm\u00fcn\u00fc\u00a0 \u201cK\u00fcrt\u201d ad\u0131yla paketlemi\u015ftir. Bilimsel zeminde\u00a0 belgeleriyle kan\u0131tlanm\u0131\u015f Ortado\u011fu\u00a0 tarihine ayk\u0131r\u0131 olarak K\u00fcresel g\u00fc\u00e7lerin\u00a0 BOP kapsam\u0131nda uygulad\u0131klar\u0131\u00a0 sahte\u00a0 tarih \u00a0ile k\u00f6kten dinci\u00a0 k\u00fclt\u00fcr ve e\u011fitim politikalar\u0131 e\u015fli\u011finde\u00a0 S\u00fcmerli, Hititli ve Hurrili\u00a0 Aleviler\u00a0 Anadolu-K\u0130.ENGUR \u2019adaki (\u0131rmaklar aras\u0131)\u00a0 tarihi k\u00f6klerinden\u00a0 kopar\u0131larak \u0130slamik mezhep boyutuna indirgenmi\u015f,\u00a0 Anadolu k\u00f6kenli olmay\u0131p Sel\u00e7uklu\u00a0 ve Osmanl\u0131\u00a0 D\u00f6nemleri boyunca egemen g\u00fc\u00e7lerle i\u015fbirli\u011fi yaparak yerel halklar\u0131 katledip ,topraklar\u0131n\u0131 i\u015fgal eden topluluklar\u0131n \u00f6nemli bir kesimi K\u00fcresel\u00a0 g\u00fc\u00e7lere hizmet eden yeni birer ta\u015feron olarak yap\u0131land\u0131r\u0131lm\u0131\u015ft\u0131r.<\/p>\n<p>Ger\u00e7ekle\u015ftirdi\u011fim uygulamal\u0131 proje ve yay\u0131nlar s\u00fcrecinde Anadolu Uygarl\u0131klar\u0131na ait tarihi belgelerden ve halk k\u00fclt\u00fcr\u00fcnden edindi\u011fim bilgi ve tarihsel deneyimlerle yerli -yabanc\u0131 g\u00fc\u00e7ler ve Alevi -\u0130slam \u00f6rg\u00fctlerince \u201dALEV\u0130-SUNN\u0130\u201d kar\u015f\u0131tl\u0131\u011f\u0131 i\u00e7inde kas\u0131tl\u0131 olarak \u0130slam\u0131n Mezhebi olarak sunulan Anadolu Alevili\u011finin \u00a0\u0130slam\u0131n i\u00e7ine s\u0131\u011fmayan kadim bir k\u00fclt\u00fcr,tarih \u00a0ve uygarl\u0131k birikimi , Alevilerinse Anadolu\u2019nun kadim halk\u0131 oldu\u011fu ger\u00e7e\u011fi\u00a0 belgeleriyle ortaya konulmu\u015ftur. Bu \u00e7al\u0131\u015fmalar\u0131n \u00f6nc\u00fcl\u00fc\u011f\u00fcnde\u00a0 baz\u0131 ara\u015ft\u0131rmac\u0131 ve yazarlar Anadolu Uygarl\u0131klar\u0131yla ilgilenmeye ba\u015flam\u0131\u015f, kitaplar\u0131n\u0131n kapaklar\u0131na \u00a0S\u00fcmer ,Hatti ve Hitit eserleri koyarak ilgi \u00e7ekmeye \u00e7al\u0131\u015fm\u0131\u015f olsalar da , \u00e7al\u0131\u015fmalar\u0131nda kadim halklara y\u00f6nelik kendi tespitleri olan herhangi bir belge ve bulgu sunamam\u0131\u015flard\u0131r.Yine bir \u00e7ok pop\u00fclist yazar Siyasal \u0130slamc\u0131 T\u00fcrk ,Arap ve K\u00fcrt politikalar\u0131na uygun olarak\u00a0 Ezel Ali, Hac\u0131 Bekta\u015f-\u0131 Veli , Abdal Musa\u00a0 ve Yunus gibi erenleri \u00a0Siyasal \u0130slam\u0131n belirledi\u011fi\u00a0 siyasi konsepte uygun olarak tarihi birer \u015fahsiyet olarak sunmu\u015f,\u015fahs\u0131m ise bu erenlerin kimliklerine y\u00f6nelik\u00a0 Anadolu Uygarl\u0131klar\u0131ndan\u00a0 tarihi belgeler sunarak\u00a0 Siyasal \u0130slamc\u0131 resmi \u00a0ve \u0131rk\u00e7\u0131 tezleri \u00e7\u00fcr\u00fctm\u00fc\u015ft\u00fcr.<\/p>\n<p>25 y\u0131ldan beri Almanya,Avusturya ,Fransa,\u0130svi\u00e7re,Danimarka ,Hollanda ve T\u00fcrkiyede\u00a0 onlarca belgesel konferans ve saydam sunumlar\u0131yla Anadolu Uygarl\u0131klar\u0131 temelinde a\u00e7\u0131klad\u0131\u011f\u0131m\u0131z Anadolu Alevili\u011fi ve Alevi Halk Kimli\u011fi ger\u00e7e\u011fi\u00a0 halk\u0131 etkilemi\u015f,ancak ,\u00a0 \u00e7al\u0131\u015fmalar\u0131m\u0131z\u0131 rehber edinerek Alevi \u0130slam yap\u0131la\u015fmas\u0131n\u0131 a\u015fan Alevi gen\u00e7li\u011fi, bu kez Avrupa&#8217;dan beslenen Alevilik ad\u0131yla s\u0131rlanm\u0131\u015f yeni \u00a0bir tak\u0131m \u0131rk\u00e7\u0131 \u00f6rg\u00fctlerle kar\u015f\u0131 kar\u015f\u0131ya kalm\u0131\u015ft\u0131r.<\/p>\n<p><strong>12-<\/strong> <strong>Devlet Memuru ,Y\u00f6netici ve Teknokrat Olarak Kemal SOYER<\/strong>:<\/p>\n<p>T\u00fcrk \u0130slamc\u0131 kurumla\u015fma ve k\u00fclt\u00fcr politikalar\u0131n\u0131n hakim oldu\u011fu bir s\u00fcre\u00e7ten itibaren\u00a0 Alevi Kimli\u011fi konusunda geleneksel halk k\u00fclt\u00fcr\u00fcn\u00fcn yan\u0131 s\u0131ra kadim uygarl\u0131klar\u0131 ara\u015ft\u0131rmaya y\u00f6nelmi\u015ftim. Bakanl\u0131\u011f\u0131n Eski Eserler ve M\u00fczeler Genel M\u00fcd\u00fcrl\u00fc\u011f\u00fc ,Ankara R\u00f6leve ve An\u0131tlar M\u00fcd\u00fcrl\u00fc\u011f\u00fc\u00a0 ve\u00a0 K\u00fclt\u00fcr ve Tabiat Varl\u0131klar\u0131n\u0131 Koruma Genel M\u00fcd\u00fcrl\u00fc\u011f\u00fcnde\u00a0 M\u00fcd\u00fcr, \u015eube M\u00fcd\u00fcrl\u00fc\u011f\u00fc, Daire Ba\u015fkanl\u0131\u011f\u0131, Koruma Y\u00fcksek Kurul \u00dcyeli\u011fi ve Genel M\u00fcd\u00fcr\u00a0 gibi yetkin \u00fcst g\u00f6revler s\u00fcrecinde\u00a0 Devleti ve toplumu ku\u015fatan\u00a0 Siyasal \u0130slamc\u0131 ideolojinin inkar ve asimile etti\u011fi Anadolu\u00a0 uygarl\u0131klar\u0131 alan\u0131nda s\u00f6z sahibi olabilmek, yerli ve yabanc\u0131\u00a0 kaynaklar\u0131n bu k\u00fclt\u00fcr\u00fc inkar eden s\u00f6zde bilimsel (!) tezlerini \u00e7\u00fcr\u00fctmek\u00a0 ad\u0131na\u00a0 bilimsel\u00a0 kariyerimi Y.Lisans ve tez a\u015famas\u0131na kadar doktora \u00e7al\u0131\u015fmalar\u0131yla geli\u015ftirmi\u015f, mevcut\u00a0 k\u00fclt\u00fcr\u00a0 ve tarih politikalar\u0131na muhalif bir bilim,k\u00fclt\u00fcr ve sanat adam\u0131\u00a0 olarak \u00f6ne \u00e7\u0131km\u0131\u015ft\u0131m.<\/p>\n<p>ANAP\u2019l\u0131 M\u00fckerrem Ta\u015f\u00e7\u0131o\u011flu\u2019nun Bakanl\u0131\u011f\u0131 s\u00fcrecindeki\u00a0 g\u00fcvenlik soru\u015fturmalar\u0131nda her hangi bir yasal engelim\u00a0 bulunmamas\u0131na\u00a0 kar\u015f\u0131n ,salt Alevi\u00a0 olmam nedeniyle\u00a0 gizli ve gizlilik dereceli i\u015flerde \u00e7al\u0131\u015fmam\u0131n engellenmesi y\u00f6n\u00fcnde\u00a0 20.8.1985 tarihli 36 say\u0131l\u0131 karar al\u0131nm\u0131\u015f(Belge-1),ancak uygulamal\u0131 bir sanat okulu olan Ankara Yap\u0131 Enstit\u00fcs\u00fc, ADMMA-Mimarl\u0131k Fak\u00fcltesi , Y.Lisans, Doktora\u00a0\u00a0 gibi ald\u0131\u011f\u0131m mesleki\u2013bilimsel e\u011fitim, ara\u015ft\u0131rma ve uygulamalarla peki\u015fmi\u015f\u00a0 yetkin uzmanl\u0131\u011f\u0131ma\u00a0 her zaman ihtiya\u00e7 duyulmu\u015f,\u00a0 bu nedenle kademeli olarak\u00a0 sorumlu mevkilerde g\u00f6rev almam engellenmemi\u015f, son olarak K\u00fclt\u00fcr ve Tabiat Varl\u0131klar\u0131n\u0131 Koruma Genel M\u00fcd\u00fcrl\u00fc\u011f\u00fc makam\u0131na atamam yap\u0131lm\u0131\u015f idi. B\u00f6ylesine\u00a0 bilimsel kariyer ,liyakat ve yetkin uzmanl\u0131k gerektiren bir makama hangi gerek\u00e7elerle atand\u0131\u011f\u0131m bilgim d\u0131\u015f\u0131nda Cumhurba\u015fkanl\u0131\u011f\u0131 Genel Sekreterli\u011fine\u00a0 yaz\u0131lm\u0131\u015f\u00a0 olan Bakan imzal\u0131 gerek\u00e7eli yaz\u0131da a\u00e7\u0131k\u00e7a belirtilmi\u015ftir (Belge :2).<\/p>\n<p>K\u00fclt\u00fcr ve Tabiat Varl\u0131klar\u0131n\u0131 Koruma Kurulu \u00fcyesi olarak ald\u0131\u011f\u0131m g\u00f6revlerle\u00a0 ilgili liyakat\u0131m ve yetkin deneyimlerim\u00a0 ODT\u00dc\u00a0 \u015eehir ve B\u00f6lge Planlama K\u00fcrs\u00fcs\u00fc ve Ankara Koruma Kurulu\u00a0 eski Ba\u015fkan\u0131 merhum Prof. Dr. G\u00f6n\u00fcl TANKUT\u2019un\u00a0 bilimsel\u00a0 de\u011ferlendirmesiyle ortaya konulmu\u015ftur (Belge . 3)<\/p>\n<p>Avrupa&#8217;ya yasa d\u0131\u015f\u0131 yollardan gidenlerin \u00e7o\u011fu, Devlette yetkin g\u00f6revlerde bulunan ki\u015filere ajan g\u00f6z\u00fcyle bakan bir pisikolojiye sahiptirler ,<\/p>\n<p>Kemal SOYER YOLUN EZEL\u0130 PROGRAMIYLA T\u00fcrk Tarih Tezi,K\u00fcrt Tarih Tezi, Alevili\u011fin \u0130slam\u0131n Mezhebi oldu\u011fu tezi, Alevilerin T\u00fcrk ve K\u00fcrt olduklar\u0131 Tezi,Alevilerin Orta Asya Halk\u0131 olduklar\u0131, K\u00fcrtlerin Mezopotamya orijinli olduklar\u0131 gibi tezlerle birlikte BOP\u2019un i\u015fgal,talan ve s\u00f6m\u00fcr\u00fc ama\u00e7l\u0131 \u0131rk\u00e7\u0131 \u2013k\u00f6kten dinci \u00f6rg\u00fctlenme arg\u00fcmanlar\u0131n\u0131\u00a0 kabul etmeyerek\u00a0 Anadolu Mezopotamya halklar\u0131n\u0131\u00a0 \u201cKadimden Ortak Anavatan,Evrensel K\u00fclt\u00fcr,E\u015fit insan\u00a0 haklar\u0131,Ortak egemenlik ve ortak y\u00f6netim\u201d ilkeleriyle\u00a0 Emperyalist g\u00fc\u00e7lere kar\u015f\u0131 \u201cVARLI\u011eIN B\u0130RL\u0130\u011e\u0130NDE\u201d\u00a0 b\u00fct\u00fcnle\u015fmeye \u00e7a\u011f\u0131rmas\u0131ndan kaynakl\u0131 olarak karalanmaya \u00e7al\u0131\u015f\u0131lmaktad\u0131r.Bu \u00e7a\u011fr\u0131 ABD ile AB&#8217;nin politikalar\u0131na ayk\u0131r\u0131d\u0131r.Bunu savunmalar\u0131 durumunda Avrupada hayat hakk\u0131 bulamayacaklar\u0131n\u0131 bilen ki\u015fi ve \u00e7evreler birlik ve b\u00fct\u00fcnl\u00fckten yana herkesi ajan olarak karalama yolu se\u00e7mektedirler.<\/p>\n<p><strong>KEMAL SOYER\u2019in \u00a0A\u00c7I\u011eA \u00c7IKARARAK TANIMLADI\u011eI \u00a0\u00a0ANADOLU ALEV\u0130L\u0130\u011e\u0130\u00a0VE ALEV\u0130 HALK\u00a0 K\u0130ML\u0130\u011e\u0130NE KAR\u015eI\u00a0 GEL\u0130\u015eT\u0130R\u0130LEN\u00a0 POL\u0130T\u0130KALAR\u00a0 VE\u00a0 \u00d6RG\u00dcTLENMELER <\/strong><\/p>\n<p>1-P\u0130R SULTAN ANITI \u2018yla ba\u015flat\u0131lan Alevi Ayd\u0131nlanmas\u0131na kar\u015f\u0131t olarak ALEV\u0130 AYDINLARININ S\u0130VAS\u2019ta\u00a0 KATLEDE\u0130LMES\u0130 ve\u00a0 1994 de kurulan HBVAK Vakf\u0131na (Hac\u0131 Bekta\u015f\u00a0 Veli Anadolu K\u00fclt\u00fcr Vakf\u0131) \u00a0kar\u015f\u0131 CEM VAKFI ve CEM TV\u2019nin KURULMASI ,<\/p>\n<p>2- A\u015eIK VEYSEL EV\u0130\u2019nde Kiler,Ah\u0131r ve Samanl\u0131k b\u00f6l\u00fcmlerinden d\u00f6n\u00fc\u015ft\u00fcr\u00fclerek projelendirilen Cem EV\u0130 mekanlar\u0131n\u0131n yapt\u0131r\u0131lmayarak projenin yar\u0131m b\u0131rak\u0131lmas\u0131,<\/p>\n<p>3-ABDAL MUSA K\u00dcLT\u00dcR MERKEZ\u0130\u2019ne kar\u015f\u0131t CEM VAKFI\u2019n\u0131n Tekke K\u00f6y\u00fc Derne\u011fi ile Vakf\u0131n\u0131\u00a0 ele ge\u00e7irmesi ve K\u00fclt\u00fcr Merkezine ALEV\u0130 \u0130SLAM\u00a0 D\u0130N H\u0130ZMETLER\u0130 DA\u0130RE BA\u015eKANLI\u011eI LEVHASINI ASMASI,<\/p>\n<p><strong>4-<\/strong>HACI BEKTA\u015e-I VEL\u0130 ANADOLU K\u00dcLT\u00dcR VAKFININ KURULU\u015eU\u00a0 ve 1994 deki\u00a0 temel atma t\u00f6renlerinde\u00a0 Kemal SOYER\u2019in Anadolu Alevili\u011fini \u201c10.Bin y\u0131ll\u0131k Alevilik-Evrensel Alevilik\u201d olarak\u00a0 a\u00e7\u0131klamas\u0131 ve ard\u0131ndan yap\u0131lan bilimsel \u00e7al\u0131\u015fmalara kar\u015f\u0131t olarak :<\/p>\n<p><strong>a-<\/strong>Cumhurba\u015fkan\u0131 S\u00fcleyman DEM\u0130REL \u015fahs\u0131m\u0131 iki kez k\u00f6\u015fkteki makam\u0131na\u00a0 \u00e7a\u011f\u0131rarak Anadolu Alevi Kimli\u011fini\u00a0 hangi \u00f6l\u00e7ekte bildi\u011fimi sorgulam\u0131\u015f, kendisine \u00a0K\u00fcp\u00fc Dolu Kad\u0131nc\u0131k Ana olarak bilinen\u00a0 Tanr\u0131\u00e7a Kibele\u2019nin\u00a0 Hattiler D\u00f6nemine ait Matara formlu k\u00fcp\u00fc ve S\u00fcmer, Hatti, Hitit ve Hurri k\u00fclt\u00fcr\u00fc e\u015fli\u011finde Alevilerin Anadolu topraklar\u0131n\u0131n asli sahibi halk olduklar\u0131 ger\u00e7e\u011fi anlat\u0131lm\u0131\u015ft\u0131r. Vak\u0131ftan Ahmet \u015eAH\u0130N\u2019nin\u00a0 de haz\u0131r bulundu\u011fu bu g\u00f6r\u00fc\u015fmenin ard\u0131ndan \u00a0Vak\u0131f Ba\u015fkan\u0131 Ali Do\u011fan ve vak\u0131fta g\u00f6revli\u00a0 Alevi \u0130slamc\u0131 ekip onayl\u0131 projeye ayk\u0131r\u0131 olarak K\u00fclt\u00fcr Merkezi b\u00fcnyesinde Anadolu Uygarl\u0131klar\u0131na ili\u015fkin her hangi esere yer veremeyecekleri konusunda \u00a0karar alm\u0131\u015f, \u015fahs\u0131m\u0131n yap\u0131y\u0131 Hatti-Hitit ve S\u00fcmer\u00a0 eserleriyle dekore etmesi engellenmi\u015f, giri\u015f kap\u0131s\u0131nda Hac\u0131 Bekta\u015f-\u0131 Veli\u2019nin yan\u0131 s\u0131ra yap\u0131m\u0131 planlanan K\u00fcp\u00fc Dolu Kad\u0131nc\u0131k Ana heykeli yapt\u0131r\u0131lmam\u0131\u015ft\u0131r.<\/p>\n<p><strong>b<\/strong>-\u0130n\u015faat s\u00fcrecinde Vakfa iki kez gelerek bilimsel a\u00e7\u0131klamalar\u0131m ile belgesel konferanslar\u0131\u00a0izleyerek bulgular\u0131m\u0131\u00a0 Alevi \u0130slam a\u00e7\u0131s\u0131ndan \u00e7ok tehlikeli buldu\u011funu a\u00e7\u0131k\u00e7a belirten \u0130zzettin Do\u011fan\u2019a \u00a01995 de Nam\u0131k Kemal ZEYBEK\u2019in kontrol\u00fcndeki CEM VAKFI kurdurularak Alevi \u0130slam propagandas\u0131 ba\u015flat\u0131lm\u0131\u015ft\u0131r.Bu Vakf\u0131n \u015fimdilerde\u00a0 Alevili\u011fi &#8220;T\u00fcrk M\u00fcsl\u00fcmanl\u0131\u011f\u0131&#8221; ad\u0131yla kamufle eden T\u00fcrk-\u0130slamc\u0131 Eski\u00a0 bir K\u00fclt\u00fcr Bakan\u0131n\u0131n kontrol\u00fcne verilmi\u015f olmas\u0131 s\u0131radan bir olay de\u011fildir.Devlet, Alevi ger\u00e7e\u011fini anlatan t\u00fcm eserleri M\u00fczelerinde korumaktad\u0131r.K\u00fcrt-\u0130slam a\u00e7\u0131l\u0131mlar\u0131ndan \u00e7ekinmeyen T\u00fcrk-\u0130slamc\u0131 \u00e7evreler kadim Alevilikle ilgili gelebilecek yeni a\u00e7\u0131l\u0131mlar\u0131n \u00f6n\u00fcne bu t\u00fcr olu\u015fumlarla set \u00e7ekmi\u015ftir.<\/p>\n<p><strong>c-<\/strong>HBVAKV \u2018da ba\u015flatt\u0131\u011f\u0131m Anadolu Alevili\u011fi a\u00e7\u0131l\u0131m\u0131n\u0131n engellenmesi, Alevi \u00d6rg\u00fctlenmesinin kontrol\u00fc kapsam\u0131nda Vak\u0131f b\u00fcnyesine kurucu \u00a0ve \u00fcye olmayan yeni bir \u00e7ok ki\u015fi \u00a0sokulmu\u015f, Alevilik yerine Atat\u00fcrk \u0130lke ve \u0130nk\u0131laplar\u0131 faaliyetleri ba\u015flat\u0131lm\u0131\u015ft\u0131r.K\u00fclt\u00fcr Bakanl\u0131\u011f\u0131 katk\u0131lar\u0131yla DSP Eski Sivas M.Vekili Cengiz G\u00dcLE\u00c7 \u2018in \u00f6nc\u00fcl\u00fc\u011f\u00fcnde Ayhan Yal\u00e7\u0131nkaya vb. ki\u015filerin kurdu\u011fu\u00a0 ALEV\u0130 ENST\u0130T\u00dcS\u00dc\u00a0 bir protokolle HBVAKV b\u00fcnyesine entegre edilmi\u015ftir.T\u00fcrk -\u0130slamc\u0131\u00a0 Veliyettin Ulusoy, Alevi dosyas\u0131n\u0131n takibi i\u00e7in\u00a0 Amerika&#8217;dan CHP ve HBVAKV\u2019\u0131na transfer edilen Aykan ERDEM\u0130R \u00a0ve AKP\u2019li Bakan Ertu\u011frul G\u00fcnay\u2019\u0131n kat\u0131ld\u0131\u011f\u0131 ,kurdelas\u0131n\u0131 Vatikan Ankara B\u00fcy\u00fck El\u00e7isi\u2019nin (PAPALIK !) kesti\u011fi bu \u00f6zel vak\u0131f, Alevileri\u00a0 kontrol olanaklar\u0131yla HBVAKV&#8217;\u0131n b\u00fcnyesindedir.Zira Hititlerden g\u00fcn\u00fcm\u00fcze Anadolu&#8217;nun BABALIK Makam\u0131 olan Hac\u0131 Bekta\u015f Dergah\u0131, PAPALIK MAKAMINA rakip ve d\u00fc\u015fman olarak g\u00f6r\u00fcld\u00fc\u011f\u00fcnden\u00a0 Cumhuriyetin ilan\u0131n\u0131n ard\u0131ndan 1925 te kapat\u0131lm\u0131\u015ft\u0131r.Papal\u0131k Anadolu Alevilerini bu t\u00fcr yap\u0131lar \u00fczerinden kontrol alt\u0131nda tutmaktad\u0131r.<\/p>\n<p>K\u00fclt\u00fcrlerin Belle\u011fi Anadolu afi\u015fi davas\u0131nda aleyhime\u00a0 bilirki\u015filik yapan T\u00fcrk-\u0130slamc\u0131 Prof.Dr. Zafer \u0130lbars HBVAKV\u2019na dan\u0131\u015fman, ger\u00e7ekte kontrol\u00f6r-g\u00f6zc\u00fc yap\u0131lm\u0131\u015ft\u0131r. YOL TV de\u00a0 kat\u0131ld\u0131\u011f\u0131m bir TV Program\u0131n\u0131n ard\u0131ndan Ayhan YAL\u00c7INKAYA\u2019ya\u00a0 merhum R\u0131za AYDO\u011eMU\u015e\u2019un huzurunda Alevi Enstit\u00fcs\u00fcn\u00fcn\u00a0 kurulu\u015f amac\u0131n\u0131n Anadolu Alevi a\u00e7\u0131l\u0131m\u0131m\u0131z\u0131 karartma oldu\u011funu s\u00f6ylemem \u00fczerine Yal\u00e7\u0131nkaya \u201cB\u0130Z\u0130M \u0130\u00c7\u0130N ALEV\u0130L\u0130K ALEV\u0130LERE BIRAKILAMAYACAK KADAR \u00d6NEML\u0130D\u0130R\u201dyan\u0131t\u0131n\u0131 vermi\u015fti ! \u015eimdilerde Vak\u0131f Ba\u015fkanl\u0131\u011f\u0131na getirilen bu \u015fah\u0131s\u00a0 Cengiz G\u00fcle\u00e7 Enstit\u00fcs\u00fc \u00fcyesidir.<\/p>\n<p>d-Ali DO\u011eAN\u2019\u0131n \u00f6l\u00fcm\u00fcyle Vakf\u0131n ba\u015f\u0131na getirilen Ercan GE\u00c7MEZ\u00a0 Yap\u0131y\u0131 K\u00fclt\u00fcr Merkezi olmaktan \u00e7\u0131kar\u0131p kre\u015f ve hastaneye \u00e7evirmi\u015f,2009 y\u0131l\u0131nda \u00a0da K\u00fclt\u00fcr Merkezini\u00a0 YOLUN EZEL\u0130 Program\u0131na kar\u015f\u0131 ba\u015flat\u0131lan \u201cALEV\u0130 A\u00c7ILIMLARININ \u201ckarargah\u0131 haline getirmi\u015f idi.<\/p>\n<p><strong>5-K\u00dcLT\u00dcRLER\u0130N BELLE\u011e\u0130 ANADOLU AF\u0130\u015e\u0130 .<\/strong><\/p>\n<p>T.C\u2019nin Kurulu\u015funun 75 .ci Y\u0131l \u00a0Kutlama Etkinlikleri kapsam\u0131nda K\u00fclt\u00fcr Bakanl\u0131\u011f\u0131 Projeleri aras\u0131nda tasar\u0131m\u0131 \u015fahs\u0131ma ait olup Bakan,Ba\u015fbakanl\u0131k\u00a0 Kutlama Komitesi\u00a0 ve Milli G\u00fcvenlik Kurulu <strong>\u00a0<\/strong>Gn. Sekreterli\u011finin onay\u0131 \u00a0ve uygundur g\u00f6r\u00fc\u015f\u00fc al\u0131nan bu afi\u015f, bask\u0131s\u0131n\u0131n\u00a0 ard\u0131ndan Okyanus \u00f6tesi uyar\u0131larla \u201cetnik bir k\u00f6keni \u00f6ne \u00e7\u0131kard\u0131\u011f\u0131\u00a0 gerek\u00e7esiyle(Alevi Etnik K\u00f6keni) \u201c da\u011f\u0131t\u0131m\u0131\u00a0 durdurulmu\u015f,\u015fahs\u0131m\u00a0 Genel M\u00fcd\u00fcrl\u00fck g\u00f6revinden al\u0131narak\u00a0 Ankara 2.A\u011f\u0131r Ceza Mahkemesinde yarg\u0131ya tabi tutulmu\u015f ve \u00a05 y\u0131l s\u00fcreyle benzeri etkinlikleri yapmaktan men edilmi\u015fti.Ancak ki\u015fisel \u00e7abamla bu afi\u015ften 10 bin adedi \u00a0yurt i\u00e7inde da\u011f\u0131t\u0131lm\u0131\u015f, Servet \u00dcNSAL\u2019\u0131n\u00a0 maddi katk\u0131lar\u0131yla 2001 de tasarlad\u0131\u011f\u0131m bir takvimle afi\u015fte yer verilen benzer \u00a0temalar \u00a05000 adet bask\u0131yla Ankara , \u0130stanbul, \u0130zmir\u00a0 gibi b\u00fcy\u00fck metropollerde da\u011f\u0131t\u0131larak halk\u0131n haf\u0131zas\u0131 uyar\u0131lm\u0131\u015ft\u0131.<\/p>\n<p><strong>BAYKAL\u2019IN\u00a0 ANADOLU SOL \u00c7IKI\u015eI :<\/strong> Anadolu Alevi ger\u00e7e\u011finin\u00a0 K\u00fclt\u00fcr Bakanl\u0131\u011f\u0131nca T.C\u2019nin kurulu\u015funun 75.Y\u0131l\u0131nda\u00a0 \u00e7\u0131kar\u0131lan bir afi\u015fle ortaya konulmu\u015f olmas\u0131 devlette ve T\u00fcrk-\u0130slamc\u0131 CHP\u2019de b\u00fcy\u00fck bir tedirginlik yaratm\u0131\u015f, uygarl\u0131k\u00e7\u0131 a\u00e7\u0131l\u0131m\u0131m\u0131z\u0131n kad\u00fck edilmesi i\u00e7in CHP\u00a0 Genel Ba\u015fkan\u0131\u00a0 Deniz BAYKAL\u00a0 K\u00fclt\u00fcrlerin Belle\u011fi Anadolu afi\u015finden yararlanarak \u201d Anadolu Sol Projesi&#8221;ni ba\u015flatm\u0131\u015ft\u0131. 21 yy. e\u015fi\u011finde kendi topra\u011f\u0131na basma , toplumsal de\u011fi\u015fim ve dinamikleri okuma ve buna g\u00f6re yap\u0131lanma \u015fans\u0131n\u0131 yakalamak \u00fczere kendi de\u011ferlerine sahip \u00e7\u0131kma \u00a0ve din,dil ve mezhep farkl\u0131l\u0131klar\u0131n\u0131 a\u015farak toplumsal bar\u0131\u015f\u0131 olu\u015fturma \u201c\u015feklinde dizayn edilen \u201cANADOLU SOL PROJES\u0130 \u201d sahaya s\u00fcr\u00fclm\u00fc\u015f, bu \u00e7\u0131k\u0131\u015fla toplumsal bar\u0131\u015f\u0131n yakalanabilece\u011fi umudu ekilerek Alevilerin\u00a0 T\u00fcrk Kimli\u011fi ve CHP ile siyasi ba\u011f\u0131 g\u00fc\u00e7lendirilmeye \u00e7al\u0131\u015f\u0131lm\u0131\u015ft\u0131. Baykal ,Hititler D\u00f6nemi Anadolu F\u0131rt\u0131na Tanr\u0131s\u0131 HADDU BAAL ad\u0131n\u0131 ta\u015f\u0131yan \u015eah EDE BAL\u0130\u2019yi T\u00fcrk kimli\u011fiyle alg\u0131latan propagandalar\u0131 etkinle\u015ftirmi\u015f, 2000 y\u0131l\u0131nda emekliye ayr\u0131ld\u0131\u011f\u0131mda beni partiye \u00e7a\u011f\u0131rarak\u00a0 \u00fcye yapm\u0131\u015f, ard\u0131ndan K\u00fclt\u00fcr Komisyonuna atam\u0131\u015f idi.Bu atamadan sonraki hafta i\u00e7inde yap\u0131lan g\u00f6r\u00fc\u015fmede \u201cK\u00fclt\u00fcr Politikalar\u0131n\u0131 hangi temelde ele alaca\u011f\u0131m\u0131z\u0131 sordu\u011fumda \u201c1071 ve M\u00fcdafa-i Hukuk asli temelimizdir\u201ddiyerek\u00a0 Anadolu Uygarl\u0131klar\u0131n\u0131 d\u0131\u015flam\u0131\u015f,bunun \u00fczerine Komisyona kat\u0131lmayarak sonras\u0131nda parti \u00fcyeli\u011finden istifa etmi\u015ftim.<\/p>\n<p>Bu geli\u015fmeler \u00fczerine ,Devletin Anadolu Uygarl\u0131klar\u0131 ve bu uygarl\u0131klara dayal\u0131 Alevi Halk Kimli\u011fini asimile eden Siyasal T\u00fcrk\u00a0 \u0130slamc\u0131 k\u00fclt\u00fcr ve e\u011fitim programlar\u0131na kar\u015f\u0131 Anadolu Halk\u0131n\u0131 korumak ve ona kendi tarihi ger\u00e7e\u011fini g\u00f6stermek amac\u0131yla haz\u0131rlad\u0131\u011f\u0131m YOLUN EZEL\u0130 PROGRAMINI Merhum R\u0131za AYDO\u011eMU\u015e&#8217;un katk\u0131lar\u0131yla YOL TV \u2018den devreye sokma karar\u0131n\u0131 verdim.<\/p>\n<p><strong>6-YOLUN EZEL\u0130 PROGRAMI<\/strong><\/p>\n<p>YOL TV EKRANLARINDAN HAZ\u0130RAN 2008 \u2018de ba\u015flat\u0131lan 45 er dakika s\u00fcreli 16 b\u00f6l\u00fcml\u00fck \u00a0bu program \u00f6ncelikle AABF Dedeler Kurulu\u2019nun\u00a0 engellemelerine tak\u0131ld\u0131.Program\u0131n \u00f6nceden belirlenen\u00a0 haftal\u0131k yay\u0131n saatleriyle s\u00fcrekli oynanarak\u00a0 izlenmesi engellenmeye \u00e7al\u0131\u015f\u0131ld\u0131,\u00a0 ard\u0131ndan\u00a0 program\u0131n etkisini azaltmak\u00a0 ve\u00a0 ba\u015flat\u0131lan Anadolu Alevi Ayd\u0131nlanmas\u0131n\u0131 karartmak amac\u0131yla\u00a0 adeta\u00a0 hareket \u00fcss\u00fc gibi \u00a0kullan\u0131lan\u00a0 HBVAKV \u00a0ve paralelindeki \u00a0ALEV\u0130 STK\u2019lar\u0131n\u0131n \u00a0kat\u0131ld\u0131\u011f\u0131 \u201cALEV\u0130 A\u00c7ILIMLARI\u201d\u00a0 devreye sokuldu.<\/p>\n<p><strong>7-<\/strong>HDP,HDK vb.K\u00fcrt \u00f6rg\u00fctlenmeleri Anadolu Alevilerini\u00a0 J\u00f6nT\u00fcrk Irk\u00e7\u0131lar\u0131 gibi K\u00fcrt,T\u00fcrk ve Alevi \u0130slam kimli\u011fiyle tan\u0131mlam\u0131\u015f, HDP kurulu\u015f t\u00fcz\u00fc\u011f\u00fcnde yer alan \u201cHalklar\u0131n Karde\u015fli\u011fi\u201d slogan\u0131na kar\u015f\u0131n \u201cBu partiye \u00fcye olen herkes K\u00fcrtlerin kendi kaderini tayin etme hakk\u0131n\u0131 kabul eder\u201d ibaresini koydurmu\u015ftur. B\u00f6ylece amac\u0131n halklar\u0131n karde\u015fli\u011fi,Demokratik Halk Hareketi, e\u015fitlik \u00a0ve demokrasiyi in\u015fa etmek olmad\u0131\u011f\u0131,Demokratik ULUS gibi sa\u00e7ma bir kavram\u0131n ard\u0131na saklanan Siyasal \u0130slamc\u0131 bir K\u00fcrt Devletinin kurulmas\u0131 , bu kapsamda\u00a0 Alevi Halk\u0131n K\u00fcrtle\u015ftirilmesi, Zazaca&#8217;n\u0131n K\u00fcrt\u00e7enin \u015fivesi olarak kabul edilmesi, Kadim uygarl\u0131klardan gelen Alevi Halk kimli\u011finin inkar\u0131\u00a0 ve Alevilerin \u00a0mezhep olarak benimsenmesiyle de T\u00fcrklerin S\u00fcmer ve Hititleri\u00a0 T\u00fcrk ve Eti T\u00fcrkleri tan\u0131mlamalar\u0131 gibi K\u00fcrtleri de tek ba\u015f\u0131na Kadim Anadolu Uygarl\u0131klar\u0131n\u0131n varisi yapmak oldu\u011fu anla\u015f\u0131lm\u0131\u015ft\u0131r.<\/p>\n<p><strong>8- ALEV\u0130 \u00a0STK\u2019lar\u0131n\u0131n\u00a0 YOLUN EZEL\u0130\u2019nce tan\u0131mlanan ANADOLU ALEV\u0130L\u0130\u011e\u0130NE KAR\u015eI BAKI\u015eI<\/strong><\/p>\n<p>Bu program\u0131n yay\u0131n\u0131yla kar\u015f\u0131 ata\u011fa ge\u00e7en\u00a0 siyasi partiler ve Siyasal \u0130slamc\u0131 kesimlerin aksine Alevi STK\u2019lar\u0131n\u0131n\u00a0 bu a\u00e7\u0131l\u0131ma sahiplenmesi veya en az\u0131ndan tezimizin kendi platformlar\u0131nda tart\u0131\u015fmaya a\u00e7\u0131lmas\u0131n\u0131 sa\u011flamalar\u0131 beklenirdi.Ancak durumdan vazife \u00e7\u0131karan\u00a0 T\u00fcrk-K\u00fcrt\u00a0 ve Arap karmas\u0131 Alevi \u0130slamc\u0131 derin ku\u015fatma alt\u0131ndaki ALEV\u0130 STK\u2019lar\u0131 bu y\u00f6nde a\u00e7\u0131l\u0131m yapmak yerine ,Yolun Ezeli\u2019nin Anadolu sath\u0131ndaki\u00a0 \u015fubeleri arac\u0131l\u0131\u011f\u0131yla\u00a0 halka ula\u015fmas\u0131n\u0131 engelleyen giri\u015fimlerde bulundular.<strong>Ali Balk\u0131z, Kemal B\u00fclb\u00fcl, Ercan Ge\u00e7mez ,Necdet SARA\u00c7,\u00a0 Cafer KAPLAN, Turan ESER ,Turgut \u00d6KER vb. AABF&#8217;nin y\u00f6neticileri ve b\u00fcnyesindeki Dedeler Kurulu\u00a0<\/strong>\u00a0vb.\u00e7evreler program\u0131n Alevi STK\u2019lar\u0131n\u0131n g\u00fcndemine girmemesi i\u00e7in \u00e7ok \u00f6zelde \u00e7aba g\u00f6steren ki\u015filer olarak \u00f6ne \u00e7\u0131kt\u0131lar.<\/p>\n<p>Kar\u015f\u0131 kampanyada \u00e7ok \u00f6zelde \u00f6ne \u00e7\u0131kan \u00f6rg\u00fctlerden\u00a0 biri de BERL\u0130N CEMEV\u0130\u2019dir.2009 de \u201cALEV\u0130LER\u0130N 12 B\u0130N YILLIK TAR\u0130H\u0130\u201dba\u015fl\u0131\u011f\u0131yla verilen konferans\u0131n ard\u0131ndan\u00a0 Dr.Y\u00dcKSEL \u00d6ZDEM\u0130R\u00a0 ve Ekibi T\u00fcrkiye&#8217;den apar topar Hamza Aks\u00fct ile Hasan HARMANCI adl\u0131 ki\u015fileri Berlin&#8217;e \u00e7a\u011f\u0131rm\u0131\u015f, yap\u0131lan toplant\u0131da ki\u015filer kendi g\u00f6r\u00fc\u015flerini sunmak yerine \u00e7ok \u00f6zelde Kemal SOYER\u2019in a\u00e7\u0131l\u0131m\u0131n\u0131 tart\u0131\u015farak bir nevi g\u0131yabi yarg\u0131lama yoluna gitmi\u015flerdi. Bu olay\u0131n ard\u0131ndan Berlin Alevi gen\u00e7li\u011fi Cem Evi\u2019ni terketmi\u015f, sonraki y\u0131llarda u\u011frad\u0131\u011f\u0131m Cem Evi\u2019nde\u00a0 insanlar\u0131n etraf\u0131mda toplanmalar\u0131yla g\u00f6revli Dedeler \u201cKemal Soyer gelince kimse bizi dinlemiyor\u201d diye s\u0131zlan\u0131nca da Ba\u015fkan Halit B\u00dcY\u00dcKG\u00d6L sohbetlerde masalar\u0131n birle\u015ftirilemeyece\u011fi\u00a0 talimat\u0131 vermi\u015f, AABF K\u00fclt\u00fcr Komisyonu \u00fcyesi yap\u0131lan Haydar SEL\u00c7UK adl\u0131 ki\u015fi de Cem Evi\u2019nde a\u00e7\u0131ktan K\u00fcrt-Alevi propagandalar\u0131na ba\u015flam\u0131\u015ft\u0131r.<\/p>\n<p><strong>9-YOLUN EZEL\u0130-ANADOLU ALEV\u0130L\u0130\u011e\u0130NE\u00a0 KAR\u015eI MEDYA \u00d6RG\u00dcTLENMES\u0130:<\/strong><\/p>\n<p>T\u00fcrkiyede Alevi \u0130slam propagandas\u0131n\u0131 yay\u0131p\u00a0 etkinle\u015ftirmek amac\u0131yla onlarca TV kanal\u0131 a\u00e7\u0131lm\u0131\u015f,CEM TV, \u00a0BARI\u015e\u00a0 TV , HALK TV ve ULUSAL KANAL\u00a0 Anadolu Alevileri ile atalar\u0131 olan Hititler,S\u00fcmerler ve Hurriler gibi kadim haklar\u0131n kimliklerini T\u00fcrk ad\u0131yla karartan programlar ve kitap kampanyalar\u0131 y\u00fcr\u00fctm\u00fc\u015ft\u00fcr.TV 10, HALK TV\u00a0 ve\u00a0 kar\u015f\u0131t\u0131 gibi g\u00f6r\u00fcnen ULUSAL TV ,Yolun Ezeli programlar\u0131n\u0131\u00a0 sunum talebimizi geri \u00e7evirmi\u015f, Halk TV ile Ulusal Kanal Hititler ve S\u00fcmerlerin Alevi olduklar\u0131n\u0131n anla\u015f\u0131lmas\u0131n\u0131 \u00f6nlemek amac\u0131yla, Siyasal \u0130slam\u0131 \u201cANADOLU M\u00dcSL\u00dcMANLI\u011eI\u201d ad\u0131 alt\u0131nda kadim bir din ve inan\u00e7 ,Anadolu Alevilerini \u00a0ise \u0130slamik mezhep olarak tan\u0131tm\u0131\u015ft\u0131r.<\/p>\n<p><strong>10-ABD-AB ,K\u00dcRESEL BOP-AMA\u00c7 ve \u00d6RG\u00dcTLENMELER:<\/strong><\/p>\n<p>BOP temel olarak Ortado\u011fu&#8217;nun\u00a0 uzun vadede i\u015fgali ve ge\u00e7i\u015f s\u00fcrecinde i\u015fgalci\u00a0 g\u00fc\u00e7lere ta\u015feron\u00a0 ve A\u015firet \u00f6l\u00e7ekli\u00a0 vasal devlet\u00e7iklerin olu\u015fturulmas\u0131 amac\u0131na hizmet eden k\u00fcresel bir projedir. ABD\u2019nin 2003 te Irak\u2019\u0131 \u00a0i\u015fgal etmesiyle ba\u015flatt\u0131\u011f\u0131 ilk eylem, Irak M\u00fczelerinin soyulmas\u0131 ve\u00a0 yerel halklar\u0131n tarih ,k\u00fclt\u00fcr ve inan\u00e7lar\u0131n\u0131 belgeleyen arkeolojik eserlerin tahribi ve \u00f6nemli bir b\u00f6l\u00fcm\u00fcn\u00fcn Amerika&#8217;ya ka\u00e7\u0131r\u0131lmas\u0131d\u0131r. ABD bu yolla\u00a0 bu\u00a0 topraklar\u0131n asli sahibi olan S\u00fcmer, Hurri, Hatti,Hitit gibi kadim\u00a0 Alevi halklar ile onlar\u0131n torunlar\u0131 olan Anadolu Alevilerini, \u0130ran Ali Allahi ve Ehl-i Hak Alevilerini,Nusayri ve T\u00fcrkmenler ile bu toprakta 3.Bin y\u0131ld\u0131r yerle\u015fik olan K\u00fcrtlerin ,bin y\u0131ld\u0131r burada olan T\u00fcrklerin yerli halklarla olan tarih ba\u011flar\u0131n\u0131 kopar\u0131p ge\u00e7mi\u015flerini \u00a0karartarak \u00a0her birini ayr\u0131 ayr\u0131\u00a0 sanal kimlikli birer ta\u015feron durumuna oturtmak,Alevi k\u00f6kenli kadim halklar\u0131 Orta Asya&#8217;dan gelen i\u015fgalci T\u00fcrk, y\u00f6reye \u00a0sonradan gelen T\u00fcrk,K\u00fcrt ve Ermeni gibi halklar\u0131 ise S\u00fcmer, Hatti, Hitit gibi kadim halklara eklemleyen sahte bir tarih program\u0131 kapsam\u0131nda kendi siyasi\u00a0 ve ekonomik iktidarlar\u0131n\u0131 kurma faaliyetlerine ba\u015flam\u0131\u015f, b\u00f6lge halklar\u0131n\u0131 kendi \u00fcretimi olan \u0130\u015e\u0130D \u00a0vb. Irk\u00e7\u0131 yobaz\u00a0 \u00e7etelerle i\u00e7 sava\u015fa s\u00fcr\u00fcklemi\u015ftir.<\/p>\n<p>ABD,AB, \u0130ngiltere ve gizli ortak \u0130srail vb. \u00fclkelerden olu\u015fan K\u00fcresel \u0130\u015fgal Konsorsiyumu BOP. kapsam\u0131nda \u0130slam Co\u011frafyas\u0131n\u0131 i\u015fgale ba\u015flam\u0131\u015f,bu kapsamda onlarca \u00fclkede\u00a0 e\u015fba\u015fkanl\u0131 \u2013ba\u011f\u0131ml\u0131 ta\u015feron parti ve y\u00f6netimler olu\u015fturmu\u015f, T\u00fcrkiye\u2019de de BOP\u2019un alt aya\u011f\u0131 olan ILIMLI \u0130SLAM PROJES\u0130 kapsam\u0131nda T\u00dcRK, K\u00dcRT VE ALEV\u0130 \u0130SLAM yap\u0131la\u015fmas\u0131n\u0131 dayatm\u0131\u015ft\u0131r.<\/p>\n<p>Bu konsorsiyum Anadoludaki Alevi tabanl\u0131 uygarl\u0131k\u00e7\u0131 demografik yap\u0131y\u0131 Siyasal \u0130slamc\u0131 yap\u0131ya d\u00f6n\u00fc\u015ft\u00fcrmek\u00a0 amac\u0131yla Suriyede i\u00e7 sava\u015f \u00e7\u0131kartarak yakla\u015f\u0131k 4.milyon \u0130slamc\u0131 Arab\u2019\u0131 Anadolu&#8217;ya s\u00fcrm\u00fc\u015ft\u00fcr D\u00fcnya&#8217;n\u0131n bir \u00e7ok yerinden\u00a0 getirilen islamc\u0131 kesimlerle Ba\u015fkent Ankara,\u0130stanbul ve \u0130zmir gibi metropollerde sokakta y\u00fcr\u00fcyen insan profili de\u011fi\u015fmeye ba\u015flam\u0131\u015f, Feto gibi yobaz tarikatlar toplumda hakimiyet sa\u011flay\u0131p ,iktidara y\u00fcr\u00fcmeye\u00a0 ba\u015flam\u0131\u015flard\u0131r.<\/p>\n<p>Alevilerin Anadolu\u00a0 ve \u00a0K\u0130.ENGUR veya Yunanca Mezopotamya denilen S\u00fcmer topraklar\u0131n\u0131n asli sahibi halk olduklar\u0131n\u0131n,Alevili\u011fin ise kadim uygarl\u0131klar\u0131 yaratan\u00a0 evrensel k\u00fclt\u00fcr ve uygarl\u0131k birikimi oldu\u011funun anla\u015f\u0131lmas\u0131yla Cem Vakf\u0131 Ba\u015fkan\u0131 \u0130zettin DO\u011eAN\u00a0 ile t\u00fcz\u00fc\u011f\u00fcnde Alevili\u011fi islam\u0131n i\u00e7inde kendine \u00f6zg\u00fc bir inan\u00e7 olarak tan\u0131mlayan AABF eski Genel Ba\u015fkan\u0131 Turgut \u00d6KER\u2019in giri\u015fimleriyle Alevi Kimli\u011fi &#8220;\u0130slam\u0131n i\u00e7inde&#8221; ve\/ veya &#8220;kendine \u00f6zg\u00fc bir inan\u00e7&#8221; olarak tan\u0131mlanm\u0131\u015f, AABF , AB\u2019nin lideri olan Almanya&#8217;n\u0131n Kurdu\u011fu Alman \u0130slam Birli\u011fine \u00fcye yap\u0131lm\u0131\u015ft\u0131r.<\/p>\n<p><strong>11<\/strong>&#8211;<strong>AVUPA ALEV\u0130 D\u0130ASPORASI VE \u00a0DAB (DEVR\u0130MC\u0130 ALEV\u0130LER B\u0130RL\u0130\u011e\u0130) ADLI GRUP:<\/strong><\/p>\n<p>Yolun Ezeli Program\u0131 bilimsel nitelikli belgesel sunumlar\u0131yla Avrupa&#8217;da\u00a0 olumlu tepkiler alm\u0131\u015f , \u00e7e\u015fitli\u00a0 platformlarda etkin bir \u015fekilde tart\u0131\u015f\u0131lm\u0131\u015f,Alevi Halk Kimli\u011fi ve K\u00fclt\u00fcr\u00fcn\u00fcn 12 Bin y\u0131ll\u0131k\u00a0 k\u00f6klerine ula\u015f\u0131lm\u0131\u015f olmas\u0131 kar\u015f\u0131s\u0131nda ba\u015fta \u00a0K\u00fcrt \u00f6rg\u00fctleri olmak \u00fczere bir \u00e7ok k\u00f6kten dinci ve \u0131rk\u00e7\u0131 \u00f6rg\u00fctler kendi siyasal varl\u0131klar\u0131n\u0131 ve tarihi arg\u00fcmanlar\u0131n\u0131 ciddi bir \u015fekilde irdeleyip \u00e7\u00fcr\u00fcten bu programa kar\u015f\u0131 bilimsel hi\u00e7bir kariyeri-ara\u015ft\u0131rmas\u0131 bulunmayan\u00a0 ve\u00a0 \u00e7o\u011fu AB\u2019nin sosyal yard\u0131mlar\u0131yla ge\u00e7inen \u00a0kesimlerden \u00a0birka\u00e7 ki\u015finin bir araya gelmesiyle \u201cALEV\u0130\u201d ad\u0131n\u0131 ta\u015f\u0131yan ger\u00e7ekte K\u00fcrtlerin siyasi beklentilerine uygun\u00a0 faaliyetler\u00a0y\u00fcr\u00fcten yeni olu\u015fumlar t\u00fcretmi\u015flerdir. Face sayfalar\u0131nda Alevi Ozanlar\u0131 ve kutsallar\u0131n\u0131n adlar\u0131n\u0131 pervas\u0131zca kullanarak tarihi misyonlar\u0131na\u00a0 ve i\u015flevlerine g\u00f6lge d\u00fc\u015f\u00fcren\u00a0 y\u00fczlerce ki\u015fi ,grup ve platformlardan baz\u0131lar\u0131 \u00a0Anadolu Alevili\u011fi konusunda ortaya \u00e7\u0131kard\u0131\u011f\u0131m\u0131z tarihi ger\u00e7ekleri\u00a0 intihal ederek kendi \u00fcretimleriymi\u015f \u00a0gibi sunmakta, kimileri\u00a0 bilgisizlik eseri\u00a0 ger\u00e7ekleri\u00a0 anlayamadan \u00e7arp\u0131tmakta ,kimileri ise\u00a0 Siyasal T\u00fcrk,K\u00fcrt ve Alevi \u0130slam propagandas\u0131 yapmaktad\u0131r.<\/p>\n<p>Kurucu unsur olarak kendilerine ait herhangi bir bilimsel kariyeri, \u00e7al\u0131\u015fmas\u0131 ,ara\u015ft\u0131rmas\u0131 ve yay\u0131nlar\u0131 bulunmayan\u00a0 8-10 ki\u015finin olu\u015fturdu\u011fu\u00a0 DAB adl\u0131 \u00a0gurubun ortaya \u00e7\u0131k\u0131\u015f arg\u00fcman\u0131 \u201cALEV\u0130L\u0130\u011e\u0130N \u0130SLAM DI\u015eI B\u0130R \u0130NAN\u00c7 \u201coldu\u011fu iddias\u0131d\u0131r.Bu iddia da \u00a0benim 1994 y\u0131l\u0131nda Hac\u0131 Bekta\u015f-Veli Anadolu K\u00fclt\u00fcr Merkezinin temel atma t\u00f6reninde d\u00f6nemin Cumhurba\u015fkan\u0131 S\u00fcleyman DEM\u0130REL\u2019in huzurunda seslendirdi\u011fim \u201c10.Bin y\u0131ll\u0131k Alevilik \u2013Evrensel Alevilik\u201d slogan\u0131na kar\u015f\u0131n Vak\u0131f Ba\u015fkan\u0131 AL\u0130 DO\u011eAN\u2019\u0131n \u00e7arp\u0131tarak kendile\u015ftirdi\u011fi \u201cALEV\u0130L\u0130K \u0130SLAM DI\u015eIDIR\u201d a\u00e7\u0131klamas\u0131na dayanmaktad\u0131r. (Bkz.Belge 4) Halbuki bizim tezimiz Alevili\u011fin sadece inan\u00e7tan ibaret olmayan, Ana vatan\u0131 Anadolu ve K\u0130.ENGUR\u00a0 olan \u00a0S\u00fcmer, Hatti,Hitit, Hurri, Luvi gibi Alevi halklar\u0131n yaratt\u0131\u011f\u0131 kadim bir k\u00fclt\u00fcr ve uygarl\u0131k birikimi oldu\u011funu ortaya koymu\u015f, Alevilere ait olan kadim co\u011frafik ve ilahi kavramlara\u00a0 zamanla toplum m\u00fchendisli\u011fi kapsam\u0131nda\u00a0 etnik mana y\u00fcklenerek\u00a0 olu\u015fturulmu\u015f K\u00dcRT, T\u00dcRK VE T\u00dcRKMEN Aleviler gibi Alevileri ve Anadolu halklar\u0131n\u0131 siyasal ve k\u00fclt\u00fcrel a\u00e7\u0131dan b\u00f6len yakla\u015f\u0131mlar Alevili\u011fin \u0131rklar \u00fcst\u00fc nitelikleri gere\u011fi ret edilmi\u015ftir. \u00c7\u00fcnk\u00fc, Alevilerin cennet olarak tan\u0131mlanan ana vatan\u0131 Anadolu&#8217;ya yerle\u015fmeye \u00e7al\u0131\u015fan her i\u015fgalci kavim siyaseten Anadolu halk\u0131na ait tanr\u0131,\u00a0 halk\u00a0 ve co\u011frafya adlar\u0131n\u0131 kullanm\u0131\u015f veya \u00a0zamanla kendile\u015ftirmi\u015ftir. Ba\u015fka bir \u00f6nemli\u00a0 \u00f6rnek ise kadim zamanlarda\u00a0 Hitit topra\u011f\u0131 olan Suriye&#8217;de Hitit k\u00fclt\u00fcr\u00fcn\u00fcn yaratt\u0131\u011f\u0131 demografik\u00a0 olu\u015fumlard\u0131r . Arap zihniyeti ta\u015f\u0131mayan Nusayriler \u00a0ve \u00a0Suriye Alevileri ile K\u00fcrt veya Persli olmayan \u0130ran Alevileri \u00a0bu d\u00f6nemin\u00a0 kal\u0131nt\u0131lar\u0131d\u0131r. DAB\u2019\u0131n Alevili\u011fin inan\u00e7tan ibaret oldu\u011fu s\u00f6ylemi,\u00a0 Ortado\u011fu&#8217;da ya\u015fanan \u0131rk\u00e7\u0131,b\u00f6l\u00fcc\u00fc ve siyasal\u00a0 k\u00f6kten dinci yap\u0131 ve \u00f6rg\u00fctlere hayat veren ideolojilere ve bu temelde\u00a0 Alevi halk kimli\u011fini inkar ve asimile eden K\u00fcresel g\u00fc\u00e7lerle onlar\u0131n yerli i\u015fbirlik\u00e7ilerinin i\u015fgal,imha ve asimilasyon tasar\u0131mlar\u0131na kap\u0131 aralamaktad\u0131r.Alevilik salt\u00a0 inan\u00e7tan ibaret olunca, Aleviler K\u00fcrt, T\u00fcrk,Ermeni,\u00c7erkez veya Arap say\u0131labilirler. Halbuki Aleviler evrendeki varl\u0131k aleminin ayn\u0131 as\u0131ldan karde\u015f oldu\u011funu binlerce y\u0131ll\u0131k \u201cVARLI\u011eIN B\u0130RL\u0130\u011e\u0130\u201d\u00a0 ilkesi ile , \u201c\u0130nsan Hakta Hak \u0130nsanda ne ararsan bak insanda\u201d ve \u201cBinbir donda ba\u015f g\u00f6sterdi Ali El Murteza\u201d deyimleriyle ya\u015fama ge\u00e7irmi\u015flerdir. Alevi halk\u0131 Irka dayal\u0131 toplum yap\u0131la\u015fmas\u0131n\u0131 ret etmi\u015f,uygar atalar\u0131nca olu\u015fturulan evrensel Hakk Yolu\u2019nda birle\u015fmi\u015flerdir.<\/p>\n<p>Alevileri K\u00fcrt etnisitesi\u00a0 i\u00e7inde eritme amac\u0131 g\u00fcden\u00a0 \u00f6rg\u00fctlerin Avrupa&#8217;da taban kaybetmesiyle olu\u015fan siyasi bo\u015fluklar \u201c\u2026..Alevi\u201d ad\u0131yla kamufle edilmi\u015f yeni olu\u015fumlarla kapat\u0131lmak istenmektedir.<\/p>\n<p><strong>\u0130\u015fte DAB\u2019\u0131n ger\u00e7ek hikayesi ve K\u00fcrt\u00a0Siyasetiyle \u0130li\u015fkisi: <\/strong><\/p>\n<p>DAB\u00a0 25.05.2015 de Frankfurt&#8217;tta a\u015fa\u011f\u0131daki ki\u015filerce olu\u015fturulmu\u015ftur.<\/p>\n<p><strong>DAB \u00a0<\/strong><strong>E\u015f ba\u015fkanlar\u0131<\/strong>: <strong>Bar\u0131\u015f Ayd\u0131n Fransa, Elif Kaya Almanya<\/strong><br \/>\nSekreter :<strong>Tayfun Yasin<\/strong> Hollanda<br \/>\nKasadar: <strong>Feramuz Acar<\/strong> Danimarka<\/p>\n<p><strong>GYK \u00fcyeleri<\/strong>(Genel Y\u00f6netim Kurulu)<br \/>\nAyd\u0131n Dost ,\u0130sve\u00e7<br \/>\nHac\u0131 Cirik, Almanya<br \/>\nHaydar Ceylan, Hollanda<br \/>\nKamil At, \u0130svi\u00e7re<br \/>\n\u00d6znur Deniz ,Almanya<br \/>\nTekin Acik, Fransa<br \/>\n<strong>Yedek \u00fcyeler<\/strong><br \/>\nPeri Akar \u0130svi\u00e7re<br \/>\nDavut Kurun Almanya<br \/>\n<strong>Mali denetleme Kurulu<\/strong><br \/>\nS\u00fcleyman Deprem T\u00fcrkiye<br \/>\nAbidin Onay Hollanda<\/p>\n<p>Not: Bu bilgiler Z\u00f6hre Ana Forum&#8217;dan al\u0131nm\u0131\u015ft\u0131r.<\/p>\n<p>DAB\u2019la tan\u0131\u015fma s\u00fcrecim:<br \/>\nBu guruptan Ayd\u0131n Dost, Ali K\u00d6YL\u00dcCE, HDP&#8217;li Hatice \u00c7EV\u0130K&#8217;le 12-14 Mart 2015 tarihinde Abdal Musa-Ak\u00e7aeni\u015f Cem Evi\u2019nde yap\u0131lan Erkanname toplant\u0131s\u0131nda, Elif Kaya\u00a0 ve Hac\u0131 \u00c7irik ile 2016 da Berlin&#8217;de, S\u00fcleyman DEPREM\u2019le 2011 de \u0130zmir\u2019de tan\u0131\u015fm\u0131\u015ft\u0131m. Ancak DAB Anadolu Alevili\u011fine dair \u00f6zel bilgiler sundu\u011fum \u00a0Abdal Musa toplant\u0131s\u0131ndan\u00a0 sonra 24.05 2015 de kurulmu\u015ftur. Toplant\u0131da\u00a0 \u00e7al\u0131\u015fma grubu\u00a0 a\u011f\u0131rl\u0131kl\u0131 olarak Hasan KLAVUZ\u00a0 taraf\u0131ndan y\u00f6netilmi\u015f idi. \u00c7al\u0131\u015fma Grubunun profili a\u011f\u0131rl\u0131kl\u0131 olarak K\u00fcrt Aleviyim diyen Hasan Klavuz, Tekin \u00d6ZD\u0130L,Ayd\u0131n Gen\u00e7, Ali K\u00f6yl\u00fcce, H\u00fcseyin Gazi Metin, Mehmet\u00a0 Turan, Abbas Tan S\u00fcleyman Deprem vb. ki\u015filer idi.Bu nedenle \u00e7al\u0131\u015ftay grubunun ger\u00e7ek amac\u0131n\u0131\u00a0 \u00f6\u011frenmek\u00a0\u00a0\u00fczere \u201c<strong>Alevilerin Toprak-Yurt Sorunu\u201d<\/strong> konusunun g\u00fcndeme al\u0131nmas\u0131n\u0131 \u00f6nerdim.K\u0131yamet koptu.Tekin \u00d6ZD\u0130L \u201cKemal Bey ,Alevilik inan\u00e7t\u0131r ,ALEV\u0130STAN MI istiyorsunuz\u201d diye \u015fiddetle kar\u015f\u0131 \u00e7\u0131kt\u0131. G\u00fcndeme al\u0131nmazsa\u00a0 \u00e7al\u0131\u015ftay\u0131 terk edece\u011fimi s\u00f6yledim.Bunun \u00fczerine Klavuz Alevilik bilgelerimizin, pirlerimizin olu\u015fturdu\u011fu \u0130nan\u00e7t\u0131r, Bekir \u00d6ZG\u00dcR ise g\u00fcndeme al\u0131p tart\u0131\u015fabiliriz,\u00e7\u00fcnk\u00fc Aleviler ayn\u0131 zamanda halkt\u0131r dedi. Konu g\u00fcndeme al\u0131nd\u0131 ancak, s\u00fcrekli olarak \u00f6telendi ve y\u00fczeysel tart\u0131\u015fmalarla ge\u00e7i\u015ftirildi. Beni bu toplant\u0131ya bu grup de\u011fil, Ak\u00e7aeni\u015fli Serdar TANAL \u0131srarla \u00e7a\u011f\u0131rm\u0131\u015f, bunlar\u0131n sizin bilgilerinize ihtiyac\u0131 var demi\u015fti.\u00dc\u00e7 g\u00fcn s\u00fcren toplant\u0131da kat\u0131l\u0131mc\u0131lar\u0131 Anadolu Uygarl\u0131klar\u0131 ve Alevi Kimli\u011fi konusunda bilgilendirdim. Alevilerin kadim S\u00fcmer \u2013Hitit ve Hurri Halklar\u0131 oldu\u011fu anla\u015f\u0131l\u0131nca\u00a0 bu toplant\u0131n\u0131n ard\u0131ndan 25.May\u0131s \u00a02015 de\u00a0 kurulan DAP, Kurulu\u015f arg\u00fcman\u0131n\u0131\u00a0 Alevilerin\u00a0 Anadolu-Mezopotamya topraklar\u0131n\u0131n asli sahibi kadim halklar oldu\u011fu ger\u00e7e\u011fi \u00fczerine de\u011fil , \u00f6zellikle\u00a0 de K\u00fcrt Ulusu Projesi kapsam\u0131nda \u201c<strong>Alevilik \u0130nan\u00e7t\u0131r<\/strong>\u201do halde K\u00fcrt K\u00fclt\u00fcr\u00fc\u2019d\u00fcr\u00a0 tasar\u0131m\u0131 \u00a0\u00fczerine oturtmu\u015f, b\u00f6ylece temel amac\u0131n Anadolu Alevi Halk kimli\u011finin yeni siyasi ve k\u00fclt\u00fcrel projeksiyonlarda\u00a0 \u00f6ne \u00e7\u0131kmas\u0131n\u0131 engellemek ,mevcut K\u00fcrt , T\u00fcrk ve Alevi\u00a0 \u0130slamc\u0131 konseptlere hayat\u00a0 vermek oldu\u011fu anla\u015f\u0131lm\u0131\u015ft\u0131.<\/p>\n<p><strong>Hasan KLAVUZ , DAP kurucular\u0131- K\u00fcrt\u00a0Siyasetiyle ili\u015fkileri :<\/strong>Bu ba\u015fl\u0131k ve ba\u011fl\u0131 a\u00e7\u0131klamalar DAB&#8217;l\u0131 Haydar CEYLAN&#8217;n\u0131n K\u00fcrt Hareketiyle ili\u015fkimiz yoktur a\u00e7\u0131klamas\u0131\u00a0\u00fczerine\u00a0\u00a0a\u00e7\u0131lm\u0131\u015ft\u0131r.<\/p>\n<p>Abdal Musa \u00c7al\u0131\u015ftay\u0131&#8217;ndan hemen sonra internet ortam\u0131nda yapt\u0131\u011f\u0131m k\u00fc\u00e7\u00fck bir gezinti sonucu\u00a0 2013 y\u0131l\u0131nda\u00a0 \u0130svi\u00e7re\u00a0 BASEL\u2019de\u00a0 yap\u0131lan gizli bir toplant\u0131da PKK taraf\u0131ndan\u00a0 Hasan KLAVUZ \u2018a g\u00f6rev verildi\u011fini belirten habere ula\u015ft\u0131m.(Bkz.29 Kas\u0131m 2013 tarihli S\u00d6ZC\u00dc). Bu haber \u00a0K\u00fcrt Hareketi-Hasan K\u0131lavuz ve DAB\u2019\u0131 kuran\u00a0ki\u015filerin ili\u015fkilerine \u0131\u015f\u0131k tutuyor.<\/p>\n<p>Kurucu \u00fcyelerin Alevilikle ilgili bak\u0131\u015flar\u0131 da \u00f6zetle \u015f\u00f6yledir:<\/p>\n<p>DAB Kurucu <strong>E\u015fba\u015fkan\u0131 Bar\u0131\u015f AYDIN<\/strong>:Alevili\u011fi sadece inan\u00e7 boyutuyla s\u0131n\u0131rlayan d\u00fc\u015f\u00fcncelere sahiptir.<\/p>\n<p><strong>H\u00fcseyin Gazi Metin<\/strong> Dede ile DAB\u2019\u0131n kurucular\u0131ndan <strong>S\u00fcleyman DEPREM<\/strong>\u00a0 2015 de HDP \u2018den aday aday\u0131 olmaya \u00e7al\u0131\u015fm\u0131\u015f, yak\u0131n\u0131 <strong>Mustafa DEPREM<\/strong> K\u00fcrt-Alevi\u00a0 Propagandas\u0131 yapan TV.10 Kanal\u0131nda g\u00f6rev alm\u0131\u015f,TV.10 sorumlusu <strong>\u015e\u00fckr\u00fc YILDIZ<\/strong>\u00a0Yolun Ezeli programlar\u0131n\u0131n kanalda yay\u0131nlanmas\u0131 y\u00f6n\u00fcndeki talebimizi geri \u00e7evirmi\u015ftir.<\/p>\n<p><strong> Hasan Klavuz<\/strong> ile <strong>H\u00fcseyin Gazi Metin<\/strong>\u00a0 Diyarbak\u0131r&#8217;da d\u00fczenlenen K\u00fcrdistan Alevi Konferans\u0131na kat\u0131l\u0131p\u00a0 bildiri vererek Cem y\u00fcr\u00fctm\u00fc\u015f ve Alevilerin par\u00e7alanmas\u0131na y\u00f6nelik bir tasar\u0131m olan \u201cMezopotamya Aleviler Birli\u011fi \u201cnin kurulmas\u0131 g\u00f6r\u00fc\u015f\u00fcne\u00a0 i\u015ftirak etmi\u015flerdir. K\u00fcrdistan Alevi Konferans\u0131na Necdet SARA\u00c7, Piri ER , Hasan KLAVUZ ve\u00a0 Hasan HARMANCI&#8217;n\u0131n\u00a0 \u00e7a\u011fr\u0131lmas\u0131 da son derece ilgin\u00e7tir!<\/p>\n<p>Bu konferans\u0131n sonu\u00e7 bildirisindeki incilerden biri &#8220;ALEV\u0130L\u0130\u011e\u0130N \u00d6ZG\u00dcRL\u00dc\u011e\u00dc K\u00dcRTLER\u0130N \u00d6ZG\u00dcRL\u00dc\u011e\u00dcD\u00dcR, K\u00dcRTLER\u0130N \u00d6ZG\u00dcRL\u00dc\u011e\u00dc ALEV\u0130L\u0130\u011e\u0130N \u00d6ZG\u00dcRL\u00dc\u011e\u00dcD\u00dcR&#8221;\u00a0 B\u00f6ylece konferans\u0131n\u00a0 sonucuna\u00a0\u00a0g\u00f6re Aleviler K\u00fcrt ,Alevilik ise inan\u00e7t\u0131r.Mesaja Dikkat edilirse &#8220;ALEV\u0130LER\u0130N \u00d6ZG\u00dcRL\u00dc\u011e\u00dc DE\u011e\u0130L&#8221; Alevili\u011fin \u00d6zg\u00fcrl\u00fc\u011f\u00fc kavram\u0131 \u00f6zenle se\u00e7ilmi\u015ftir. Alevilik \u00f6zg\u00fcrle\u015fince K\u00fcrtlerin K\u00fclt\u00fcr\u00fc olacak Alevilerse K\u00fcrt olarak asimile edilecektir.<\/p>\n<p>15-17 \u015eubat 2013 tarihlerinde Danimarka\u2019n\u0131n \u00fc\u00e7 \u015fehrinde verdi\u011fim konferanslar s\u00fcrecinde tan\u0131\u015ft\u0131\u011f\u0131m <strong>Feramuz Acar<\/strong> \u201cK\u00fcrt De\u011filim, Ancak ben\u00a0bir\u00a0 \u00f6zg\u00fcrl\u00fck sava\u015f\u00e7\u0131s\u0131y\u0131m \u201c demi\u015ftir.<\/p>\n<p><strong>Ela KAYA-Hac\u0131 \u00c7\u0130R\u0130K<\/strong>:\u00a0<strong>Ela Kaya <\/strong>tezimle ilgilenip \u00e7e\u015fitli etkinliklerde deste\u011fi olmu\u015ftur.Hac\u0131 \u00c7\u0130R\u0130K ise Alevi kimli\u011fi konusunda net olmayan d\u00fc\u015f\u00fcncelere sahip\u00a0olmakla birlikte\u00a0 tezime ilgi g\u00f6stermi\u015f \u00e7al\u0131\u015fmalar\u0131m\u0131 desteklemi\u015ftir.<\/p>\n<p><strong>DAB\u00a0 ve HDK :12 Aral\u0131k 2016\u2019da DAB . E\u015f Ba\u015fkan\u0131 Veli Balaban ve \u0130brahim Klavuz\u2019la g\u00f6r\u00fc\u015fme:Davetleri \u00fczerine kat\u0131ld\u0131m.<\/strong><\/p>\n<p>DAB E\u015fba\u015fkan\u0131 ve 20\u2019yi a\u015fk\u0131n kat\u0131l\u0131mc\u0131yla yap\u0131lan tan\u0131\u015fma toplant\u0131s\u0131nda\u00a0Alevilerin kadim Halk olduklar\u0131na, etnik olarak T\u00fcrk veya K\u00fcrt olmad\u0131klar\u0131na, Alevi Halk\u0131n Anadolu-Mezopotamya topraklar\u0131n\u0131n asli sahibi oldu\u011funa vurgu yapan a\u00e7\u0131klamalar\u0131ma\u00a0 kar\u015f\u0131n, \u00a0<strong>DAB E\u015fba\u015fkan\u0131 Veli Balaban<\/strong>\u00a0 toplant\u0131da haz\u0131r bulunan DAB \u00fcyelerini K\u00fcrt Hareketinin olu\u015fumlar\u0131ndan olan\u00a0<strong>\u201cHDK\u201d<\/strong>ya \u00fcye olmaya ve maddi destek vermeye \u00e7a\u011f\u0131rm\u0131\u015f, bunun \u00fczerine toplant\u0131y\u0131 terketmi\u015ftim.<\/p>\n<p><strong>\u00d6ZE D\u00d6N\u00dc\u015e KAVRAMI<\/strong> :K\u00fcrt -Alevi gruplar\u0131\u201c\u00d6ze D\u00f6n\u00fc\u015f\u201d kavram\u0131n\u0131\u00a0 Alevili\u011fin Siyasal \u0130slamc\u0131 etkilerden ar\u0131nd\u0131r\u0131larak \u00a0K\u00fcrt K\u00fclt\u00fcr\u00fc olarak benimsenmesi olarak ele almaktad\u0131rlar.Do\u011fu\u015f kayna\u011f\u0131\u00a0 her neresi\u00a0 olursa olsun her t\u00fcrl\u00fc,\u0131rk,din ,kanda\u015f\u00a0 d\u00fc\u015f\u00fcnce ve yap\u0131la\u015fmalardan ar\u0131nmam\u0131\u015f hi\u00e7bir ki\u015fi ve toplum\u00a0 evrenin en \u00fcst \u00f6l\u00e7ekte tekam\u00fcl\u00fc olan\u201d Kamil \u0130nsan\u201d temelli bar\u0131\u015f\u00e7\u0131l toplum yap\u0131la\u015fmas\u0131n\u0131 ger\u00e7ekle\u015ftiremez. Anadolu \u2013Mezopotamya \u00a0K\u00fclt\u00fcr ve Uygarl\u0131k Miras\u0131 ile\u00a0 ,insanl\u0131k ve uygarl\u0131k tarihinin getirisi olan e\u015fit\u00a0 insan haklar\u0131 ve evrensel k\u00fclt\u00fcr de\u011ferlerini d\u0131\u015flay\u0131p, Siyasal \u0130slamc\u0131 -Irk\u00e7\u0131\u00a0 Ulus ya\u015fam bi\u00e7imini toplumsal ya\u015fam\u00a0bi\u00e7imi yapan topluluklar insan ve do\u011fa sevgisine dayal\u0131\u00a0 varolu\u015fsal \u00f6zlerini yitirmi\u015f,egemen g\u00fcce tap\u0131p kendi topraklar\u0131nda i\u015fgalci olmu\u015f\u00a0, uygarl\u0131klar\u0131m\u0131z\u0131 karartm\u0131\u015flard\u0131r.<\/p>\n<p>Anadolu\u2013Mezopotamya denilen S\u00fcmer\u00a0 topraklar\u0131nda ya\u015fayan halklar\u0131n\u00a0 k\u00fclt\u00fcrel\u00a0 \u00f6z\u00fc, Semavi\u00a0 ad edinen dinler \u00f6ncesi kadim uygarl\u0131klar\u0131n geli\u015ftirdi\u011fi insan ve do\u011fa sevgisine dayal\u0131 Anadolu ALEV\u0130L\u0130\u011e\u0130\u2019dir. Aleviler kendilerini cihatla -fetihle katleden, yurtlar\u0131n\u0131 uygarl\u0131klar\u0131n\u0131 ele ge\u00e7irip talan eden hi\u00e7 bir kesime sayg\u0131 duyamazlar.<\/p>\n<p><strong>Bize G\u00f6re \u00d6ze D\u00f6n\u00fc\u015f;<\/strong> Anadolu&#8217;nun i\u015fgali\u00a0 ve uygarl\u0131klar\u0131n\u0131n karart\u0131lmas\u0131\u00a0 amac\u0131yla Kud\u00fcs,Mekke ve Vatikan&#8217;dan dayat\u0131lan\u00a0 k\u00f6kten dinci-\u0131rk\u00e7\u0131,b\u00f6l\u00fcc\u00fc\u00a0 ideolojilere kar\u015f\u0131 kadim halklar\u0131 koruyacak Anadolu Ayd\u0131nlanmas\u0131n\u0131 yaratmak,<\/p>\n<p>K\u00fcresel g\u00fc\u00e7lerin ku\u015fatmas\u0131 alt\u0131na giren\u00a0 yurdumuza,evrensel \u00f6l\u00e7ekte de\u011ferler olu\u015fturup ta\u015f\u0131yan k\u00fclt\u00fcr ve uygarl\u0131klar\u0131m\u0131za sahip \u00e7\u0131kmak,<\/p>\n<p>Kadim halklar\u0131\u00a0 kendi tarih,k\u00fclt\u00fcr ve uygarl\u0131k de\u011ferlerine\u00a0 yabanc\u0131la\u015ft\u0131ran\u00a0 \u00a0i\u015fgalci kimliklerden ar\u0131nd\u0131r\u0131p bu topraklar\u0131n\u00a0 asli sahipleri haline getirmektir.<\/p>\n<p>\u00d6ze d\u00f6n\u00fc\u015f, T\u00fcrkle\u015fmek, K\u00fcrtle\u015fmek ve Arap tarz\u0131 \u0130slamla\u015fmak de\u011fil, G\u00f6beklitepe&#8217;den g\u00fcn\u00fcm\u00fcze uzanan 12 Bin y\u0131ll\u0131k Anadolu k\u00fclt\u00fcr ve uygarl\u0131k tarihine sahiplenerek Anadolula\u015fmak-yerelle\u015fmek , Alevili\u011fin &#8220;Varl\u0131\u011f\u0131n Birli\u011fi&#8221; ilkesiyle kadim halklar\u0131&#8221;\u00a0 Bir,\u0130ri ve Diri bir toplum olarak b\u00fct\u00fcnle\u015ftirmektir.<\/p>\n<p>Ancak DAB&#8217;\u0131n &#8220;\u00d6ze D\u00f6n\u00fc\u015f&#8221;\u00a0\u00e7al\u0131\u015fmas\u0131 bu amac\u0131 kapsamamaktad\u0131r.\u00c7ok \u00f6zelde Alevili\u011fi K\u00fcrt K\u00fclt\u00fcr\u00fc i\u00e7inde de\u011ferlendiren bir yakla\u015f\u0131ma sahiptir.<\/p>\n<p>Emperyalizmin ku\u015fatmas\u0131 alt\u0131ndaki\u00a0 topraklarda ya\u015fayan mazlum halklar\u0131n kaderi ortakt\u0131r.Hi\u00e7 biri bir di\u011ferinden ba\u011f\u0131ms\u0131z olarak kendi kaderini tayin etme\u00a0 ko\u015fullar\u0131na sahip de\u011fildir.Her halk\u0131n ba\u015fkalar\u0131n\u0131n da orta\u011f\u0131 oldu\u011fu vatan topraklar\u0131 \u00fczerinde ba\u011f\u0131ms\u0131zl\u0131k talebi s\u00fcrekli sava\u015f ,b\u00f6l\u00fcnme ve yok olu\u015f demektir. Bu tez Ortado\u011fu halklar\u0131n\u0131 b\u00f6len, par\u00e7alayan ve ana vatanlar\u0131n\u0131 k\u00fcresel\u00a0 g\u00fc\u00e7lere yemlik yapma amac\u0131 ta\u015f\u0131yan k\u00fcresel\u00a0 bir tuzakt\u0131r.<\/p>\n<p>Anadolu-K\u0130.ENGUR topraklar\u0131 Anadolu halk\u0131n\u0131n kadimden ortak ana vatand\u0131r ve bug\u00fcn\u00a0 \u00fczerinde ya\u015fayan t\u00fcm halklar\u0131nd\u0131r.Bu topraklar\u0131n hi\u00e7 bir par\u00e7as\u0131 belli bir kesim i\u00e7in \u00f6zelle\u015ftirilemez.<\/p>\n<p>Bu Temelde Kadim halklar i\u00e7in \u00f6nerimiz ;VARLI\u011eIN B\u0130RL\u0130\u011e\u0130 TEMEL\u0130NDE,Ortak Anavatan,Evrensel K\u00fclt\u00fcr, E\u015fit insan Haklar\u0131,Ortak egemenlik ve Ortak Y\u00f6netim ilkeleri etraf\u0131nda birle\u015fmektir.<\/p>\n<p><strong>SONU\u00c7:\u00a0 <\/strong><\/p>\n<p>DAB \u00fcyesi oldu\u011funu belirten Haydar CEYLAN adl\u0131 \u015fah\u0131s hi\u00e7bir konu ,alan ve d\u00fczeyde muhattab\u0131m de\u011fildir. Kendisini tan\u0131m\u0131yorum. Face ortam\u0131nda alenen &#8221; devlet ajan\u0131 &#8220;yak\u0131\u015ft\u0131rmas\u0131 yapan bu \u015fahsa ahlak,edep,fikri m\u00fclkiyet ve eme\u011fe sayg\u0131\u00a0 gibi\u00a0 konularda Bekir \u00d6ZG\u00dcR\u00a0, Osman YILMAZ\u00a0 ve bizleri tan\u0131yan\u00a0 bir \u00e7ok ki\u015fi taraf\u0131ndan\u00a0 gerekli uyar\u0131 ve\u00a0 cevaplar verildi\u011fi halde \u00a0iddialar\u0131n\u0131 a\u00e7\u0131ktan yenilemi\u015f\u00a0 bu nedenle\u00a0 taraf\u0131m\u0131zdan a\u00e7\u0131ktan yan\u0131t verilmek zorunda kal\u0131nm\u0131\u015ft\u0131r. DAB y\u00f6netimi, b\u00fcnyesinde bar\u0131nd\u0131rd\u0131\u011f\u0131 bu vb. \u015fah\u0131slar\u0131 uyarmam\u0131\u015f olmakla iddia ve davran\u0131\u015flar\u0131n\u0131 desteklemi\u015f olmaktad\u0131r.<\/p>\n<p>DAB ,i\u00e7inde iyi niyetli unsurlar bar\u0131nd\u0131r\u0131yor olsa da , BA\u011eIMSIZ B\u0130R ALEV\u0130 HAREKET\u0130 DE\u011e\u0130LD\u0130R.<\/p>\n<p>YOLUN EZEL\u0130 40 YILLIK EME\u011e\u0130N\u00a0\u2013B\u0130L\u0130M\u0130N\u00a0 \u00dcR\u00dcN\u00dcD\u00dcR.<\/p>\n<p>250 YILLIK B\u0130L\u0130MSEL KAZI VER\u0130LER\u0130\u00a0 T\u00dcM D\u00dcNYA M\u00dcZELER\u0130NDE\u00a0 HER KES\u0130N G\u00d6R\u00dc\u015e VE YORUMLARINA\u00a0 A\u00c7IK OLDU\u011eU HALDE S\u00dcMER; HATT\u0130-LUV\u0130 ,H\u0130T\u0130T VE HURR\u0130LER\u0130N ALEV\u0130 OLDU\u011eUNA Y\u00d6NEL\u0130K B\u0130L\u0130MSEL TESP\u0130T VE \u00c7IKI\u015eLARI YAPAN \u00a0\u0130LK K\u0130\u015e\u0130 \u00a0KEMAL SOYER\u2019dir.<\/p>\n<p>YOLUN EZEL\u0130 ;TAM BA\u011eIMSIZ VE DEMOKRAT\u0130K ANADOLU HALK HAREKET\u0130N\u0130N DO\u011eU\u015e KAYNA\u011eIDIR. HALKIMIZ VE ANADOLU GEN\u00c7L\u0130\u011e\u0130 IRKLAR \u00dcST\u00dc TEMELDE B\u0130RLE\u015e\u0130K VE UYGAR B\u0130R TOPLUM \u00d6RG\u00dcTLENMES\u0130N\u0130 MUTLAKA\u00a0 GER\u00c7EKLE\u015eT\u0130RECEKT\u0130R.<\/p>\n<p>Fikir ve emek s\u00f6m\u00fcr\u00fcs\u00fcne kar\u015f\u0131\u00a0 fikri m\u00fclkiyet olarak koruma alt\u0131na al\u0131nan \u00e7al\u0131\u015fmalar, ya\u015famlar\u0131yla\u00a0 AB\u2019nin\u00a0 sosyal yard\u0131mlar\u0131na\u00a0 ve direktiflerine\u00a0 mahkum olan, uygarl\u0131k ve insan tarihi \u00a0kapsam\u0131nda ele ald\u0131\u011f\u0131m\u0131z Anadolu Alevili\u011fi konusunda hi\u00e7bir\u00a0 bilimsel yetkinli\u011fi, uzmanl\u0131\u011f\u0131 , ara\u015ft\u0131rmas\u0131 ve yay\u0131n\u0131 bulunmayan ki\u015filerin haddini a\u015fan i\u00e7erik ve derinliktedir. Luvr, Bergama, Britsch M\u00fczeleri yan\u0131 ba\u015f\u0131n\u0131zdayken, b\u0131rak\u0131n emek\u00e7ileri ,AB\u2019de ya\u015fayan ka\u00e7 Alevi bilim adam\u0131 bu konuya i\u015faret edebilmi\u015ftir?<\/p>\n<p>AB\u2019de i\u015f\u00e7i -emek\u00e7i olarak ya\u015fayacaks\u0131n\u0131z,\u00a0ki; eme\u011fe sayg\u0131l\u0131y\u0131z,\u00a0 sonra haddinizi\u00a0 a\u015farak bilim adaml\u0131\u011f\u0131na soyunacaks\u0131n\u0131z ,bilim adamlar\u0131n\u0131 yarg\u0131lamaya kalk\u0131\u015facaks\u0131n\u0131z .Bu halde sizin t\u00fcm insani ,tarihi,bilimsel ve k\u00fclt\u00fcrel de\u011ferleri yerle yeksan eden bir cihat\u00e7\u0131dan ne fark\u0131n\u0131z kal\u0131r?<\/p>\n<p>1000 y\u0131ll\u0131k \u0130slam karde\u015fli\u011fi kapsam\u0131nda \u0130slamc\u0131 K\u00fcrtlerle ortakla\u015fa Alevi Soyk\u0131r\u0131mlar\u0131 yapan kesimler ak\u0131l tutulmas\u0131na m\u0131 yakalanm\u0131\u015ft\u0131r ki; Kemal Soyer\u2019e Alevilikle ilgili gizli bilgileri versin. Emin olun devlete egemen olan siyasal \u0130slamc\u0131 ve \u0131rk\u00e7\u0131 hi\u00e7bir kafa kadim eserlere gizlenmi\u015f Alevi d\u00fc\u015f\u00fcncesi ile evrensel temalar\u0131 anlayamaz ve \u00e7\u00f6zemez. \u00c7\u00fcnk\u00fc Mimarl\u0131k Fak\u00fclteleri\u00a0 500 tavan puanla \u00f6\u011frenci al\u0131rken, Dil ve Tarih-Co\u011frafya Fak\u00fclteleri 250 tavan puanla \u00f6\u011frenci almakta idi. Bu da Anadolu halk tarihi ger\u00e7e\u011finin bunca e\u011fitim ve \u00f6\u011fretime ra\u011fmen neden gizli kald\u0131\u011f\u0131n\u0131n \u00f6nemli bir g\u00f6stergesidir.<\/p>\n<p>Alevi\u00a0 tarz\u0131 ya\u015fam k\u00fclt\u00fcr\u00fc, edep ,erkan ve yol bilgisi ile insanl\u0131k ve uygarl\u0131k tarihinden\u00a0 mahrum\u00a0 yeti\u015fmi\u015f ,k\u00fcresel g\u00fc\u00e7lerin\u00a0 toplum m\u00fchendisli\u011fi\u00a0 kapsam\u0131nda yabanc\u0131\u00a0 bozguncu k\u00fclt\u00fcr ve ideolojilere mahkum edilmi\u015f\u00a0 insanlardan\u00a0 y\u00fcksek k\u00fclt\u00fcr,uygar davran\u0131\u015f, ho\u015fg\u00f6r\u00fc, bilime,eme\u011fe\u00a0 ve insan haklar\u0131na sayg\u0131 beklenemez.<\/p>\n<p>YOL C\u00dcMLEDEN ULUDUR<\/p>\n<p>19.09.2017-ANKARA<\/p>\n<p><a href=\"http:\/\/www.yolunezeli.com\/wp-content\/uploads\/2017\/09\/IMG_0625.jpg\"><img loading=\"lazy\" decoding=\"async\" class=\"wp-image-4755 alignleft\" src=\"http:\/\/www.yolunezeli.com\/wp-content\/uploads\/2017\/09\/IMG_0625.jpg\" alt=\"\" width=\"156\" height=\"208\" srcset=\"https:\/\/www.yolunezeli.com\/wp-content\/uploads\/2017\/09\/IMG_0625.jpg 2448w, https:\/\/www.yolunezeli.com\/wp-content\/uploads\/2017\/09\/IMG_0625-225x300.jpg 225w, https:\/\/www.yolunezeli.com\/wp-content\/uploads\/2017\/09\/IMG_0625-768x1024.jpg 768w\" sizes=\"auto, (max-width: 156px) 100vw, 156px\" \/><\/a><\/p>\n<p>Belge-1<\/p>\n<p><a href=\"http:\/\/www.yolunezeli.com\/wp-content\/uploads\/2017\/09\/IMG_0617.jpg\"><img loading=\"lazy\" decoding=\"async\" class=\"wp-image-4756 alignleft\" src=\"http:\/\/www.yolunezeli.com\/wp-content\/uploads\/2017\/09\/IMG_0617.jpg\" alt=\"\" width=\"190\" height=\"142\" srcset=\"https:\/\/www.yolunezeli.com\/wp-content\/uploads\/2017\/09\/IMG_0617.jpg 3264w, https:\/\/www.yolunezeli.com\/wp-content\/uploads\/2017\/09\/IMG_0617-300x225.jpg 300w, https:\/\/www.yolunezeli.com\/wp-content\/uploads\/2017\/09\/IMG_0617-768x576.jpg 768w, https:\/\/www.yolunezeli.com\/wp-content\/uploads\/2017\/09\/IMG_0617-1024x768.jpg 1024w, https:\/\/www.yolunezeli.com\/wp-content\/uploads\/2017\/09\/IMG_0617-82x60.jpg 82w, https:\/\/www.yolunezeli.com\/wp-content\/uploads\/2017\/09\/IMG_0617-65x50.jpg 65w\" sizes=\"auto, (max-width: 190px) 100vw, 190px\" \/><\/a><\/p>\n<p><a href=\"http:\/\/www.yolunezeli.com\/wp-content\/uploads\/2017\/09\/IMG_0616.jpg\"><img loading=\"lazy\" decoding=\"async\" class=\"aligncenter wp-image-4757\" src=\"http:\/\/www.yolunezeli.com\/wp-content\/uploads\/2017\/09\/IMG_0616.jpg\" alt=\"\" width=\"191\" height=\"144\" srcset=\"https:\/\/www.yolunezeli.com\/wp-content\/uploads\/2017\/09\/IMG_0616.jpg 3264w, https:\/\/www.yolunezeli.com\/wp-content\/uploads\/2017\/09\/IMG_0616-300x225.jpg 300w, https:\/\/www.yolunezeli.com\/wp-content\/uploads\/2017\/09\/IMG_0616-768x576.jpg 768w, https:\/\/www.yolunezeli.com\/wp-content\/uploads\/2017\/09\/IMG_0616-1024x768.jpg 1024w, https:\/\/www.yolunezeli.com\/wp-content\/uploads\/2017\/09\/IMG_0616-65x50.jpg 65w\" sizes=\"auto, (max-width: 191px) 100vw, 191px\" \/><\/a>Belge\u00a0\u00a0-2<\/p>\n<p><a href=\"http:\/\/www.yolunezeli.com\/wp-content\/uploads\/2017\/09\/IMG_0618.jpg\"><img loading=\"lazy\" decoding=\"async\" class=\"wp-image-4759 alignleft\" src=\"http:\/\/www.yolunezeli.com\/wp-content\/uploads\/2017\/09\/IMG_0618.jpg\" alt=\"\" width=\"175\" height=\"234\" srcset=\"https:\/\/www.yolunezeli.com\/wp-content\/uploads\/2017\/09\/IMG_0618.jpg 2448w, https:\/\/www.yolunezeli.com\/wp-content\/uploads\/2017\/09\/IMG_0618-225x300.jpg 225w, https:\/\/www.yolunezeli.com\/wp-content\/uploads\/2017\/09\/IMG_0618-768x1024.jpg 768w\" sizes=\"auto, (max-width: 175px) 100vw, 175px\" \/><\/a><a href=\"http:\/\/www.yolunezeli.com\/wp-content\/uploads\/2017\/09\/IMG_0623.jpg\"><img loading=\"lazy\" decoding=\"async\" class=\"wp-image-4760 alignnone\" src=\"http:\/\/www.yolunezeli.com\/wp-content\/uploads\/2017\/09\/IMG_0623.jpg\" alt=\"\" width=\"181\" height=\"241\" srcset=\"https:\/\/www.yolunezeli.com\/wp-content\/uploads\/2017\/09\/IMG_0623.jpg 2448w, https:\/\/www.yolunezeli.com\/wp-content\/uploads\/2017\/09\/IMG_0623-225x300.jpg 225w, https:\/\/www.yolunezeli.com\/wp-content\/uploads\/2017\/09\/IMG_0623-768x1024.jpg 768w\" sizes=\"auto, (max-width: 181px) 100vw, 181px\" \/><\/a><\/p>\n<p>Belge-3<\/p>\n<p><a href=\"http:\/\/www.yolunezeli.com\/wp-content\/uploads\/2017\/09\/IMG_0624.jpg\"><img loading=\"lazy\" decoding=\"async\" class=\"wp-image-4761 alignleft\" src=\"http:\/\/www.yolunezeli.com\/wp-content\/uploads\/2017\/09\/IMG_0624.jpg\" alt=\"\" width=\"341\" height=\"455\" srcset=\"https:\/\/www.yolunezeli.com\/wp-content\/uploads\/2017\/09\/IMG_0624.jpg 2448w, https:\/\/www.yolunezeli.com\/wp-content\/uploads\/2017\/09\/IMG_0624-225x300.jpg 225w, https:\/\/www.yolunezeli.com\/wp-content\/uploads\/2017\/09\/IMG_0624-768x1024.jpg 768w\" sizes=\"auto, (max-width: 341px) 100vw, 341px\" \/><\/a><\/p>\n<p>Belge-4<\/p>\n","protected":false},"excerpt":{"rendered":"<p>YOLUN EZEL\u0130 \u00a0-ANADOLU ALEV\u0130L\u0130\u011e\u0130\u00a0VE\u00a0ALEV\u0130 HALK\u00a0 K\u0130ML\u0130\u011e\u0130NE KAR\u015eI\u00a0 GEL\u0130\u015eT\u0130R\u0130LEN\u00a0 POL\u0130T\u0130KALAR \u00a0VE\u00a0 \u00d6RG\u00dcTLENMELER Kemal SOYER\u00a0 \/Y.Mimar ,K\u00fclt\u00fcrel ve Do\u011fal Miras\u0131 Ara\u015ft\u0131rma ve Koruma\u00a0 Uzman\u0131 ANADOLU\u00a0 ve ba\u011fr\u0131ndan do\u011fan\u00a0 F\u0131rat-Dicle\u2019nin bereketlendirdi\u011fi ENG\u00dcR\u00a0 topraklar\u0131n [&hellip;]<\/p>\n","protected":false},"author":1,"featured_media":4473,"comment_status":"open","ping_status":"open","sticky":false,"template":"","format":"standard","meta":{"_kadence_starter_templates_imported_post":false,"footnotes":""},"categories":[1],"tags":[3,385,381,383,384,76,204],"class_list":["post-4752","post","type-post","status-publish","format-standard","has-post-thumbnail","hentry","category-genel","tag-anadolu-aleviligi","tag-avrupada-aleviler","tag-dab","tag-daba-elestiriler","tag-devrimci-aleviler-birligi","tag-kemal-soyer-hitit","tag-yolun-ezeli"],"_links":{"self":[{"href":"https:\/\/www.yolunezeli.com\/index.php?rest_route=\/wp\/v2\/posts\/4752","targetHints":{"allow":["GET"]}}],"collection":[{"href":"https:\/\/www.yolunezeli.com\/index.php?rest_route=\/wp\/v2\/posts"}],"about":[{"href":"https:\/\/www.yolunezeli.com\/index.php?rest_route=\/wp\/v2\/types\/post"}],"author":[{"embeddable":true,"href":"https:\/\/www.yolunezeli.com\/index.php?rest_route=\/wp\/v2\/users\/1"}],"replies":[{"embeddable":true,"href":"https:\/\/www.yolunezeli.com\/index.php?rest_route=%2Fwp%2Fv2%2Fcomments&post=4752"}],"version-history":[{"count":89,"href":"https:\/\/www.yolunezeli.com\/index.php?rest_route=\/wp\/v2\/posts\/4752\/revisions"}],"predecessor-version":[{"id":9659,"href":"https:\/\/www.yolunezeli.com\/index.php?rest_route=\/wp\/v2\/posts\/4752\/revisions\/9659"}],"wp:featuredmedia":[{"embeddable":true,"href":"https:\/\/www.yolunezeli.com\/index.php?rest_route=\/wp\/v2\/media\/4473"}],"wp:attachment":[{"href":"https:\/\/www.yolunezeli.com\/index.php?rest_route=%2Fwp%2Fv2%2Fmedia&parent=4752"}],"wp:term":[{"taxonomy":"category","embeddable":true,"href":"https:\/\/www.yolunezeli.com\/index.php?rest_route=%2Fwp%2Fv2%2Fcategories&post=4752"},{"taxonomy":"post_tag","embeddable":true,"href":"https:\/\/www.yolunezeli.com\/index.php?rest_route=%2Fwp%2Fv2%2Ftags&post=4752"}],"curies":[{"name":"wp","href":"https:\/\/api.w.org\/{rel}","templated":true}]}}