{"id":4824,"date":"2017-10-03T09:53:08","date_gmt":"2017-10-03T09:53:08","guid":{"rendered":"http:\/\/www.yolunezeli.com\/?p=4824"},"modified":"2023-03-27T09:17:14","modified_gmt":"2023-03-27T09:17:14","slug":"on-iki-tanri-on-iki-havari-on-iki-imam-ikonografisi","status":"publish","type":"post","link":"https:\/\/www.yolunezeli.com\/?p=4824","title":{"rendered":"ON \u0130K\u0130 TANRI-ON \u0130K\u0130 HAVAR\u0130-ON \u0130K\u0130 \u0130MAM \u0130KONOGRAF\u0130S\u0130"},"content":{"rendered":"<div class=\"\" data-block=\"true\" data-editor=\"8fim9\" data-offset-key=\"2mp5n-0-0\">\n<div class=\"_1mf _1mj\" data-offset-key=\"2mp5n-0-0\"><span data-offset-key=\"2mp5n-0-0\">ON \u0130K\u0130 HAVAR\u0130-ON \u0130K\u0130 \u0130MAM MOT\u0130FLER\u0130N\u0130N K\u00d6KEN\u0130<\/span><\/div>\n<div class=\"_1mf _1mj\" data-offset-key=\"2mp5n-0-0\">Kemal SOYER-Y. M\u0130MAR 03.10.2017<\/div>\n<div data-offset-key=\"2mp5n-0-0\"><\/div>\n<div data-offset-key=\"2mp5n-0-0\"><em>Not:Telif haklar\u0131 kapsam\u0131ndad\u0131r,kaynak g\u00f6sterilmeden al\u0131nt\u0131 yap\u0131lamaz,izinsiz olarak kopyalanamaz,\u00e7o\u011falt\u0131lamaz, her t\u00fcrl\u00fc g\u00f6rsel, i\u015fitsel, yaz\u0131l\u0131 \u00e7izili, maddi de\u011fer ta\u015f\u0131yan ticari \u00fcr\u00fcn olarak kullan\u0131lamaz.<\/em><\/div>\n<\/div>\n<div class=\"_1mf _1mj\" data-offset-key=\"2mp5n-0-0\"><\/div>\n<div class=\"_1mf _1mj\" data-offset-key=\"2mp5n-0-0\"><\/div>\n<div class=\"\" data-block=\"true\" data-editor=\"8fim9\" data-offset-key=\"81n6l-0-0\">\n<div class=\"_1mf _1mj\" data-offset-key=\"81n6l-0-0\"><span data-offset-key=\"81n6l-0-0\"><a href=\"http:\/\/www.yolunezeli.com\/wp-content\/uploads\/2017\/10\/112-imam.jpg\"><img loading=\"lazy\" decoding=\"async\" class=\"aligncenter wp-image-4825\" src=\"http:\/\/www.yolunezeli.com\/wp-content\/uploads\/2017\/10\/112-imam.jpg\" alt=\"\" width=\"554\" height=\"343\" srcset=\"https:\/\/www.yolunezeli.com\/wp-content\/uploads\/2017\/10\/112-imam.jpg 1500w, https:\/\/www.yolunezeli.com\/wp-content\/uploads\/2017\/10\/112-imam-300x186.jpg 300w, https:\/\/www.yolunezeli.com\/wp-content\/uploads\/2017\/10\/112-imam-768x476.jpg 768w, https:\/\/www.yolunezeli.com\/wp-content\/uploads\/2017\/10\/112-imam-1024x634.jpg 1024w\" sizes=\"auto, (max-width: 554px) 100vw, 554px\" \/><\/a><\/span><\/div>\n<div class=\"_1mf _1mj\" style=\"text-align: center;\" data-offset-key=\"81n6l-0-0\"><\/div>\n<div class=\"_1mf _1mj\" style=\"text-align: center;\" data-offset-key=\"81n6l-0-0\">\u00a0 \u00a0 \u00a0 \u00a0 \u00a0 \u00a0 \u00a0 \u00a0HATTU\u015eA -YAZILIKAYA TAPINA\u011eI 12 TANRI KABARTMASI \u0130.\u00d6.1275<\/div>\n<div class=\"_1mf _1mj\" data-offset-key=\"81n6l-0-0\">\u00a0<a href=\"http:\/\/www.yolunezeli.com\/wp-content\/uploads\/2017\/10\/Resim1.jpg\"><img loading=\"lazy\" decoding=\"async\" class=\"aligncenter wp-image-4845\" src=\"http:\/\/www.yolunezeli.com\/wp-content\/uploads\/2017\/10\/Resim1.jpg\" alt=\"\" width=\"548\" height=\"423\" srcset=\"https:\/\/www.yolunezeli.com\/wp-content\/uploads\/2017\/10\/Resim1.jpg 1162w, https:\/\/www.yolunezeli.com\/wp-content\/uploads\/2017\/10\/Resim1-300x232.jpg 300w, https:\/\/www.yolunezeli.com\/wp-content\/uploads\/2017\/10\/Resim1-768x593.jpg 768w, https:\/\/www.yolunezeli.com\/wp-content\/uploads\/2017\/10\/Resim1-1024x790.jpg 1024w, https:\/\/www.yolunezeli.com\/wp-content\/uploads\/2017\/10\/Resim1-65x50.jpg 65w\" sizes=\"auto, (max-width: 548px) 100vw, 548px\" \/><\/a><\/div>\n<div class=\"_1mf _1mj\" data-offset-key=\"81n6l-0-0\"><\/div>\n<div class=\"_1mf _1mj\" style=\"text-align: center;\" data-offset-key=\"81n6l-0-0\"><\/div>\n<div class=\"_1mf _1mj\" data-offset-key=\"81n6l-0-0\">\u00a0 \u00a0 \u00a0 \u00a0 \u00a0 \u00a0 \u00a0 \u00a0 \u00a0 \u00a0 \u00a0 \u00a0 \u00a0ARNAVUTLUK DURBALI SULTAN DERGAHI-1894<\/div>\n<div class=\"_1mf _1mj\" data-offset-key=\"81n6l-0-0\"><\/div>\n<div class=\"_1mf _1mj\" data-offset-key=\"81n6l-0-0\"><\/div>\n<div class=\"_1mf _1mj\" data-offset-key=\"81n6l-0-0\"><a href=\"http:\/\/www.yolunezeli.com\/wp-content\/uploads\/2017\/10\/12-disciples.jpg\"><img loading=\"lazy\" decoding=\"async\" class=\"aligncenter wp-image-4828\" src=\"http:\/\/www.yolunezeli.com\/wp-content\/uploads\/2017\/10\/12-disciples.jpg\" alt=\"\" width=\"463\" height=\"433\" \/><\/a><\/div>\n<\/div>\n<div class=\"_1mf _1mj\" data-offset-key=\"81n6l-0-0\"><\/div>\n<div class=\"_1mf _1mj\" data-offset-key=\"81n6l-0-0\"><\/div>\n<div class=\"_1mf _1mj\" data-offset-key=\"81n6l-0-0\">\u00a0 \u00a0 \u00a0 \u00a0 \u00a0 \u00a0 \u00a0 \u00a0 \u00a0 \u00a0 \u00a0 \u00a0 \u00a0 \u00a0 \u00a0 \u00a0 \u00a0 \u00a0 \u00a0 \u00a0 \u00a0 \u00a0HR\u0130ST\u0130YANLI\u011eIN 12 HAVAR\u0130S\u0130 (!)<\/div>\n<div class=\"\" data-block=\"true\" data-editor=\"8fim9\" data-offset-key=\"81n6l-0-0\">\n<div class=\"_1mf _1mj\" data-offset-key=\"81n6l-0-0\">\u00a0<a href=\"http:\/\/www.yolunezeli.com\/wp-content\/uploads\/2017\/10\/Imams.jpg\"><img loading=\"lazy\" decoding=\"async\" class=\"aligncenter wp-image-4830\" src=\"http:\/\/www.yolunezeli.com\/wp-content\/uploads\/2017\/10\/Imams.jpg\" alt=\"\" width=\"586\" height=\"424\" srcset=\"https:\/\/www.yolunezeli.com\/wp-content\/uploads\/2017\/10\/Imams.jpg 1762w, https:\/\/www.yolunezeli.com\/wp-content\/uploads\/2017\/10\/Imams-300x217.jpg 300w, https:\/\/www.yolunezeli.com\/wp-content\/uploads\/2017\/10\/Imams-768x556.jpg 768w, https:\/\/www.yolunezeli.com\/wp-content\/uploads\/2017\/10\/Imams-1024x741.jpg 1024w, https:\/\/www.yolunezeli.com\/wp-content\/uploads\/2017\/10\/Imams-82x60.jpg 82w\" sizes=\"auto, (max-width: 586px) 100vw, 586px\" \/><\/a><\/div>\n<div class=\"_1mf _1mj\" data-offset-key=\"81n6l-0-0\"><\/div>\n<\/div>\n<div class=\"_1mf _1mj\" data-offset-key=\"81n6l-0-0\">\u00a0 \u00a0 \u00a0 \u00a0 \u00a0 \u00a0 \u00a0 \u00a0 \u00a0 \u00a0 \u00a0 \u00a0 \u00a0 \u00a0 \u00a0 \u00a0 \u00a0 \u00a0 \u00a0 \u00a0 \u00a0 \u00a0 \u00a0\u0130SLAMIN 12 \u0130MAMI (!)<\/div>\n<div data-offset-key=\"81n6l-0-0\"><\/div>\n<div class=\"_1mf _1mj\" data-offset-key=\"81n6l-0-0\">En ba\u015ftaki resim Hititlerin Hattu\u015fa Yaz\u0131l\u0131kaya A\u00e7\u0131k Hava Tap\u0131na\u011f\u0131ndaki 12 Tanr\u0131 kabartmas\u0131d\u0131r. Ellerinde orak formlu k\u0131l\u0131\u00e7larla pe\u015f pe\u015fe y\u00fcr\u00fcyen Bekta\u015fi k\u00fclahl\u0131\u00a0 ve meng\u00fc\u015f k\u00fcpeli tanr\u0131lar 12 bur\u00e7tan ge\u00e7en g\u00fcne\u015fin bir y\u0131l i\u00e7inde olu\u015fturdu\u011fu 12 ayl\u0131k senkretik zaman d\u00f6ng\u00fcs\u00fcn\u00fc kar\u015f\u0131lamaktad\u0131r.<\/div>\n<div class=\"_1mf _1mj\" data-offset-key=\"81n6l-0-0\">Bekta\u015filik Hititlerin idari ,k\u00fclt\u00fcrel ve k\u00fcltsel kurumunun devam\u0131d\u0131r.S\u00fcmer-Hitit k\u00f6kenli Bekta\u015fili\u011fin 12 dilimli H\u00fcseyni Tac\u0131, G\u00fcne\u015fi ve 12 burcu sembolize etmektedir.<\/div>\n<div class=\"_1mf _1mj\" data-offset-key=\"81n6l-0-0\">G\u00fcne\u015f, d\u00fcnyevi ya\u015fam\u0131 ye\u015ferten ilahi ta\u00e7 (Tiji) ve ocak, evrene a\u00e7\u0131lan Tanr\u0131 Kap\u0131s\u0131 ve Hakk E\u015fi\u011fidir.G\u00fcne\u015f Tanr\u0131s\u0131&#8217;n\u0131n Hattice\u00a0 ad\u0131\u00a0 ESTAN, Hitit\u00e7e \u0130STANU&#8217;dur. Bu temelde\u00a0 AS\u0130TANE\u00a0 ad\u0131yla an\u0131lan Hac\u0131 Bekta\u015f-\u0131 Veli\u00a0 Dergah\u0131, Anadolu Alevili\u011finin Tanr\u0131 Oca\u011f\u0131 olup, g\u00fcne\u015fe ba\u011fl\u0131 d\u00fcnyevi y\u00f6netimi\u00a0 12 Post Babas\u0131yla temsil etmi\u015ftir. Bu postlar, Anadolu Alevili\u011fine sonradan eklemlenen soy s\u00fcrekli Alevi \u0130slamc\u0131 \u00e7akma ocaklarla kar\u0131\u015ft\u0131r\u0131lmamal\u0131d\u0131r.<\/div>\n<div data-offset-key=\"81n6l-0-0\"><\/div>\n<div class=\"_1mf _1mj\" data-offset-key=\"81n6l-0-0\">Yukar\u0131da Durbal\u0131 Sultan Dergah\u0131&#8217;ndaki 12 Tanr\u0131 motifine dikkat edilirse, erenlerin t\u00fcm\u00fc Hitit Yaz\u0131l\u0131kayadaki 12 Tanr\u0131 gibi\u00a0 Bekta\u015fi k\u00fclahl\u0131d\u0131r ve ellerinde F\u0131rt\u0131na Tanr\u0131s\u0131n\u0131n teberleri vard\u0131r. G\u00fcn\u00fcm\u00fczde \u0130slama uyarlanm\u0131\u015f ye\u015fil sar\u0131kl\u0131 imam resimleri \u0130ran-\u015eia k\u00f6kenlidir. Anadolu&#8217;nun Hristiyan i\u015fgaline girmesiyle 12 Havari olarak etiketlenen bu motif, Siyasal \u0130slam\u0131n Anadoluya giri\u015fiyle de\u00a0 12 \u0130mam olarak d\u00fczenlenmi\u015ftir. G\u00f6rsellere dikkat edilirse 12 Havarinin ba\u015flar\u0131nda Hititlerdeki gibi g\u00fcne\u015f halesi vard\u0131r. Hristiyan ve Arabik imamlar\u0131n temsili resimlerinde de baz\u0131lar\u0131n\u0131n elleri Bekta\u015fi tarz\u0131 kalplerinin \u00fczerindedir. Ayn\u0131 \u015fekilde \u0130ran men\u015feli 12 \u0130maml\u0131 resimde\u00a0 imamlar g\u00fcne\u015ften gelen 12 \u0131\u015f\u0131k huzmesiyle tan\u0131mlanm\u0131\u015f, sonuncu imam\u0131n y\u00fcz\u00fc-ki\u015fili\u011fi g\u00fcne\u015fle \u00f6zde\u015fle\u015ftirilmi\u015ftir.Bu tasar\u0131mlar Hatti-Hitit G\u00fcne\u015f K\u00fclt\u00fcn\u00fcn semavi ad edinen dinlere adapte edildi\u011fini a\u00e7\u0131k\u00e7a ortaya koymaktad\u0131r.<\/div>\n<div data-offset-key=\"81n6l-0-0\"><\/div>\n<div data-offset-key=\"81n6l-0-0\"><\/div>\n<div class=\"_1mf _1mj\" data-offset-key=\"81n6l-0-0\">Yukar\u0131daki resimlerin kavratt\u0131\u011f\u0131 ortak tema\u00a0 \u015fudur; s\u0131rdaki Muhammet Mehti, \u0130sa Ruhullah, Musa Kelimullah vb. mitik ki\u015filiklerin kayna\u011f\u0131\u00a0 Anadolu&#8217;nun kadim G\u00fcne\u015f Tanr\u0131s\u0131&#8217;d\u0131r. Alevi-Bekta\u015fi S\u00fcmer ve Hattilerin\u00a0 En-El Hakk inanc\u0131yla ortaya koyduklar\u0131 Hak-do\u011fa insan temelli Tanr\u0131 K\u00fclt\u00fc, sonradan do\u011fma semavi ad edinen dinlerce\u00a0 \u00a0karart\u0131lm\u0131\u015f, insanl\u0131k 2500 y\u0131ldan g\u00fcn\u00fcm\u00fcze ya\u015fanan sava\u015f, katliam, y\u0131k\u0131m ve k\u00fclt\u00fcrel karartma i\u00e7inde kalm\u0131\u015ft\u0131r. Bu karanl\u0131\u011f\u0131n yak\u0131n zamanda ortaya \u00e7\u0131kaca\u011f\u0131 d\u00fc\u015f\u00fcn\u00fclen\u00a0 Muhammet Mehti ile a\u015f\u0131laca\u011f\u0131 y\u00f6n\u00fcnde toplumsal bir beklenti olu\u015fmu\u015ftur. Ancak \u0130slamc\u0131lar\u0131n beklentilerine kar\u015f\u0131n Mehti ,Hatti G\u00fcne\u015fli Alevi uygarl\u0131k bilinciyle yeniden do\u011facakt\u0131r. Mehti, mazlum Anadolu-Mezopotamya halklar\u0131n\u0131n kurtar\u0131c\u0131s\u0131d\u0131r. D\u00fcnya onunla ayd\u0131nlanacak , insanl\u0131k kendisinden\u00a0 gizlenen evreni ger\u00e7eklerle yeniden bulu\u015facakt\u0131r.<\/div>\n<div data-offset-key=\"81n6l-0-0\"><\/div>\n<div data-offset-key=\"81n6l-0-0\"><\/div>\n<div class=\"_1mf _1mj\" data-offset-key=\"81n6l-0-0\">G\u00fcne\u015f 12 ay boyunca d\u00fcnyaya hayat vermektedir.Bu hayat kayna\u011f\u0131 Adalet Tanr\u0131s\u0131,&#8221;G\u00fcne\u015f Tanr\u0131s\u0131-Tanr\u0131\u00e7as\u0131 &#8221; ve &#8220;12 Eren&#8221;olarak ki\u015file\u015ftirilmi\u015f , evrendeki 12 ayl\u0131k y\u00fcr\u00fcy\u00fc\u015f\u00fc insanl\u0131k i\u00e7in sava\u015fan &#8220;12 Tanr\u0131&#8221; olarak kavramla\u015ft\u0131r\u0131lm\u0131\u015ft\u0131r.<\/div>\n<div data-offset-key=\"81n6l-0-0\"><\/div>\n<div class=\"_1mf _1mj\" data-offset-key=\"81n6l-0-0\">G\u00fcne\u015f evreni ocak, d\u00fcnya ise kaynayan kara kazand\u0131r.Alevi-Bekta\u015fi Halk\u0131 \u0130nsanl\u0131\u011fa On iki ay boyunca r\u0131z\u0131k veren G\u00fcne\u015f Tanr\u0131lar\u0131yla D\u00fcnya Ana i\u00e7in kadimden g\u00fcn\u00fcm\u00fcze \u015f\u00fck\u00fcr ada\u011f\u0131 olarak A\u015eURE sunmu\u015flard\u0131r.<\/div>\n<div class=\"_1mf _1mj\" data-offset-key=\"81n6l-0-0\"><\/div>\n<div class=\"_1mf _1mj\" data-offset-key=\"81n6l-0-0\"><a href=\"http:\/\/www.yolunezeli.com\/wp-content\/uploads\/2017\/10\/IMG_-\u0130\u015eTAR.jpg\"><img loading=\"lazy\" decoding=\"async\" class=\"aligncenter wp-image-4834\" src=\"http:\/\/www.yolunezeli.com\/wp-content\/uploads\/2017\/10\/IMG_-\u0130\u015eTAR.jpg\" alt=\"\" width=\"591\" height=\"401\" srcset=\"https:\/\/www.yolunezeli.com\/wp-content\/uploads\/2017\/10\/IMG_-\u0130\u015eTAR.jpg 3089w, https:\/\/www.yolunezeli.com\/wp-content\/uploads\/2017\/10\/IMG_-\u0130\u015eTAR-300x204.jpg 300w, https:\/\/www.yolunezeli.com\/wp-content\/uploads\/2017\/10\/IMG_-\u0130\u015eTAR-768x521.jpg 768w, https:\/\/www.yolunezeli.com\/wp-content\/uploads\/2017\/10\/IMG_-\u0130\u015eTAR-1024x695.jpg 1024w\" sizes=\"auto, (max-width: 591px) 100vw, 591px\" \/><\/a><\/div>\n<div class=\"_1mf _1mj\" style=\"text-align: center;\" data-offset-key=\"81n6l-0-0\">HATTU\u015eA YAZILIKAYA -TANRI\u00c7A \u0130\u015eTAR VE YARDIMCILARI .<\/div>\n<div class=\"_1mf _1mj\" data-offset-key=\"81n6l-0-0\">Alevi Ayin-i Cem&#8217;i G\u00f6beklitepe&#8217;den g\u00fcn\u00fcm\u00fcze Hakk,evren,d\u00fcnya insan temelli varl\u0131\u011f\u0131n birli\u011fini kavratan\u00a0 \u00a0evreni bir \u00f6\u011fretidir. Bu Cemde er-di\u015fi ay\u0131r\u0131m\u0131 yoktur, alemi hazirunun t\u00fcm\u00fc cand\u0131r. Yaz\u0131l\u0131kaya&#8217;da Bekta\u015fi k\u00fclahl\u0131 -k\u00fcpeli Tanr\u0131\u00e7a \u0130\u015eTAR ve yard\u0131mc\u0131lar\u0131\u00a0 bu nedenle 12 tanr\u0131n\u0131n\u00a0 bulundu\u011fu erkek tanr\u0131lar aras\u0131nda g\u00f6sterilmi\u015ftir.<\/div>\n<p><a href=\"http:\/\/www.yolunezeli.com\/wp-content\/uploads\/2017\/01\/Resim9.png\"><img loading=\"lazy\" decoding=\"async\" class=\"aligncenter size-full wp-image-4247\" src=\"http:\/\/www.yolunezeli.com\/wp-content\/uploads\/2017\/01\/Resim9.png\" alt=\"\" width=\"1499\" height=\"1124\" srcset=\"https:\/\/www.yolunezeli.com\/wp-content\/uploads\/2017\/01\/Resim9.png 1499w, https:\/\/www.yolunezeli.com\/wp-content\/uploads\/2017\/01\/Resim9-300x225.png 300w, https:\/\/www.yolunezeli.com\/wp-content\/uploads\/2017\/01\/Resim9-768x576.png 768w, https:\/\/www.yolunezeli.com\/wp-content\/uploads\/2017\/01\/Resim9-1024x768.png 1024w, https:\/\/www.yolunezeli.com\/wp-content\/uploads\/2017\/01\/Resim9-82x60.png 82w, https:\/\/www.yolunezeli.com\/wp-content\/uploads\/2017\/01\/Resim9-65x50.png 65w\" sizes=\"auto, (max-width: 1499px) 100vw, 1499px\" \/><\/a><\/p>\n<div class=\"_1mf _1mj\" data-offset-key=\"81n6l-0-0\">Yaz\u0131l\u0131kaya&#8217;da G\u00fcne\u015f Tanr\u0131\u00e7as\u0131 HEPAT&#8217;\u0131n ard\u0131ndan kad\u0131n tanr\u0131lar semah d\u00f6nerek\u00a0 y\u00fcr\u00fcmektedir.Musevi ve \u0130slam dinleri i\u015fgalci do\u011falar\u0131 gere\u011fi er tanr\u0131y\u0131 \u00f6ne \u00e7\u0131kard\u0131klar\u0131ndan ikonografilerinde kad\u0131na yer vermemi\u015flerdir. Hr\u0131stiyanl\u0131k ise Anadolu&#8217;dan ald\u0131\u011f\u0131 S\u00fcmer-Hatti-Hitit ve Hurri gibi Alevi-Bekta\u015fi k\u00fclt\u00fcr\u00fcndeki Tanr\u0131-Tanr\u0131\u00e7al\u0131 dini\u00a0 k\u00fclt ile birlikte\u00a0 kozmik kent kurgusu, mimari ,heykel, r\u00f6lyef, ikona\u00a0 vb. sanatlar\u0131 da kendine uyarlam\u0131\u015ft\u0131r.<\/div>\n<div class=\"_1mf _1mj\" data-offset-key=\"81n6l-0-0\"><\/div>\n<div class=\"\" data-block=\"true\" data-editor=\"8fim9\" data-offset-key=\"cgf6n-0-0\"><\/div>\n<div class=\"_1mf _1mj\" data-offset-key=\"cgf6n-0-0\"><\/div>\n","protected":false},"excerpt":{"rendered":"<p>ON \u0130K\u0130 HAVAR\u0130-ON \u0130K\u0130 \u0130MAM MOT\u0130FLER\u0130N\u0130N K\u00d6KEN\u0130 Kemal SOYER-Y. M\u0130MAR 03.10.2017 Not:Telif haklar\u0131 kapsam\u0131ndad\u0131r,kaynak g\u00f6sterilmeden al\u0131nt\u0131 yap\u0131lamaz,izinsiz olarak kopyalanamaz,\u00e7o\u011falt\u0131lamaz, her t\u00fcrl\u00fc g\u00f6rsel, i\u015fitsel, yaz\u0131l\u0131 \u00e7izili, maddi de\u011fer ta\u015f\u0131yan ticari \u00fcr\u00fcn [&hellip;]<\/p>\n","protected":false},"author":1,"featured_media":4845,"comment_status":"open","ping_status":"open","sticky":false,"template":"","format":"standard","meta":{"_kadence_starter_templates_imported_post":false,"footnotes":""},"categories":[1],"tags":[203,386,387,388],"class_list":["post-4824","post","type-post","status-publish","format-standard","has-post-thumbnail","hentry","category-genel","tag-12-havari","tag-12-imam","tag-12-tanri","tag-ekinoks"],"_links":{"self":[{"href":"https:\/\/www.yolunezeli.com\/index.php?rest_route=\/wp\/v2\/posts\/4824","targetHints":{"allow":["GET"]}}],"collection":[{"href":"https:\/\/www.yolunezeli.com\/index.php?rest_route=\/wp\/v2\/posts"}],"about":[{"href":"https:\/\/www.yolunezeli.com\/index.php?rest_route=\/wp\/v2\/types\/post"}],"author":[{"embeddable":true,"href":"https:\/\/www.yolunezeli.com\/index.php?rest_route=\/wp\/v2\/users\/1"}],"replies":[{"embeddable":true,"href":"https:\/\/www.yolunezeli.com\/index.php?rest_route=%2Fwp%2Fv2%2Fcomments&post=4824"}],"version-history":[{"count":47,"href":"https:\/\/www.yolunezeli.com\/index.php?rest_route=\/wp\/v2\/posts\/4824\/revisions"}],"predecessor-version":[{"id":9352,"href":"https:\/\/www.yolunezeli.com\/index.php?rest_route=\/wp\/v2\/posts\/4824\/revisions\/9352"}],"wp:featuredmedia":[{"embeddable":true,"href":"https:\/\/www.yolunezeli.com\/index.php?rest_route=\/wp\/v2\/media\/4845"}],"wp:attachment":[{"href":"https:\/\/www.yolunezeli.com\/index.php?rest_route=%2Fwp%2Fv2%2Fmedia&parent=4824"}],"wp:term":[{"taxonomy":"category","embeddable":true,"href":"https:\/\/www.yolunezeli.com\/index.php?rest_route=%2Fwp%2Fv2%2Fcategories&post=4824"},{"taxonomy":"post_tag","embeddable":true,"href":"https:\/\/www.yolunezeli.com\/index.php?rest_route=%2Fwp%2Fv2%2Ftags&post=4824"}],"curies":[{"name":"wp","href":"https:\/\/api.w.org\/{rel}","templated":true}]}}