{"id":49,"date":"2011-06-19T22:39:45","date_gmt":"2011-06-19T22:39:45","guid":{"rendered":"http:\/\/www.yolunezeli.com\/?p=49"},"modified":"2019-10-17T21:36:57","modified_gmt":"2019-10-17T21:36:57","slug":"devletin-semahin-kokeniyle-ilgili-itirafi","status":"publish","type":"post","link":"https:\/\/www.yolunezeli.com\/?p=49","title":{"rendered":"Devletin Alevi Kimli\u011fi ve Semah\u0131n K\u00f6keniyle \u0130lgili \u0130tiraf\u0131:"},"content":{"rendered":"<h5 style=\"text-align: left;\">Alevilik ve Semah<\/h5>\n<p style=\"text-align: left;\">Baz\u0131 Alevi dedeleri, seyyit veya seydalar ilk semah\u0131 kendi aileleri i\u00e7in \u00f6zelle\u015ftirip dedeleri olarak ilan ettikleri Hz.Muhammet ve Hz.Ali\u2019nin kat\u0131ld\u0131\u011f\u0131 K\u0131rklar Meclisi\u2019nde \u201ccetlerimiz d\u00f6nm\u00fc\u015fler\u201d deyip bu eylemi Arap-\u0130slama oturtmaya \u00e7al\u0131\u015fsalar da,Alevi ozanlar\u0131n\u0131n <strong>&#8220;K\u0131rklar g\u00f6k y\u00fcz\u00fcnde tuttular Cemi &#8220;<\/strong>deyi\u015fleriyle evrenin varolu\u015fuyla ba\u015flayan semah\u0131n binlerce y\u0131l \u00f6ncesinden g\u00fcn\u00fcm\u00fcze Anadolu Alevilerince d\u00f6n\u00fcld\u00fc\u011f\u00fcne dair somut belgeleri Anadolu\u2019dad\u0131r. Bu konu yirmi y\u0131l\u0131 a\u015fk\u0131n s\u00fcreyle taraf\u0131m\u0131zdan Yolun Ezeli ad\u0131 alt\u0131nda yap\u0131lan sinevizyon g\u00f6sterileri ve konferanslarla g\u00fcndeme getirilerek geni\u015f kitlelere sunulmu\u015f ve nihayet bakanl\u0131\u011f\u0131 \u00f6ncesinde taraf\u0131m\u0131zca bilgilendirilen K\u00fclt\u00fcr ve Turizm Bakan\u0131 Ertu\u011frul G\u00dcNAY 2011 y\u0131l\u0131nda devletin bu konudaki suskunlu\u011funu bozarak ger\u00e7e\u011fi ifade etmi\u015ftir. Alevi Semah\u0131n\u0131n Anadolu&#8217;daki kadim belgeleri, Hititlerin Hattu\u015fa Yaz\u0131l\u0131kaya, Alacah\u00f6y\u00fck, Zincirli ve Kargam\u0131\u015f Kent\u00a0 kabartmalar\u0131ndaki \u00a0tasvirleriyle g\u00fcn\u00fcm\u00fcze ula\u015fm\u0131\u015ft\u0131r.<\/p>\n<p align=\"JUSTIFY\"><span style=\"font-family: Cambria, serif;\">\u00a0<\/span>\u00a0<span style=\"font-family: 'Arial Narrow', sans-serif;\"><strong>Ba\u011flama \u00e7alan Hititli -Suriye Ebla<\/strong><\/span><\/p>\n<p style=\"text-align: justify;\"><em><a href=\"http:\/\/www.yolunezeli.com\/wp-content\/uploads\/2011\/06\/luvi_baglama.jpg\"><img loading=\"lazy\" decoding=\"async\" class=\"alignnone wp-image-126\" title=\"luvi_baglama\" src=\"http:\/\/www.yolunezeli.com\/wp-content\/uploads\/2011\/06\/luvi_baglama-144x300.jpg\" alt=\"\" width=\"72\" height=\"151\" \/><\/a><a href=\"http:\/\/www.yolunezeli.com\/wp-content\/uploads\/2011\/06\/hattusa_semah.jpg\"><img loading=\"lazy\" decoding=\"async\" class=\"wp-image-127 alignnone\" title=\"hattusa_semah\" src=\"http:\/\/www.yolunezeli.com\/wp-content\/uploads\/2011\/06\/hattusa_semah.jpg\" alt=\"\" width=\"337\" height=\"150\" \/><\/a><\/em><\/p>\n<h4 style=\"text-align: justify;\"><span style=\"font-family: 'Arial Narrow', sans-serif;\"><strong>H\u0130T\u0130T -LUV\u0130-A(Alevi) D\u00f6nemi- \u00c7orum -Hattu\u015fa Yaz\u0131l\u0131kaya\u2019da Ayin-i Cem ve Semah<\/strong><\/span><\/h4>\n<h5><\/h5>\n<h5 style=\"text-align: justify;\"><a href=\"http:\/\/www.yolunezeli.com\/wp-content\/uploads\/2011\/06\/ertugrul.jpg\"><br \/>\n<img loading=\"lazy\" decoding=\"async\" class=\"aligncenter wp-image-561\" src=\"http:\/\/www.yolunezeli.com\/wp-content\/uploads\/2011\/06\/ertugrul.jpg\" alt=\"ertugrul\" width=\"499\" height=\"369\" srcset=\"https:\/\/www.yolunezeli.com\/wp-content\/uploads\/2011\/06\/ertugrul.jpg 1593w, https:\/\/www.yolunezeli.com\/wp-content\/uploads\/2011\/06\/ertugrul-300x222.jpg 300w, https:\/\/www.yolunezeli.com\/wp-content\/uploads\/2011\/06\/ertugrul-1024x757.jpg 1024w, https:\/\/www.yolunezeli.com\/wp-content\/uploads\/2011\/06\/ertugrul-82x60.jpg 82w\" sizes=\"auto, (max-width: 499px) 100vw, 499px\" \/><\/a><\/h5>\n<h5 style=\"text-align: justify;\">\u00a0 \u00a0 \u00a0 \u00a0 \u00a0 \u00a0 \u00a0 \u00a0 \u00a0 \u00a0 \u00a0 \u00a0 \u00a0 \u00a0 \u00a0 \u00a0 \u00a0 \u00a0 \u00a0 \u00a0 \u00a0 \u00a0 \u00a0 \u00a0 \u00a0 \u00a0 \u00a0 \u00a0 \u00a0 \u00a0 \u00a0 \u00a0\u00a0K\u00fclt\u00fcr Bakan\u0131 Ertu\u011frul G\u00dcNAY<\/h5>\n<p style=\"text-align: left;\"><em>Bakan\u0131n oturdu\u011fu yer,Hititlere ait bir \u00a0tap\u0131na\u011f\u0131n\u00a0kap\u0131s\u0131d\u0131r. Mira\u00e7 hikayesinde\u00a0 tanr\u0131 kap\u0131s\u0131na gelen\u00a0 Muhammedi &#8220;Ali&#8217;nin hatemini\u00a0 ta\u015f\u0131mad\u0131\u011f\u0131 i\u00e7in &#8220;huzura almad\u0131klar\u0131 belirtilen aslanlar bunlard\u0131r.Bu aslanl\u0131 kap\u0131 tanr\u0131 heykelinin bulundu\u011fu odaya ait.<\/em><\/p>\n<h4 style=\"text-align: left;\">Devletin semah\u0131n k\u00f6keniyle ilgili itiraf\u0131.A\u015fa\u011f\u0131daki itiraf Anadolu Alevili\u011finin Hattiler D\u00f6nemi varl\u0131\u011f\u0131na \u00a0da a\u00e7\u0131kl\u0131k getiriyor.\u0130.\u00d6.2000 de Anadolu&#8217;da Hatti Devleti vard\u0131.<\/h4>\n<h5 style=\"text-align: left;\">AKP\u2019li Bakan Ertu\u011frul G\u00fcnay \u201csema\u201dn\u0131n binlerce y\u0131ll\u0131k Anadolu gelene\u011fi oldu\u011funu a\u00e7\u0131klad\u0131.<\/h5>\n<p style=\"text-align: left;\">(Nil\u00fcfer KANDIRMI\u015e- DHA)<\/p>\n<p style=\"text-align: left;\">K\u00fclt\u00fcr ve Turizm Bakan Bakan\u0131 Ertu\u011frul G\u00fcnay 16.Ocak 2011 tarihli \u00a0gazetelere ge\u00e7en haberde Mu\u011fla Milas\u2019taki bir an\u0131t mezarda g\u00f6rd\u00fc\u011f\u00fc semazen fig\u00fcr\u00fcn\u00fc de\u011ferlendirmesi s\u0131ras\u0131nda\u00a0<strong>\u201csema\u2019n\u0131n Arabistan\u2019dan gelen 600 y\u0131ll\u0131k bir gelenek oldu\u011funun bilindi\u011fini , ancak, bunun do\u011fru olmad\u0131\u011f\u0131n\u0131 ve Anadolu\u2019daki izlere bak\u0131ld\u0131\u011f\u0131nda seman\u0131n milattan \u00f6nce 2000 y\u0131llar\u0131nda bu topraklarda var oldu\u011funun g\u00f6r\u00fcld\u00fc\u011f\u00fcn\u00fc&#8221;<\/strong> dile getirdi.Bey\u015fehir Eflatunp\u0131nar an\u0131t\u0131 foto\u011fraflar\u0131nda k\u00f6\u015felerde ellerini havaya kald\u0131rm\u0131\u015f i\u015flemeleri g\u00f6rd\u00fc\u011f\u00fcn\u00fc belirttikten sonra ayakta ellerini havaya kald\u0131ran ve tennure giyen iki ki\u015fi var diyen Bakan\u00a0\u201c<em>Hazreti Muhammet\u2019e dedim ki<\/em> \u201c diye s\u00f6ze ba\u015flay\u0131p &#8220;<em>t\u00f6vbe esta\u011ffurullah, \u00f6z\u00fcr dilerim ,\u00f6z\u00fcr dilerim,\u00f6z\u00fcr dilerim<\/em>&#8221; dedikten sonra ,yetkililere dedim ki diye d\u00fczelterek bu an\u0131t milattan \u00f6nce 2.ci bini i\u015faret ediyor.Mevlana ne zaman millattan sonra 1200. Seman\u0131n k\u00f6k\u00fc \u00e7ok \u00f6nceye gidiyor.Bu semazen fig\u00fcr\u00fcn\u00fcn k\u00f6k\u00fc bu topraklarda binlerce y\u0131l \u00f6nceye gidiyor.Yani Arabistan Yar\u0131madas\u0131ndan de\u011fil, kendi k\u00f6k\u00fcm\u00fczden ve kendi gelene\u011fimizden kendi topra\u011f\u0131m\u0131zdan geliyor \u201c\u00a0diyerek devletin k\u00fclt\u00fcr politikalar\u0131yla \u00f6rtt\u00fc\u011f\u00fc,benim y\u0131llard\u0131r savundu\u011fum \u00e7ok \u00f6nemli bir ger\u00e7e\u011fi a\u00e7\u0131kl\u0131kla ifade etmi\u015ftir.Bu nedenle bakana te\u015fekk\u00fcr ediyorum.<\/p>\n<p style=\"text-align: left;\">Taraf\u0131mdan y\u00fczlerine yap\u0131lan belgeli a\u00e7\u0131klamalarla Alevilerin S\u00fcmer, Hatti,Hitit ve Hurri halklar\u0131n\u0131n devam\u0131 olduklar\u0131\u00a0 ger\u00e7e\u011fini bildikleri halde Fikri Sa\u011flar,\u0130stemihan Talay, Kemal K\u0131l\u0131\u00e7taro\u011flu, Deniz Baykal ve daha niceleri hala suskun.\u00dcstelik Anadolu&#8217;nun binlerce y\u0131ll\u0131k uygarl\u0131klar\u0131na dayanan Alevi-Bekta\u015fi \u00a0ger\u00e7e\u011fini a\u00e7\u0131\u011fa \u00e7\u0131kartt\u0131\u011f\u0131m i\u00e7in Fikri Sa\u011flar beni pasif g\u00f6reve atam\u0131\u015f, kendi onay\u0131yla yay\u0131mland\u0131\u011f\u0131 halde \u0130stemihan Talay\u00a0 Hititler D\u00f6nemi Alevi Kimli\u011fini ortaya koyan K\u00fclt\u00fcrlerin Belle\u011fi Anadolu Afi\u015fi \u00fczerinden konuyu yarg\u0131ya ta\u015f\u0131m\u0131\u015ft\u0131.<\/p>\n","protected":false},"excerpt":{"rendered":"<p>Alevilik ve Semah Baz\u0131 Alevi dedeleri, seyyit veya seydalar ilk semah\u0131 kendi aileleri i\u00e7in \u00f6zelle\u015ftirip dedeleri olarak ilan ettikleri Hz.Muhammet ve Hz.Ali\u2019nin kat\u0131ld\u0131\u011f\u0131 K\u0131rklar Meclisi\u2019nde \u201ccetlerimiz d\u00f6nm\u00fc\u015fler\u201d deyip bu eylemi [&hellip;]<\/p>\n","protected":false},"author":1,"featured_media":561,"comment_status":"open","ping_status":"open","sticky":false,"template":"","format":"standard","meta":{"_kadence_starter_templates_imported_post":false,"footnotes":""},"categories":[1],"tags":[11,3,4,7,9,5,6,8,10,12],"class_list":["post-49","post","type-post","status-publish","format-standard","has-post-thumbnail","hentry","category-genel","tag-alevi-devletleri","tag-anadolu-aleviligi","tag-bektasilik","tag-haci-bektasi-veli","tag-hatti-gunesi","tag-hititler-ve-alevilik","tag-hititli-aleviler","tag-mum-sondu","tag-on-iki-imam","tag-zerdust"],"_links":{"self":[{"href":"https:\/\/www.yolunezeli.com\/index.php?rest_route=\/wp\/v2\/posts\/49","targetHints":{"allow":["GET"]}}],"collection":[{"href":"https:\/\/www.yolunezeli.com\/index.php?rest_route=\/wp\/v2\/posts"}],"about":[{"href":"https:\/\/www.yolunezeli.com\/index.php?rest_route=\/wp\/v2\/types\/post"}],"author":[{"embeddable":true,"href":"https:\/\/www.yolunezeli.com\/index.php?rest_route=\/wp\/v2\/users\/1"}],"replies":[{"embeddable":true,"href":"https:\/\/www.yolunezeli.com\/index.php?rest_route=%2Fwp%2Fv2%2Fcomments&post=49"}],"version-history":[{"count":25,"href":"https:\/\/www.yolunezeli.com\/index.php?rest_route=\/wp\/v2\/posts\/49\/revisions"}],"predecessor-version":[{"id":6628,"href":"https:\/\/www.yolunezeli.com\/index.php?rest_route=\/wp\/v2\/posts\/49\/revisions\/6628"}],"wp:featuredmedia":[{"embeddable":true,"href":"https:\/\/www.yolunezeli.com\/index.php?rest_route=\/wp\/v2\/media\/561"}],"wp:attachment":[{"href":"https:\/\/www.yolunezeli.com\/index.php?rest_route=%2Fwp%2Fv2%2Fmedia&parent=49"}],"wp:term":[{"taxonomy":"category","embeddable":true,"href":"https:\/\/www.yolunezeli.com\/index.php?rest_route=%2Fwp%2Fv2%2Fcategories&post=49"},{"taxonomy":"post_tag","embeddable":true,"href":"https:\/\/www.yolunezeli.com\/index.php?rest_route=%2Fwp%2Fv2%2Ftags&post=49"}],"curies":[{"name":"wp","href":"https:\/\/api.w.org\/{rel}","templated":true}]}}