{"id":4960,"date":"2017-12-13T21:42:41","date_gmt":"2017-12-13T21:42:41","guid":{"rendered":"http:\/\/www.yolunezeli.com\/?p=4960"},"modified":"2023-10-16T10:52:16","modified_gmt":"2023-10-16T10:52:16","slug":"yahudilerin-2500-yillik-dusu-nilden-firata-cennetin-zapti","status":"publish","type":"post","link":"https:\/\/www.yolunezeli.com\/?p=4960","title":{"rendered":"YAHUD\u0130LER\u0130N  2500 YILLIK D\u00dc\u015e\u00dc, N\u0130L\u2019DEN FIRAT\u2019A CENNET\u0130N ZAPTI"},"content":{"rendered":"<p><strong>YAHUD\u0130LER\u0130N\u00a0 2500 YILLIK D\u00dc\u015e\u00dc<\/strong><\/p>\n<p><strong>N\u0130L\u2019DEN FIRAT\u2019A CENNET\u0130N ZAPTI<\/strong><\/p>\n<p><strong>Kemal SOYER.Y.Mimar<\/strong><\/p>\n<p>(Telif hakk\u0131 Kemal Soyer&#8217;e aittir.Kitap olarak yay\u0131nlanaca\u011f\u0131ndan\u00a0 \u0130zinsiz al\u0131nt\u0131 yap\u0131lamaz,kopyalan\u0131p \u00e7o\u011falt\u0131lamaz. )<\/p>\n<p>\u00c7ivi yaz\u0131l\u0131 kay\u0131tlara g\u00f6re K\u0130.ENGUR\u00a0 ad\u0131 verilen F\u0131rat -Dicle aras\u0131 topraklarda d\u00fcnyan\u0131n en b\u00fcy\u00fck uygarl\u0131klar\u0131n\u0131\u00a0 kuran S\u00fcmerler, halk adlar\u0131 bilindi\u011fi halde bat\u0131l\u0131 literat\u00fcrde \u201cProto F\u0131ratl\u0131lar\u201d olarak kamufle\u00a0 edildiler. S\u00fcmer kay\u0131tlar\u0131na g\u00f6re bu halk;<\/p>\n<p>\u0130lk \u0130nsan Lulu ile F\u0131rat\u0131n Tanr\u0131s\u0131 Enbilulu\u00a0\u00a0 ad\u0131yla LULU veya LULUB\u0130,<\/p>\n<p>F\u0131rat\u2019\u0131n Hitit\u00e7e \u0130D MALA ad\u0131yla MIL\u0130,DIMIL\u0130 veya ATMALI,<\/p>\n<p>Tanr\u0131 Irma\u011f\u0131\u00a0 d.ENG\u00dcR\u00a0 K\u0130.ENG\u00dcR ad\u0131yla H\u00fcnkari,Kengerl\u00fc,<\/p>\n<p>Anadolu tanr\u0131s\u0131 Hadat , F\u0131rat\u0131n Ab-\u0131 Hayat (Hatti) ad\u0131yla Hatti-Hitit,<\/p>\n<p>S\u00fcmer Tanr\u0131s\u0131 Enlil (EL)veya Ali ad\u0131yla Alevi,<\/p>\n<p>F\u0131rat\u2019\u0131n S\u00fcmerce Cennet Irma\u011f\u0131 anlam\u0131na gelen Buranun ad\u0131yla Subaru,<\/p>\n<p>Subartu\u2019nun g\u00fcncel kal\u0131t\u0131 olarak Beri ve Beritanl\u0131,<\/p>\n<p>Akadca Purattu\u2019nun \u00a0g\u00fcncel kal\u0131t\u0131 olarak Kal Ferat,<\/p>\n<p>G\u00fcne\u015f ve Gezegenleriyle Hurri -Hurikki adlar\u0131n\u0131\u00a0 ta\u015f\u0131yordu.<\/p>\n<p>S\u00fcmer Lulubi(Lolan), Guti (Gutan), Elam(Hatamti-Hatti),Subaru(Beritan) ,Hatti (X\u0131d\u0131j), Hitit (X\u0131da) ,Hurri(Hormek) ve Urartu (Binali)\u00a0 adlar\u0131yla uygarl\u0131klar kuran\u00a0 F\u0131rat Halklar\u0131 g\u00fcn\u00fcm\u00fczde ya\u015famaya devam eden Anadolu Alevileriyle , Ezidi ve Zazalar\u0131n asli atalar\u0131 ve b\u00f6lgeye sonradan\u00a0gelip\u00a0 kimi yerel halklara kar\u0131\u015fan halklar\u0131n da uzak atalar\u0131d\u0131r.<\/p>\n<p>\u00c7ivi yaz\u0131l\u0131 \u00a0kay\u0131tlar ve arkeolojik kaz\u0131 sonu\u00e7lar\u0131na g\u00f6re S\u00fcmerlerin Ki\u015f, Ur, Uruk, Nippur, Eridu, Sippar, Laga\u015f\u00a0 gibi \u015eehir Devletlerinin her biri,\u00a0 Kentin ithaf edildi\u011fi g\u00fcne\u015f, ay, ate\u015f, hava su ve toprak gibi tanr\u0131lar\u0131na adanan birer tap\u0131nak etraf\u0131nda kurulmu\u015ftu.Birer surla \u00e7evrili bu \u201cTap\u0131nak Kentler\u201d g\u00fcn\u00fcm\u00fcz\u00a0 Alevili\u011finde R\u0131za \u015eehirleri olarak an\u0131lmaktad\u0131rlar.<\/p>\n<p><em>E\u2019.KUR<\/em>\u00a0adl\u0131 tap\u0131na\u011f\u0131yla Nippur \u015eehri S\u00fcmerlerin ba\u015f tanr\u0131lar\u0131 olan Hava-F\u0131rt\u0131na Tanr\u0131s\u0131\u00a0 Enlil (EL-\u0130LU,EL\u0130-AL\u0130) ve e\u015fi Ninlil\u2019e,<\/p>\n<p><em>E\u2019.ANNA<\/em> adl\u0131 tap\u0131na\u011f\u0131yla\u00a0 Uruk \u015fehri Cennetin Tanr\u0131s\u0131 \u00a0An ile e\u015fi Antu\u2019ya ,<\/p>\n<p><em>E\u2019.ENGURRA<\/em> adl\u0131 tap\u0131na\u011f\u0131yla\u00a0 Eridu \u015eehri\u00a0 Su Toprak ve Bilgeli\u011fin Tanr\u0131s\u0131 Enki\u2019nin yan\u0131s\u0131ra <em>E\u2019.SAG\u0130LA<\/em>\u00a0 adl\u0131 tap\u0131na\u011f\u0131yla da\u00a0 K\u0130 veya N\u0130NHURSAG denilen Toprak Ana\u2019ya,<\/p>\n<p><em>E\u2019.BABBAR<\/em> adl\u0131 tap\u0131na\u011f\u0131yla Sippar \u015eehri G\u00fcne\u015f Tanr\u0131s\u0131 UTU\u2019ya ,<\/p>\n<p><em>E\u2019.HURSAG<\/em>\u00a0 adl\u0131 tap\u0131na\u011f\u0131yla UR \u015eehri Ay Tanr\u0131s\u0131 NANA veya S\u0130N\u2019e adanm\u0131\u015ft\u0131.<\/p>\n<p>B\u00f6ylece ortak m\u00fclkiyete konu S\u00fcmer Kentleri Kom\u00fcnal Nitelikli birer Tanr\u0131 Devleti idi.S\u00fcmerlerin y\u0131k\u0131l\u0131\u015flar\u0131n\u0131n ard\u0131ndan Anadolu ve Zagroslara \u00e7ekilen S\u00fcmerli yerli halklar Hatti-Hitit-Luvi, Hurri, Lulubi, Guti, Turukku\u00a0 Kasit ve Urartu (Binali) gibi uygarl\u0131klar\u0131 geli\u015ftirip, Anadolu merkezli vatanlar\u0131na Tanr\u0131 HADAD ad\u0131yla \u201cHatti \u00dclkesi\u201d ad\u0131n\u0131 verdiler.<\/p>\n<p>S\u00fcmerce <em>AN<\/em> =G\u00f6k, <em>K\u0130<\/em> =Yer, <em>ANK\u0130<\/em> \u00a0kavram\u0131 ise Evren anlam\u0131na geliyordu.<\/p>\n<p>S\u00fcmerce Tanr\u0131 Evine; <em>E\u2019.DING\u0130R LIM <\/em>(Bin Tanr\u0131n\u0131n Evi) Hitit\u00e7e; <em>Siuni Pir<\/em>\u00a0 ,\u00e7o\u011ful olarak <em>Siunas Parna <\/em>ve <em>E\u2019.KAR\u0130MN\u0130<\/em> deniliyordu.Bin Tanr\u0131 kavram\u0131 bin adet tanr\u0131y\u0131 de\u011fil, Alevilikte Binbir s\u0131fatl\u0131 H\u0131z\u0131r veya Ali El M\u00fcrteza ad\u0131yla binbir varl\u0131k donuna evrildi\u011fi bilinen evren -do\u011fa tanr\u0131y\u0131 ifade etmektedir.<\/p>\n<p>S\u00fcmerlerin ba\u015f tanr\u0131lar\u0131 olan ENL\u0130L ile g\u00f6k babas\u0131 AN \u2018\u0131n\u00a0 E\u2019.KUR-E\u2019.ANNA\u00a0 adl\u0131 yer ve g\u00f6k tap\u0131naklar\u0131 ile tap\u0131nak E\u2019.KAR\u0130MN\u0130\u00a0 kavram\u0131 Anadolu Alevili\u011finde \u00a0E\u2019.KUR-ANNA E.KAR\u0130MN\u0130 \u2018 den Levh-i Mahfuz Hakk Kitab\u0131 olan evren\u00a0-do\u011fa temelli\u00a0\u00a0KUR\u2019AN-I KER\u0130M \u2018e ,Hitit\u00e7e \u201cSiuni Pir \u201ckavram\u0131 \u201cPir-i Sani\u201d \u015fekline,girmi\u015f,Tanr\u0131 ENK\u0130\u2019n\u0131n 40 r\u00fctbeli E\u2019.Engurra Makam\u0131 ise Alevilikte Eng\u00fcr\u00a0 Evi, Dem-i Ali, Demi Hengur ,Ser\u00e7e\u015fme H\u00fcnkar Evi \u00a0ve K\u0131rklar\u0131n \u00fcz\u00fcm\u00fcyle simgeli K\u0131rklar Makam\u0131 olarak an\u0131lm\u0131\u015ft\u0131r.Bu ger\u00e7eklerle evren ve do\u011fay\u0131 okunmas\u0131 gereken Hakk Kitap olarak kavratan KUR\u2019AN\u00a0 ad\u0131 Arap\u00e7a de\u011fil,S\u00fcmercedir. Araplar\u0131n din kitab\u0131n\u0131n ad\u0131 ise Mushaf veya par\u00e7alar halinde toplanan kitap manas\u0131na gelen Furkan\u2019d\u0131r.<\/p>\n<p>S\u00fcmerlerin k\u00f6kleri Anadolu Neoliti\u011finin \u00c7atalh\u00f6y\u00fck,G\u00f6beklitepe ve Nevali \u00c7ori gibi tap\u0131nakl\u0131 yerle\u015fmelerine uzanan Tanr\u0131sal Kent modeli, kent topraklar\u0131n\u0131n- \u00fclke ve do\u011fan\u0131n Tanr\u0131 m\u00fclk\u00fc olmas\u0131 nedeniyle \u201cVarl\u0131\u011f\u0131n Birli\u011fi\u201d\u00a0 ilkesine ba\u011fl\u0131 birlikte \u00fcretim, hak\u00e7a payla\u015f\u0131m temelinde elinde kadeh-dem \u00a0ta\u015f\u0131yan Ser\u00e7e\u015fme tanr\u0131 ve krallarla \u00a0ifade edilen insan ve do\u011fayla bar\u0131\u015f\u0131k\u00a0 \u201c Kadeh Toplumu\u201d, di\u011fer bir ad\u0131yla \u201cKom\u00fcn-\u00fc Ali\u201d denilen toplum modelini yaratm\u0131\u015ft\u0131.S\u00fcmerler evreni ve d\u00fcnyevi\u00a0 varl\u0131k aleminin ayn\u0131 as\u0131ldan var oldu\u011funu bildiklerinden \u00a0insan\u0131 Dumu LU-LU, insanl\u0131\u011f\u0131\u00a0 DUMU.LU.ULU.<sup>LU<\/sup>, Ab-\u0131 Hatti de denilen Tanr\u0131sal F\u0131rat Suyunu Ab-\u0131 Hayat ,Dem-i Ali ,Dem-i Lulu ,\u0130D.Mala, F\u0131rat\u2019\u0131n do\u011fdu\u011fu da\u011flar\u0131 da Dumlu Baba ve Ali Baba adlar\u0131yla tan\u0131mlam\u0131\u015flard\u0131. S\u00fcmer&#8217;in\u00a0 toplum \u00a0modelinde \u00fclke topraklar\u0131, kurumlar, \u00fcretim-t\u00fcketim i\u015flevlerinin t\u00fcm\u00fc kamusal kom\u00fcn niteli\u011finde olan devletin elinde idi,dolay\u0131s\u0131yla \u00fclke ve devlet halk\u0131n ortak m\u00fclk\u00fc olarak \u00a0toplumsal ya\u015fam\u0131n varl\u0131k,birlik ve dirlik kayna\u011f\u0131 idi.Ya\u015fam\u0131 var eden birer tanr\u0131sal varl\u0131k i\u015flevindeki g\u00fcne\u015fe-ate\u015fe,havaya,su ve topra\u011fa adanm\u0131\u015f kent ve \u00fclke topraklar\u0131 bir b\u00fct\u00fcn olarak tanr\u0131n\u0131n bedeni olarak kutsan\u0131yordu. Bu ilkelere ba\u011fl\u0131 Alevi-Bekta\u015fili\u011fin \u201cB\u0130R,\u0130R\u0130 VE D\u0130R\u0130 OL\u201d s\u00f6z\u00fc S\u00fcmerli kom\u00fcnal toplumun ya\u015fam pratiklerinden do\u011fmu\u015ftu B\u00f6ylece ate\u015f, hava, su ve toprakla varl\u0131\u011fa d\u00f6n\u00fc\u015fen alemler ,vatan topraklar\u0131,\u00fczerinde kurulu \u0130L ve EL\u2019ler bir b\u00fct\u00fcn olarak\u00a0 tanr\u0131sal idi.\u00dclke, Hitit\u00e7e Helippi denilen Tanr\u0131 Halifesi\u00a0 krallar taraf\u0131ndan y\u00f6netiliyordu ve\u00a0 d\u00fcnyevi\u00a0 krall\u0131\u011f\u0131n nitelik ve i\u015flevleri Tanr\u0131lar\u0131n Kral\u0131 olan Enlil\u2019in\u201cg\u00f6ksel\u00a0 krall\u0131k \u00a0kurumu\u201dna ba\u011fl\u0131 idi.\u00a0Krallar k\u0131saca\u201d EL\u201d denilen Enlil\u2019in Nippur\u2019daki E\u2019.KUR.RA Tap\u0131na\u011f\u0131n\u0131n Babas\u0131\u00a0 taraf\u0131ndan se\u00e7iliyor, burada yap\u0131lan h\u0131rka,ta\u00e7 ve asa t\u00f6renleriyle tahta \u00e7\u0131kar\u0131l\u0131yorlard\u0131. Ellerinde F\u0131rat-Dicle\u2019nin Eng\u00fcr sular\u0131n\u0131n kaynad\u0131\u011f\u0131 badeler tutan tanr\u0131 halifesi krallar \u00fclke halk\u0131na e\u015fit ve adil ya\u015fam hakk\u0131 sunan birer Ser\u00e7e\u015fme Tanr\u0131 i\u015fleviyle hizmet\u00a0 ediyorlard\u0131.<\/p>\n<p>Ki\u015f Kral\u0131 Ur Zababa\u2019n\u0131n saray\u0131nda katip olup, sava\u015ftaki krala arkas\u0131ndan darbe yaparak saray\u0131 ele ge\u00e7iren SARGON\u2019un S\u00fcmer Devletini y\u0131kmas\u0131yla(\u0130.\u00d6 2400) \u00a0birlikte Arap \u00c7\u00f6llerinden gelen Akadlar b\u00f6lgeye hakim oldular. Akadlar S\u00fcmerlerin Halife K\u0131ral\u00a0 stat\u00fcs\u00fcyle \u201cKadeh Toplumu\u201d modeline son verip yerine; katliam, gasp, talan ve y\u0131k\u0131m\u0131 esas alan D\u00fcnyevi Tanr\u0131 Kral ile \u201cK\u0131l\u0131\u00e7 Toplumu\u201d modelini dayam\u0131\u015flard\u0131r.\u00c7\u00f6l kavimlerinin Akadlarla ba\u015flayan\u00a0 Anadoluyu i\u015fgal maceras\u0131 yerel halklar\u0131n\u00a0 birle\u015fmesi sonucu zamanla Tanr\u0131 Devleti stat\u00fcs\u00fc ta\u015f\u0131yan Hitit \u0130mparatorlu\u011funu yaratarak K\u00f6leci Tanr\u0131 Krall\u0131\u011f\u0131n merkezi olan M\u0131s\u0131r ve Babil&#8217;in\u00a0 kar\u015f\u0131s\u0131na dikmi\u015f, \u0130.\u00d6 1594 de Mur\u015fil\u2019in y\u0131kt\u0131\u011f\u0131 Babil\u2019in taht\u0131na Kasitler yerle\u015fmi\u015f, b\u00f6ylece eski d\u00fcnyada F\u0131rat ve Nil Uygarl\u0131klar\u0131 \u00e7at\u0131\u015fma s\u00fcrecine girilmi\u015ftir.<\/p>\n<p>Krall\u0131k anlay\u0131\u015f\u0131nda Akadl\u0131 Sargon\u2019u \u00f6rnek alan Babil&#8217;li Hammurabi \u00a0S\u00fcmer Tanr\u0131s\u0131 ENL\u0130L\u2019in Ba\u015f Tanr\u0131 stat\u00fcs\u00fcne son verip, yerine kendi \u015fahsi tanr\u0131s\u0131 olan MARDUK\u2019u atayarak tanr\u0131 vekili olmu\u015f, Hammurabi Kanunlar\u0131n\u0131n ba\u015f\u0131na \u00a0\u201c<em>Bana bu kanunlar\u0131 G\u00fcne\u015f Tanr\u0131s\u0131 \u015eama\u015f yazd\u0131rd\u0131\u201d<\/em> diyerek krali emirlerini \u201cTanr\u0131 vahyi\u201d haline getiren davran\u0131\u015f\u0131yla da sonradan do\u011fma Semavi ad edinen dinlere referans olu\u015fturmu\u015ftur. Hammurabi\u2019nin\u00a0 Hititlerin \u201cben g\u00fcne\u015f\u201d anlam\u0131na gelen \u201cD.UTUS\u0130-m\u0131\u201d lakapl\u0131 krallar\u0131 gibi kendisini G\u00fcne\u015f Kral \u0130lan etmesi daha sonralar\u0131\u00a0 baz\u0131 el\u00e7ilerin de \u201ciki cihan g\u00fcne\u015fi\u201d san\u0131yla\u00a0 an\u0131lmalar\u0131na kaynakl\u0131k etti.\u00a0 Oysa ki G\u00fcne\u015f ezelden beri Kanatl\u0131 Cebrail donunda\u00a0 tanr\u0131sal\u00a0 vahyin ta\u015f\u0131y\u0131c\u0131s\u0131 ve d\u00fcnyevi varl\u0131k ve ya\u015fam olgular\u0131yla Levhi Mahfuzu yazan \u201cdivit kalem\u201d i\u015flevinde idi.D\u00fcnya halk\u0131 varl\u0131\u011f\u0131n birli\u011fi gere\u011fi\u00a0 g\u00fcne\u015f ve \u201cmul-lu\u201d denilen y\u0131ld\u0131zlar indinde zaten \u0131\u015f\u0131k halk\u0131 olarak an\u0131l\u0131yordu. S\u00fcmerce \u00a0evren ile do\u011fan\u0131n \u00a0i\u015fleyi\u015f kanunlar\u0131 olan \u201cme\u201dler ile G\u00fcne\u015fin UTU adlar\u0131 temelinde D\u00fcnyevi\u00a0 varl\u0131k alemini \u201cmeumat\/ hayat-memat\u201d, G\u00fcne\u015fi Ana olarak \u201cMa-a Homete\u201d,Baba olarak &#8220;Siu Mas\/SAMAS ve\u201cMa-a Homat\u201d gibi tan\u0131mlayan Zazaca kavramlar sonralar\u0131 \u0130sa,Musa ve\u00a0 G\u00fcn Muhammet gibi\u00a0 \u00a0motiflere aktar\u0131ld\u0131. Eski D\u00fcnyada Tanr\u0131 Krallar\u0131n \u201cRubaum Rabbium\u201d sanlar\u0131 \u201cRablerin Rabbi\u201d, kanunlar\u0131 ise G\u00f6klerin Rabbinin emirleri olarak dayat\u0131ld\u0131.<\/p>\n<p><a href=\"http:\/\/www.yolunezeli.com\/wp-content\/uploads\/2017\/12\/images.jpg\"><img loading=\"lazy\" decoding=\"async\" class=\"size-full wp-image-4961 aligncenter\" src=\"http:\/\/www.yolunezeli.com\/wp-content\/uploads\/2017\/12\/images.jpg\" alt=\"\" width=\"232\" height=\"217\" \/><\/a><\/p>\n<h6 style=\"text-align: center;\">Hamurabi Kanunlar\u0131n\u0131n yaz\u0131ld\u0131\u011f\u0131 kara obelisk .Tahtta oturan G\u00fcne\u015f Tanr\u0131s\u0131 \u015eama\u015f&#8217;t\u0131r.<\/h6>\n<h6 style=\"text-align: center;\">Kral bu tasar\u0131mla tanr\u0131yla konu\u015fan el\u00e7i alg\u0131s\u0131 yaratm\u0131\u015ft\u0131r.<\/h6>\n<p>Hititlerin \u0130.\u00d6 1594 de Babil\u2019i y\u0131kmalar\u0131yla rakip olarak kar\u015f\u0131lar\u0131nda sadece M\u0131s\u0131r Uygarl\u0131\u011f\u0131 kalm\u0131\u015ft\u0131. D\u00f6neminin s\u00fcper g\u00fc\u00e7leri olan Hitit, Hurri Mitanni ve M\u0131s\u0131r\u0131n ortak s\u0131n\u0131rlar\u0131nda ya\u015fayan \u0130srailo\u011fullar\u0131 yurt ve devlet edinmek amac\u0131yla Hitit ve Babil \u00fczerinden eski d\u00fcnyan\u0131n kadim k\u00fclt\u00fcr ve inan\u00e7lar\u0131n\u0131 edindiler, Hititlerle \u00e7at\u0131\u015fmalar\u0131na kar\u015f\u0131n k\u00fclt\u00fcrel ve sosyal ili\u015fkiler geli\u015ftirdiler. \u0130srail Krallar\u0131 S\u00fcleyman ve Davut&#8217;un Hititli askerleri ve kad\u0131nlar\u0131 vard\u0131.Zamanla Hititler dahil kadim \u0130nan\u00e7lar\u0131 kendile\u015ftirip, temelde S\u00fcmer&#8217;in Tanr\u0131sal Kent Modeli ve Anadolu F\u0131rt\u0131na Tanr\u0131s\u0131 Tap\u0131na\u011f\u0131ndan esinlenilen S\u00fcleyman Tap\u0131na\u011f\u0131\u2019n\u0131 kurmay\u0131 ama\u00e7lam\u0131\u015flard\u0131. Tap\u0131naklar\u0131n\u0131n ilk n\u00fcvesini Yeru\u015falim\u2019de \u0130.\u00d6.832 de yapt\u0131lar. Ancak Babil hanedan\u0131 Nabukadnezar\u00a0 tap\u0131naklar\u0131n\u0131 y\u0131kt\u0131 ve Yahudi bilginlerini \u00a0\u0130.\u00d6.586 da Babil\u2019e s\u00fcrg\u00fcn etti. Yahudi bilginler \u00e7al\u0131\u015ft\u0131r\u0131ld\u0131klar\u0131 Babil K\u00fct\u00fcphanelerinde \u00e7ivi yaz\u0131l\u0131 belgeleri\u00a0 okuyarak bilgilerini geli\u015ftirdiler. \u0130.\u00d6 538 de Pers Kral\u0131 Kura\u015f\u2019\u0131n kendilerini sal\u0131 vermelerinin ard\u0131ndan Anadolu Tanr\u0131s\u0131 TARU&#8217;nun ad\u0131n\u0131 ta\u015f\u0131yan TORAH veya Tevrat\u2019\u0131 yazmaya ba\u015flad\u0131lar. Yurt arayan \u0130brahim \u00a0hikayesiyle yola \u00e7\u0131kard\u0131klar\u0131 kadim tanr\u0131 k\u00fclt\u00fcyle M\u0131s\u0131r ve Anadolu\u2019yu i\u015fgal amac\u0131 ta\u015f\u0131yan onlarca senaryo d\u00fczenlediler.Bu kapsamda \u00f6ncelikle Akad Kral\u0131 Sargon\u00a0 ile Hititli Kani\u015f Krali\u00e7esinin K\u0131z\u0131l\u0131rma\u011fa b\u0131rakt\u0131\u011f\u0131 \u00e7ocuklar hikayesi \u00a0gibi S\u00fcmerli Irmakl\u0131 Tanr\u0131 mitlerini kullanarak Musa\u2019y\u0131 temsil eden bir \u00e7ocu\u011fu Firavunun k\u0131z\u0131n\u0131n \u00a0Nil&#8217;de y\u0131kand\u0131\u011f\u0131 bir s\u0131rada sepet i\u00e7inde suya b\u0131rak\u0131p sahiplenmesini sa\u011flayarak M\u0131s\u0131r taht\u0131na yerle\u015ftirmeyi denediler.Benzer bir hikaye de Akad Kral\u0131 Sargon&#8217;la ilgili yaz\u0131lm\u0131\u015ft\u0131r. Musa&#8217;yla ilgili kimi ara\u015ft\u0131rmalar onun bir mit ve efsane kahraman\u0131 oldu\u011funu \u00a0\u00f6ne \u00e7\u0131kar\u0131rken \u00a0bir k\u0131sm\u0131 da, ger\u00e7ek bir ki\u015fi oldu\u011funu belirtmektedir.Ancak, Anadolu Ozan\u0131 Yunus Musay\u0131 tarihi bir ki\u015fi olarak \u201c<em>Elinde ejderha olurdu asa<\/em>,<em>Polat kavmi ile cenk eden Musa,O da kurtulmad\u0131 ecel elinden (Polat Kavmi:Hititler-Tabal Krall\u0131\u011f\u0131) <\/em>\u201d Pir Sultan Abdal \u00a0ise onu \u201c<em>Ben Musay\u0131m sen firavun ,\u0130krars\u0131z \u015feytan-\u0131 lain<\/em>\u201d olarak tan\u0131mlam\u0131\u015ft\u0131r.Bize g\u00f6re de Musa ad\u0131 Alevi Ereni Abdal Musa gibi S\u00fcmer \u2013Hitit k\u00f6kenli Irmakl\u0131 Tanr\u0131 mitoslar\u0131ndan al\u0131nm\u0131\u015f,ancak bu mitik kimlik Anadolu\u2019yu i\u015fgale \u00e7al\u0131\u015fan Firavunlar \u00a0ve \u0130brani krallarca kullan\u0131lm\u0131\u015ft\u0131r. Zira ,Hititlerle M\u0131s\u0131rl\u0131lar \u0130.\u00d6.1275 de yap\u0131lan Kade\u015f Antla\u015fmas\u0131ndan da bilindi\u011fi gibi s\u00fcrekli sava\u015f halinde idiler.M\u0131s\u0131r en g\u00fc\u00e7l\u00fc oldu\u011fu zamanlarda Mitanni Krall\u0131\u011f\u0131ndan da yararlanarak s\u0131n\u0131rlar\u0131n\u0131 kuzeyde Kenan \u00dclkesine kadar geni\u015fletmi\u015fti. Ancak Hititler Hurri-Mitanni Krall\u0131\u011f\u0131na son vererek bu tehlikeyi uzakla\u015ft\u0131rd\u0131lar. Hititlerin Yahudi ve Firavunlar\u0131n \u0130brahim ve Musa senaryolar\u0131n\u0131 bo\u015fa \u00e7\u0131karmalar\u0131n\u0131n ard\u0131ndan Firavunlar taraf\u0131ndan asas\u0131yla denizi yarma gibi efsanelerle yola \u00e7\u0131kar\u0131l\u0131p Kenan \u00dclkesine y\u00f6nlendirilen Yahudiler Nil\u2019den F\u0131rat\u2019a uzanan m\u00fcnbit \u00a0topraklar\u0131n tanr\u0131lar\u0131ndan kendilerine vaat edilmi\u015f kutsal toprak oldu\u011funu ilan ettiler.Firavunlar\u0131n Yahudiler arac\u0131l\u0131\u011f\u0131yla yeni bir tampon devlet\u00a0 kurma amac\u0131 ta\u015f\u0131d\u0131\u011f\u0131 a\u00e7\u0131k olan bu \u00e7\u0131k\u0131\u015fla Cennet Anadolu\u2019nun\u00a0 zapt\u0131na y\u00f6nelik 2500 y\u0131ll\u0131k Firavun-Yahudi ortak tasar\u0131m\u0131 ve \u00a0d\u00fc\u015f\u00fc ba\u015flam\u0131\u015f oldu. Ancak ,Tevrat\u0131n ilk be\u015f kitab\u0131n\u0131n Babil s\u00fcrg\u00fcn\u00fcnden sonra yaz\u0131ld\u0131\u011f\u0131 d\u00fc\u015f\u00fcn\u00fcld\u00fc\u011f\u00fcnde tanr\u0131 vaadinin ve M\u0131s\u0131rdan \u00e7\u0131k\u0131\u015f\u0131n S\u00fcmer mitleriyle \u00f6rt\u00fcl\u00fc siyasi kurgulardan ibaret oldu\u011fu anla\u015f\u0131l\u0131r.<\/p>\n<p>HACI\u00a0 BEKTA\u015e-I VEL\u0130, \u0130SRA\u0130L BAYRA\u011eI\u00a0 ve S\u00dcLEYMAN TAPINA\u011eININ G\u0130ZEMLER\u0130<\/p>\n<p>Hiram adl\u0131 bir mimar\u0131n yapt\u0131\u011f\u0131 belirtilen S\u00fcleyman Tap\u0131na\u011f\u0131, Anadolu F\u0131rt\u0131na Tanr\u0131s\u0131 Sarumma&#8217;ya adanan\u00a0 Anadolu-Kenan \u00dclkesi Tap\u0131naklar\u0131n\u0131n yeni bir kurgusundan ibarettir.K\u0131tl\u0131k i\u00e7inde ya\u015fayan \u00e7\u00f6l halklar\u0131n\u0131n en b\u00fcy\u00fck \u00f6zlemi, do\u011fay\u0131 bereketlendiren F\u0131rat-Dicle Sular\u0131 ile kar,ya\u011fmur ve dolular\u0131n sahibi olan F\u0131rt\u0131na Tanr\u0131s\u0131n\u0131n yurdu Anadolu\u2019ya,olmazsa Nil deltas\u0131na yerle\u015ferek nimetlerinin sahibi olmakt\u0131. M\u00fcnbit topraklar\u00a0 ve bol r\u0131z\u0131k pe\u015finde ko\u015fan \u00e7\u00f6l kavimlerinin yaratt\u0131\u011f\u0131 Semavi ad edinen sonradan\u00a0 do\u011fma dinlerin ortak amac\u0131 bu idi.Nitekim \u00e7\u00f6l kavimleri Musevi, \u0130sevi ve Muhammedi dinler e\u015fli\u011finde Anadolu\u2019yu i\u015fgal etmi\u015flerdir.Bu amac\u0131n ezoterik temelde d\u0131\u015fa vuruldu\u011fu en g\u00fcncel \u00f6rnek \u0130srail Bayra\u011f\u0131d\u0131r.F\u0131rat-Dicle ve daha geni\u015f \u00f6l\u00e7ekte Nil ve F\u0131rat\u2019\u0131 temsil eden iki nehir ile Hac\u0131 Bekta\u015f Dergah\u0131nda Ser\u00e7e\u015fme Tanr\u0131 Taruhunna\u2019y\u0131 \u00a0temsil eden \u00dc\u00e7ler \u00c7e\u015fmesindeki M\u00fchr-\u00fc Sarumma veya Davut Y\u0131ld\u0131z\u0131na (T\u0130VATA) sahip \u0130srail Bayra\u011f\u0131 siyasi ve dini kurgulardan ibaret olan Tevrat\u2019taki \u201cNilden-F\u0131rat\u2019a uzanan vaad edilmi\u015f kutsal topraklar\u0131\u201d sembolize etmektedir.Tevrat \u00c7\u0131k\u0131\u015f BAB 15 de \u201c<em>Nilden b\u00fcy\u00fck \u0131rma\u011fa,F\u0131rata kadar Kennileri (Kenan) ,Kennizileri, Kadmonileri ve Hittileri (Hititleri)senin z\u00fcrriyetine verdim<\/em> \u201c s\u00f6zleri yaz\u0131l\u0131d\u0131r.Bu s\u00f6zlerin Yahudileri M\u0131s\u0131rdan uzakla\u015ft\u0131rmaya \u00e7al\u0131\u015fan Firavunlara ait oldu\u011funu d\u00fc\u015f\u00fcnmek gerek.Zira Firavunlar Tanr\u0131-Kral idi.Yahudiler arac\u0131l\u0131\u011f\u0131yla Hititlerle aralar\u0131nda \u00f6ncelikle \u00a0tampon bir devlet kurmay\u0131 ,ard\u0131ndan Cennet olarak tan\u0131mlanan Anadolu\u2019yu i\u015fgal etmeyi ama\u00e7lam\u0131\u015f olduklar\u0131n\u0131 d\u00fc\u015f\u00fcnmek gerekiyor.<\/p>\n<p><a href=\"http:\/\/www.yolunezeli.com\/wp-content\/uploads\/2017\/12\/download.png\"><img loading=\"lazy\" decoding=\"async\" class=\"size-full wp-image-4962 aligncenter\" src=\"http:\/\/www.yolunezeli.com\/wp-content\/uploads\/2017\/12\/download.png\" alt=\"\" width=\"200\" height=\"145\" srcset=\"https:\/\/www.yolunezeli.com\/wp-content\/uploads\/2017\/12\/download.png 200w, https:\/\/www.yolunezeli.com\/wp-content\/uploads\/2017\/12\/download-82x60.png 82w\" sizes=\"auto, (max-width: 200px) 100vw, 200px\" \/><\/a><\/p>\n<h6 style=\"text-align: center;\">Nil ile F\u0131rat nehirleri aras\u0131nda\u00a0 Anadolu G\u00fcne\u015f ve F\u0131rt\u0131na Tanr\u0131s\u0131n\u0131n M\u00fchr\u00fcn\u00fc ta\u015f\u0131yan \u0130srail Bayra\u011f\u0131<\/h6>\n<p>S\u00fcmer Uygarl\u0131\u011f\u0131n\u0131n temel kaynaklar\u0131 olan F\u0131rat-Dicle Nehirleri \u00a0ile Luvice G\u00fcne\u015f T\u0130VATA (Davut) ve F\u0131rt\u0131na Tanr\u0131s\u0131 SARUMMA\u2019dan kaynakl\u0131 M\u00fchr-\u00fc Sarumma bir b\u00fct\u00fcn olarak \u00a0Beylikler D\u00f6neminde Hac\u0131 Bekta\u015f Dergah\u0131n\u0131 \u00a0kuran Lolan k\u00f6kenli Karamano\u011fullar\u0131 Beyli\u011fi Bayra\u011f\u0131 ile H\u00fcnkar \u00c7e\u015fmesinde yer alm\u0131\u015ft\u0131r. Bayraktaki mavi renkli balta Ser\u00e7e\u015fme-F\u0131rt\u0131na Tanr\u0131s\u0131n\u0131,alt\u0131gen y\u0131ld\u0131z ise G\u00fcne\u015fi, g\u00f6k ile yerin bulu\u015fmas\u0131n\u0131 sembolize ediyor.Anadolu F\u0131rt\u0131na Tanr\u0131lar\u0131n\u0131n elinde balta ve \u015fim\u015fek demeti yer al\u0131r.<\/p>\n<figure id=\"attachment_4963\" aria-describedby=\"caption-attachment-4963\" style=\"width: 136px\" class=\"wp-caption aligncenter\"><a href=\"http:\/\/www.yolunezeli.com\/wp-content\/uploads\/2017\/12\/download.jpg\"><img loading=\"lazy\" decoding=\"async\" class=\"size-full wp-image-4963\" src=\"http:\/\/www.yolunezeli.com\/wp-content\/uploads\/2017\/12\/download.jpg\" alt=\"\" width=\"136\" height=\"90\" \/><\/a><figcaption id=\"caption-attachment-4963\" class=\"wp-caption-text\">Karamano\u011flu Bayra\u011f\u0131<\/figcaption><\/figure>\n<p>Lolanl\u0131 Karaman \u00a0bayra\u011f\u0131nda S\u00fcmerin Su Toprak ve Bilgelik Tanr\u0131s\u0131 ENK\u0130\u2019nin \u00a0omuzlar\u0131ndan d\u00f6k\u00fclen iki \u0131rmak ve G\u00fcne\u015f Sembol\u00fc de olan M\u00fchr-\u00fc Sarrumma vard\u0131r.<\/p>\n<p>Okuyucular\u0131n akl\u0131na \u015fu soru gelebilir. Bekta\u015filer mi Yahudi, Yahudiler mi Bekta\u015fidir?\u00a0 Sorunun cevab\u0131 basittir. Bekta\u015fi ad\u0131, S\u00fcmer Krallar\u0131n\u0131n Patesi san\u0131 ile Hatti G\u00fcne\u015fini ta\u015f\u0131yan bo\u011fa ve g\u00fcne\u015f T\u0130J\u0130\u2019den (Bo\u011fa TJ\u0130\u0130, GA-T\u0130J\u0130- HA T\u0130J\u0130) geliyor. Yehuda-Yahudi ad\u0131 ise Ya H\u00dcDA ,yani Anadolu \u00dclke Tanr\u0131s\u0131 HADAT\u2019dan kopyad\u0131r. \u0130srailde ne Hadad, ne F\u0131rat, ne Dicle ne Nil, ne de Su Tanr\u0131s\u0131n\u0131 temsil eden Ser\u00e7e\u015fme Kral vard\u0131r.<\/p>\n<p>Hac\u0131 Bekta\u015f-\u0131 Veli Dergah\u0131 Nadar Avlusu \u00dc\u00e7ler \u00c7e\u015fme\u015fi \u00fczerinde H\u00fcnkar ba\u015fl\u0131\u011f\u0131 ve o kaynaktan \u00e7\u0131kan F\u0131rat ve Dicle nehirleri yer almaktad\u0131r.Her iki nehir\u00a0 ba\u015fl\u0131\u011f\u0131n alt\u0131ndaki kemerin \u00fczerinden iki yana akan su zincirleriyle sembolize edilmi\u015ftir.Bu anlat\u0131m Uruk\u2019ta Kasit D\u00f6nemi \u0130nanna Tap\u0131na\u011f\u0131 cephesine i\u015flenen\u00a0 Anadolu\u00a0 Su tanr\u0131lar\u0131n\u0131n omuzlar\u0131ndan d\u00f6k\u00fclen \u0131rmaklar\u0131 g\u00f6steren su zincirleriyle ayn\u0131d\u0131r.<\/p>\n<p><a href=\"http:\/\/www.yolunezeli.com\/wp-content\/uploads\/2017\/12\/IMG_0894.jpg\"><img loading=\"lazy\" decoding=\"async\" class=\"wp-image-4967 aligncenter\" src=\"http:\/\/www.yolunezeli.com\/wp-content\/uploads\/2017\/12\/IMG_0894.jpg\" alt=\"\" width=\"356\" height=\"474\" srcset=\"https:\/\/www.yolunezeli.com\/wp-content\/uploads\/2017\/12\/IMG_0894.jpg 2448w, https:\/\/www.yolunezeli.com\/wp-content\/uploads\/2017\/12\/IMG_0894-225x300.jpg 225w, https:\/\/www.yolunezeli.com\/wp-content\/uploads\/2017\/12\/IMG_0894-768x1024.jpg 768w\" sizes=\"auto, (max-width: 356px) 100vw, 356px\" \/><\/a><\/p>\n<h6 style=\"text-align: center;\"><a href=\"http:\/\/www.yolunezeli.com\/wp-content\/uploads\/2017\/12\/\u00dc\u00c7LER-\u00c7E\u015eMES\u0130.jpg\"><img loading=\"lazy\" decoding=\"async\" class=\"wp-image-4966 aligncenter\" src=\"http:\/\/www.yolunezeli.com\/wp-content\/uploads\/2017\/12\/\u00dc\u00c7LER-\u00c7E\u015eMES\u0130.jpg\" alt=\"\" width=\"357\" height=\"373\" srcset=\"https:\/\/www.yolunezeli.com\/wp-content\/uploads\/2017\/12\/\u00dc\u00c7LER-\u00c7E\u015eMES\u0130.jpg 2416w, https:\/\/www.yolunezeli.com\/wp-content\/uploads\/2017\/12\/\u00dc\u00c7LER-\u00c7E\u015eMES\u0130-287x300.jpg 287w, https:\/\/www.yolunezeli.com\/wp-content\/uploads\/2017\/12\/\u00dc\u00c7LER-\u00c7E\u015eMES\u0130-768x803.jpg 768w, https:\/\/www.yolunezeli.com\/wp-content\/uploads\/2017\/12\/\u00dc\u00c7LER-\u00c7E\u015eMES\u0130-980x1024.jpg 980w\" sizes=\"auto, (max-width: 357px) 100vw, 357px\" \/><\/a><\/h6>\n<h6 style=\"text-align: center;\">HACI BEKTA\u015e DERGAHI\u00a0 \u00dc\u00c7LER \u00c7E\u015eMES\u0130 RES\u0130M VE \u00c7\u0130Z\u0130M\u0130<\/h6>\n<p>\u00c7e\u015fmenin ba\u015f\u0131na konulan ba\u015fl\u0131k, Hac\u0131 Bekta\u015f\u2019\u0131n farkl\u0131 dillerde H\u00fcnkar ve\u00a0 SER\u00c7E\u015eME sanlar\u0131n\u0131\u00a0\u00a0kavratmaktad\u0131r. Ser\u00e7e\u015fme san\u0131 Zazaca Serehini, \u201cEngurra,Hinigurra-Hengure \u201d, ile \u201cdiarihini\u201d den \u201cTaruhuni\u201d, K\u00fcrt\u00e7e \u201cSerokani\u201d \u015feklinde okunmaktad\u0131r. Aslanl\u0131 \u00e7e\u015fme san\u0131 \u201cAbba Sarru, Abba\u015fer-Abuzer-Av\u015far ve Serhini\u2019den\u00a0 Serkan ve Serhan\u2019d\u0131r. Engurra kavram\u0131 S\u00fcmer Tanr\u0131s\u0131 Enkiyi ve E.ENGURRA adl\u0131 K\u0131rklar Makam\u0131n\u0131, Tarhuna ad\u0131 da Malatya Darende ve Bing\u00f6l Gen\u00e7\u2019in Daraene adlar\u0131 gibi dere ve \u00e7e\u015fmelerle (dere-hini- Daraene)\u00a0 Anadolu F\u0131rt\u0131na Tanr\u0131s\u0131n\u0131 tan\u0131mlamaktad\u0131r.\u00c7e\u015fmenin \u00fczerinde Bekta\u015fi Ba\u015fl\u0131\u011f\u0131yla SER\u00c7E\u015eME,aynas\u0131nda Tanr\u0131 Oca\u011f\u0131 olan Dergah\u0131n G\u00fcne\u015f M\u00fchr\u00fcyle T\u0130VATA,renkli ta\u015flarla \u00fc\u00e7ler,be\u015fler ve yediler,tabandaki y\u0131ld\u0131zlarla sevgi\u00a0 \u0131rmaklar\u0131 yaz\u0131l\u0131d\u0131r.<\/p>\n<p><a href=\"http:\/\/www.yolunezeli.com\/wp-content\/uploads\/2017\/12\/enki.jpg\"><img loading=\"lazy\" decoding=\"async\" class=\"wp-image-4968 aligncenter\" src=\"http:\/\/www.yolunezeli.com\/wp-content\/uploads\/2017\/12\/enki.jpg\" alt=\"\" width=\"436\" height=\"277\" \/><\/a><\/p>\n<p><a href=\"http:\/\/www.yolunezeli.com\/wp-content\/uploads\/2015\/09\/SDC13564.jpg\"><img loading=\"lazy\" decoding=\"async\" class=\"wp-image-2066 aligncenter\" src=\"http:\/\/www.yolunezeli.com\/wp-content\/uploads\/2015\/09\/SDC13564.jpg\" alt=\"\" width=\"330\" height=\"440\" srcset=\"https:\/\/www.yolunezeli.com\/wp-content\/uploads\/2015\/09\/SDC13564.jpg 2304w, https:\/\/www.yolunezeli.com\/wp-content\/uploads\/2015\/09\/SDC13564-225x300.jpg 225w, https:\/\/www.yolunezeli.com\/wp-content\/uploads\/2015\/09\/SDC13564-768x1024.jpg 768w\" sizes=\"auto, (max-width: 330px) 100vw, 330px\" \/><\/a><\/p>\n<h6>Omuzlar\u0131ndan F\u0131rat ve Dicle Irmaklar\u0131 d\u00f6k\u00fclen Tanr\u0131 Enki ve Uruk \u0130nanna Tap\u0131na\u011f\u0131 Cephesinde Anadolu Su Tanr\u0131lar\u0131<\/h6>\n<p>Yukar\u0131daki\u00a0resimde tanr\u0131 ve tanr\u0131\u00e7an\u0131n ellerindeki vazolardan kaynayan nehirler omuzlar\u0131ndan akan su zincirleriyle sembolize edilmi\u015ftir. Zincirler en altta Anadolu da\u011flar\u0131yla b\u00fct\u00fcnle\u015fmektedir.<\/p>\n<p><a href=\"http:\/\/www.yolunezeli.com\/wp-content\/uploads\/2017\/12\/Gudea.jpg\"><img loading=\"lazy\" decoding=\"async\" class=\"wp-image-4969 alignleft\" src=\"http:\/\/www.yolunezeli.com\/wp-content\/uploads\/2017\/12\/Gudea.jpg\" alt=\"\" width=\"170\" height=\"301\" srcset=\"https:\/\/www.yolunezeli.com\/wp-content\/uploads\/2017\/12\/Gudea.jpg 1555w, https:\/\/www.yolunezeli.com\/wp-content\/uploads\/2017\/12\/Gudea-169x300.jpg 169w, https:\/\/www.yolunezeli.com\/wp-content\/uploads\/2017\/12\/Gudea-768x1362.jpg 768w, https:\/\/www.yolunezeli.com\/wp-content\/uploads\/2017\/12\/Gudea-578x1024.jpg 578w\" sizes=\"auto, (max-width: 170px) 100vw, 170px\" \/><\/a><a href=\"http:\/\/www.yolunezeli.com\/wp-content\/uploads\/2017\/12\/\u0130NANNA.jpg\"><img loading=\"lazy\" decoding=\"async\" class=\"wp-image-4970 alignright\" src=\"http:\/\/www.yolunezeli.com\/wp-content\/uploads\/2017\/12\/\u0130NANNA.jpg\" alt=\"\" width=\"163\" height=\"309\" srcset=\"https:\/\/www.yolunezeli.com\/wp-content\/uploads\/2017\/12\/\u0130NANNA.jpg 1723w, https:\/\/www.yolunezeli.com\/wp-content\/uploads\/2017\/12\/\u0130NANNA-158x300.jpg 158w, https:\/\/www.yolunezeli.com\/wp-content\/uploads\/2017\/12\/\u0130NANNA-768x1455.jpg 768w, https:\/\/www.yolunezeli.com\/wp-content\/uploads\/2017\/12\/\u0130NANNA-541x1024.jpg 541w\" sizes=\"auto, (max-width: 163px) 100vw, 163px\" \/><\/a><\/p>\n<h6>S\u00fcmer Tanr\u0131\u00e7as\u0131 \u0130nanna ve Ser\u00e7e\u015fme Kral Gudea. Ellerindeki vazolardan \u00a0F\u0131rat-Dicle ak\u0131yor.<\/h6>\n<h6>Tanr\u0131\u00e7a ve kral\u0131n tuttu\u011fu su kab\u0131 Alevilikteki K\u0131rklar\u0131n Demi,Ab-\u0131 Eng\u00fcr, Dem-i Eng\u00fcr veya Dem-i Ali\u2019dir.<\/h6>\n<p>S\u00fcmer-Hatti-Hitit ve Hurri\u00a0 k\u00f6kenli hava ve f\u0131rt\u0131na tanr\u0131lar\u0131yla Su Toprak ve Bilgelik Tanr\u0131s\u0131 Enki\u00a0 Alevi-Bekta\u015fili\u011fin Ser\u00e7e\u015fme K\u00fclt\u00fcn\u00fcn temel kaynaklar\u0131d\u0131r.Bu k\u00fclt g\u00fcncel i\u00e7erikleriyle\u00a0 \u00a0Hac\u0131 Bekta\u015f-\u0131 Veli \u00a0ve Bal\u0131m Sultan( d.W Ali,Baal veya Belum) k\u00fclt\u00fcyle ya\u015famaktad\u0131r. Makam\u0131 Hatay Hazzi Da\u011f\u0131(H\u0131z\u0131r Kal-Kal Hazzi) ve Toros Da\u011flar\u0131 olan Hitit-Hurri F\u0131rt\u0131na Tanr\u0131s\u0131 Te\u015fub\u2019un o\u011flu Hurrice \u00a0SARMA ,SARMAS veya Sarrumma, Hitit\u00e7e Tarhunna, Hadat ve Baal \u00a0ad\u0131yla an\u0131l\u0131yordu. Varto&#8217;da Sarumma Bali ,Yozgat ve \u00c7orum\u2019da Sar\u0131mbeyli K\u00f6yleri , Kayseride Sar\u0131o\u011flan \u0130l\u00e7esine ad\u0131 verilen\u00a0 ve Zazaca \u201cS\u0131reman\u201d ad\u0131yla an\u0131lan Tanr\u0131, ya\u011fmur ve rahmet ya\u011fd\u0131ran manada \u201cRAMA HAKK\u201d ve \u201c\u015eae Rame\u201d s\u0131fatlar\u0131n\u0131n yan\u0131 s\u0131ra Bekta\u015filikte Hac\u0131 Bekta\u015f\u0131n yol o\u011flu SARRUMA Bali\u00a0 ad\u0131yla an\u0131lm\u0131\u015f, Sarumma temelli \u00c7orum ve Batmandaki Raman Da\u011f\u0131 gibi adlar\u0131n yan\u0131 s\u0131ra Anadolu\u2019ya da Rum Diyar\u0131 ad\u0131n\u0131 vermi\u015ftir. Sarruma ad\u0131n\u0131n yan\u0131 s\u0131ra Hitit\u00e7e I\u015f\u0131k Tanr\u0131s\u0131 Siu ve S\u00fcmerce Bin Tanr\u0131 \u201cd.LIM\u201d veya\u00a0 ay ba\u015fl\u0131 bo\u011fa donuyla\u00a0 tanr\u0131n\u0131n \u201cSarru Men\u201d ad\u0131ndan da uyarland\u0131\u011f\u0131n\u0131 d\u00fc\u015f\u00fcnd\u00fc\u011f\u00fcm\u00fcz \u201cSiulum\u201d temelli bar\u0131\u015f kavram\u0131 \u201cSelam\u201d ile Solomon ad\u0131, zamanla tanr\u0131 selam\u0131 anlam\u0131yla da Selim ve S\u00fcleyman formuna girmi\u015f, Semavi ad edinen dogmalarla Ortado\u011fuda binlerce y\u0131ll\u0131k sava\u015f, katliam,i\u015fgal ve gasp eylemlerinin\u00a0 merkezi olan Kud\u00fcs \u015fehri de \u201cbar\u0131\u015f kenti\u201d ! manas\u0131nda \u201cYaru\u015falim\u201d ad\u0131yla an\u0131lm\u0131\u015ft\u0131r. D\u00fcnyevi\u00a0 Krallar\u0131n Tanr\u0131 adlar\u0131 kullanmas\u0131 nedeniyle bir d\u00f6nem Hitit\u00a0 s\u0131n\u0131rlar\u0131nda ya\u015fayan Kral S\u00fcleyman ile o\u011flu Davut da \u00a0Anadolu Tanr\u0131lar\u0131 olan Sarruma ve\u00a0 Luvice G\u00fcne\u015f T\u0130VATA\u2019n\u0131n adlar\u0131n\u0131 alm\u0131\u015f, ana tap\u0131naklar\u0131n\u0131 da Tanr\u0131 Sarumma\u2019ya adam\u0131\u015flard\u0131r.<\/p>\n<p>S\u00fcmer-Hatti ve Hitit K\u00fclt lerinin egemen oldu\u011fu Orta Do\u011fuda bir \u00f6rne\u011fi Tel Halaf ve Suriye Ugarit\u2019ten de bilinen hilani tarz\u0131 Hitit\u00a0 tap\u0131naklar\u0131 b\u00f6lgedeki \u201cTanr\u0131sal Kent \u201cile tap\u0131nak mimarisine \u00f6rnek olmu\u015ftur.M.\u0130lmiye \u00c7I\u011e \u00a0Kuran,\u0130ncil ve Tevrat\u2019\u0131n S\u00fcmerdeki K\u00f6kenleri\u00a0 adl\u0131 kitab\u0131n\u0131n 10-11 sf.lar\u0131nda S\u00fcmer k\u00fclt\u00fcr\u00fcn\u00fcn etkileriyle ilgili olarak\u00a0 \u201c<em>Bu etkiler mimaride, sanatta, teknikte, sosyopolitik kurumlarda ,bilimde, edebiyatta ve dinlerde g\u00f6r\u00fclmektedir. Kaz\u0131larda \u00e7\u0131kar\u0131lan tap\u0131naklar\u0131n ,saraylar\u0131n hatta \u00f6zel evlerin yap\u0131 tekni\u011fi ve sitili \u00a0daha sonraki milletlerin mimarisini \u015fu veya bu \u015fekilde etkilemi\u015ftir.S\u00fcmerlerin uygulad\u0131klar\u0131 kemer, kubbe sistemi, s\u00fctunlar,mozaikler ,duvar s\u00fcsleri, kabartmalar, sunaklar\u00a0 ve ni\u015fler Ortado\u011fuda oldu\u011fu gibi Yunan-Roma yoluyla Bat\u0131 mimarisine girmi\u015ftir.Silindir m\u00fch\u00fcrlerde g\u00f6r\u00fclen tap\u0131naklar\u0131n duvarlar\u0131n\u0131 s\u00fcsleyen hayvan fig\u00fcrl\u00fc hayat a\u011fac\u0131,kavga eden mitolojik varl\u0131klar,aslan ba\u015fl\u0131 kartal, \u0130spanya, Fransa,ve Orta Almanya&#8217;daki Orta\u00e7a\u011f kiliselerinde \u00e7e\u015fitli s\u00fcslemeler halinde g\u00f6r\u00fclmektedir. \u2026.. S\u00fcmerlerin\u00a0 en \u00f6nemli politik miras\u0131ndan biri olan \u0130.\u00d6.3000 y\u0131llar\u0131nda kurduklar\u0131 \u015eehir Beylikleri\u00a0 Hindistan\u2019dan Akdeniz&#8217;e kadar ve Orta\u00e7a\u011f Avrupas\u0131\u2019ndaki \u015eehir Krall\u0131klar\u0131n\u0131n \u00f6nc\u00fcleri olmu\u015ftur\u2026Bu \u015eehirler \u015fehri koruyan Tanr\u0131s\u0131,yery\u00fcz\u00fcnde onu temsil eden kral\u0131,tap\u0131naklar\u0131,\u015fehir surlar\u0131 ve kap\u0131lar\u0131yla biri birilerine benzemektedir<\/em>\u201dder.<\/p>\n<p>S\u00fcmer-Hitit k\u00fclt\u00fcr ve sanat\u0131n\u0131n etkisinde kalan Yahudiler ebedi yurt olarak i\u015fgalini ama\u00e7lad\u0131klar\u0131 Anadolu\u2019nun tanr\u0131lar\u0131n\u0131,tap\u0131nak modellerini, rit\u00fcellerini ve \u00a0adlar\u0131n\u0131 edinmekle \u00a0kalmam\u0131\u015f, S\u00fcleyman Tap\u0131na\u011f\u0131n\u0131 da S\u00fcmerlerden beri bilinen tanr\u0131 sembolleriyle donatm\u0131\u015flard\u0131. S\u00fcmer-Hatti-Hitit F\u0131rt\u0131na Tanr\u0131lar\u0131 G\u00fcne\u015f Tanr\u0131s\u0131yla ili\u015fkili oldu\u011fundan Luvice ad\u0131yla T\u0130VATA, Alevilikte Ali\u2019nin Diviti \u2013Kalemi\u00a0 denilen S\u00fcmer \u00a0G\u00fcne\u015f Tanr\u0131s\u0131 \u201cUTU\u201dnun sembollerinden biri alt\u0131 kollu y\u0131ld\u0131z, S\u00fcmerin An, Enlil, Enki, UTU, Nana,Ninhursag ve \u0130nanna\u00a0 gibi yedi b\u00fcy\u00fck tanr\u0131s\u0131s\u0131,Apkallu da denilen Yedi Bilgenin \u00a0sembol\u00fc \u00a0ise kimi kaynaklarda \u00dclker veya Pleiades \u00a0burcuyla da \u00f6zde\u015fle\u015ftirilen g\u00fcne\u015fin ilk \u00a0yedi gezegenine ait yedi k\u00fcre veya y\u0131ld\u0131z idi.Yahudiler bu sembolleri \u201cMenora \u201c dedikleri \u201cyedi kollu \u015famdan\u201d ve Davut Y\u0131ld\u0131z\u0131 adlar\u0131yla tap\u0131naklar\u0131na oturtmu\u015flard\u0131.<\/p>\n<p><a href=\"http:\/\/www.yolunezeli.com\/wp-content\/uploads\/2017\/12\/MUSEV\u0130L\u0130K.jpg\"><img loading=\"lazy\" decoding=\"async\" class=\"wp-image-4972 alignleft\" src=\"http:\/\/www.yolunezeli.com\/wp-content\/uploads\/2017\/12\/MUSEV\u0130L\u0130K.jpg\" alt=\"\" width=\"218\" height=\"215\" \/><\/a><\/p>\n<p><a href=\"http:\/\/www.yolunezeli.com\/wp-content\/uploads\/2017\/12\/images-yedi-nokta.jpg\"><img loading=\"lazy\" decoding=\"async\" class=\"wp-image-4971 alignright\" src=\"http:\/\/www.yolunezeli.com\/wp-content\/uploads\/2017\/12\/images-yedi-nokta.jpg\" alt=\"\" width=\"255\" height=\"209\" \/><\/a><\/p>\n<h6 style=\"text-align: center;\">Menora\u00a0&#8211; Davut Y\u0131ld\u0131z\u0131 ve S\u00fcmerlerin\u00a0 Yedi K\u00fcreli Tanr\u0131 sembol\u00fc,<\/h6>\n<figure id=\"attachment_4975\" aria-describedby=\"caption-attachment-4975\" style=\"width: 580px\" class=\"wp-caption aligncenter\"><a href=\"http:\/\/www.yolunezeli.com\/wp-content\/uploads\/2017\/12\/123-001.jpg\"><img loading=\"lazy\" decoding=\"async\" class=\"size-full wp-image-4975\" src=\"http:\/\/www.yolunezeli.com\/wp-content\/uploads\/2017\/12\/123-001.jpg\" alt=\"\" width=\"580\" height=\"262\" srcset=\"https:\/\/www.yolunezeli.com\/wp-content\/uploads\/2017\/12\/123-001.jpg 580w, https:\/\/www.yolunezeli.com\/wp-content\/uploads\/2017\/12\/123-001-300x136.jpg 300w\" sizes=\"auto, (max-width: 580px) 100vw, 580px\" \/><\/a><figcaption id=\"caption-attachment-4975\" class=\"wp-caption-text\">S\u00fcmer M\u00fchr\u00fcnde G\u00fcne\u015f Sisteminde\u00a0 alt\u0131 kollu y\u0131ld\u0131z.Luvice G\u00fcne\u015f T\u0130VATA\u2019dan Davut Y\u0131ld\u0131z\u0131<\/figcaption><\/figure>\n<p>\u00c7\u00f6l kavimlerinin Anadolu tanr\u0131lar\u0131yla tap\u0131naklar\u0131na sahip olma \u00a0\u00a0amac\u0131, uzun vadede onlar\u0131n yurtlar\u0131na da sahiplenmek veya ele ge\u00e7irmek idi.Zira \u00e7\u00f6ller insanl\u0131\u011fa Anadolu kadar m\u00fcnbit ve m\u00fcreffeh bir ya\u015fam sa\u011flam\u0131yordu .On iki \u0131rmakl\u0131 Ser\u00e7e\u015fme yurt ba\u011fl\u0131k, bah\u00e7elikti ve i\u00e7inde Hurri Halk\u0131ndan kas\u0131t Hurrili k\u0131zlar ya\u015f\u0131yordu.B\u00f6ylece Cennetin zapt\u0131 gerekli idi.S\u00fcmerlerin y\u0131k\u0131l\u0131\u015f\u0131ndan g\u00fcn\u00fcm\u00fcze dek bu ama\u00e7 hep canl\u0131 tutuldu.Bu amaca hizmet eden her t\u00fcrl\u00fc tasar\u0131m tanr\u0131 emirleri haline getirilen Krallar\u0131n buyruklar\u0131 vb. do\u011fmalarla g\u00fc\u00e7lendirildi.<\/p>\n<p>Yahudilerin S\u00fcleyman Tap\u0131na\u011f\u0131 bir \u00f6rne\u011fi Suriye Ugaritten bilinen \u0130.\u00d6 15 YY\u2019la ait \u00a0Baal Tap\u0131na\u011f\u0131 gibi Hitit Hilanilerine bezer bir anlay\u0131\u015fla yap\u0131lm\u0131\u015ft\u0131.<\/p>\n<p><a href=\"http:\/\/www.yolunezeli.com\/wp-content\/uploads\/2017\/12\/Baal-Tap\u0131na\u011f\u0131.jpg\"><img loading=\"lazy\" decoding=\"async\" class=\"wp-image-4976 aligncenter\" src=\"http:\/\/www.yolunezeli.com\/wp-content\/uploads\/2017\/12\/Baal-Tap\u0131na\u011f\u0131.jpg\" alt=\"\" width=\"308\" height=\"205\" \/><\/a><\/p>\n<p><a href=\"http:\/\/www.yolunezeli.com\/wp-content\/uploads\/2017\/12\/solomon-mabed1.jpg\"><img loading=\"lazy\" decoding=\"async\" class=\"wp-image-4977 aligncenter\" src=\"http:\/\/www.yolunezeli.com\/wp-content\/uploads\/2017\/12\/solomon-mabed1.jpg\" alt=\"\" width=\"307\" height=\"231\" srcset=\"https:\/\/www.yolunezeli.com\/wp-content\/uploads\/2017\/12\/solomon-mabed1.jpg 450w, https:\/\/www.yolunezeli.com\/wp-content\/uploads\/2017\/12\/solomon-mabed1-300x225.jpg 300w, https:\/\/www.yolunezeli.com\/wp-content\/uploads\/2017\/12\/solomon-mabed1-65x50.jpg 65w\" sizes=\"auto, (max-width: 307px) 100vw, 307px\" \/><\/a><\/p>\n<h6 style=\"text-align: center;\">Ugarit Baal Tap\u0131na\u011f\u0131 \u0130.\u00d6:15 YY &#8211;\u00a0 S\u00fcleyman Tap\u0131na\u011f\u0131 Maketi(Salim Meri\u00e7)<\/h6>\n<p style=\"text-align: left;\">Hilani tarz\u0131 Hitit tap\u0131naklar\u0131n\u0131n giri\u015f kap\u0131lar\u0131nda\u00a0 tanr\u0131-tanr\u0131\u00e7a ve o\u011fuldan olu\u015fan \u00fc\u00e7 tanr\u0131n\u0131n ta\u015f\u0131y\u0131c\u0131 hayvanlar\u0131yla birlikte \u201cTanr\u0131sal Direk\u201d olarak kurguland\u0131\u011f\u0131 \u00fc\u00e7er s\u00fct\u00fcn yer al\u0131yordu<\/p>\n<figure id=\"attachment_4978\" aria-describedby=\"caption-attachment-4978\" style=\"width: 344px\" class=\"wp-caption alignnone\"><a href=\"http:\/\/www.yolunezeli.com\/wp-content\/uploads\/2017\/12\/download-1.jpg\"><img loading=\"lazy\" decoding=\"async\" class=\" wp-image-4978\" src=\"http:\/\/www.yolunezeli.com\/wp-content\/uploads\/2017\/12\/download-1.jpg\" alt=\"\" width=\"344\" height=\"223\" \/><\/a><figcaption id=\"caption-attachment-4978\" class=\"wp-caption-text\">Tel Halaf Tap\u0131nak Saray Giri\u015f Kap\u0131s\u0131-Halep M\u00fczesi<\/figcaption><\/figure>\n<p>Hititlerin Alacah\u00f6y\u00fck\u00a0 Tap\u0131na\u011f\u0131 ile\u00a0 Hac\u0131 Bekta\u015f-\u0131 Veli \u00a0Dergah\u0131\u00a0 g\u00f6k,yer ve yeralt\u0131 katmanlar\u0131n\u0131 temsil eden \u00fc\u00e7 avlulu\u00a0 bir yerle\u015fke olarak tasarlanm\u0131\u015ft\u0131r.Hititlerin Kanatl\u0131 G\u00fcne\u015f Kursu alt\u0131nda tek ayak \u00fczerinde semah d\u00f6nen\u00a0 tanr\u0131n\u0131n iki yan\u0131nda da evreni ta\u015f\u0131yan iki da\u011f s\u00fct\u00fcn\u00a0 ve \u00e7atal k\u0131l\u0131\u00e7lar yer al\u0131yordu.<\/p>\n<p><a href=\"http:\/\/www.yolunezeli.com\/wp-content\/uploads\/2016\/02\/Hitit-BAYRA\u011eI.jpg\"><img loading=\"lazy\" decoding=\"async\" class=\"wp-image-2776 aligncenter\" src=\"http:\/\/www.yolunezeli.com\/wp-content\/uploads\/2016\/02\/Hitit-BAYRA\u011eI.jpg\" alt=\"\" width=\"353\" height=\"337\" \/><\/a><\/p>\n<p><a href=\"http:\/\/www.yolunezeli.com\/wp-content\/uploads\/2017\/12\/Lale\u015f-G\u00fcne\u015fi-m.jpg\"><img loading=\"lazy\" decoding=\"async\" class=\"wp-image-4979 aligncenter\" src=\"http:\/\/www.yolunezeli.com\/wp-content\/uploads\/2017\/12\/Lale\u015f-G\u00fcne\u015fi-m.jpg\" alt=\"\" width=\"354\" height=\"268\" srcset=\"https:\/\/www.yolunezeli.com\/wp-content\/uploads\/2017\/12\/Lale\u015f-G\u00fcne\u015fi-m.jpg 260w, https:\/\/www.yolunezeli.com\/wp-content\/uploads\/2017\/12\/Lale\u015f-G\u00fcne\u015fi-m-65x50.jpg 65w\" sizes=\"auto, (max-width: 354px) 100vw, 354px\" \/><\/a><\/p>\n<h6>Hitit \u00a0Evren sembol\u00fc -Tuthaliyan\u0131n ad kartu\u015fu ve Ezidilerin Lale\u015f\u00a0 \u00a0Tap\u0131na\u011f\u0131 giri\u015f kap\u0131s\u0131nda g\u00fcne\u015f ve iki s\u00fctun<\/h6>\n<p>Hac\u0131 Bekta\u015f,\u015eah Kulu Dergah\u0131 ve Ezidi Tap\u0131naklar\u0131n\u0131n giri\u015flerinde de yer alan \u00a0bu \u00a0g\u00fcne\u015f\u00a0 kap\u0131l\u0131 tap\u0131nak tasar\u0131m\u0131 benzer \u015fekilde S\u00fcleyman Tap\u0131na\u011f\u0131nda da kar\u015f\u0131m\u0131za \u00e7\u0131kmaktad\u0131r. Yahudiler\u00a0 Hititlerin evreni ta\u015f\u0131yan iki da\u011f direk temelinde Hazzi ve Nammi adl\u0131 Da\u011f Tanr\u0131lar\u0131ndan uyarlad\u0131klar\u0131 bu s\u00fctunlara Jakin ve Boaz ad\u0131 vermi\u015flerdir.<\/p>\n<figure id=\"attachment_4980\" aria-describedby=\"caption-attachment-4980\" style=\"width: 206px\" class=\"wp-caption aligncenter\"><a href=\"http:\/\/www.yolunezeli.com\/wp-content\/uploads\/2017\/12\/download-2.jpg\"><img loading=\"lazy\" decoding=\"async\" class=\" wp-image-4980\" src=\"http:\/\/www.yolunezeli.com\/wp-content\/uploads\/2017\/12\/download-2.jpg\" alt=\"\" width=\"206\" height=\"332\" \/><\/a><figcaption id=\"caption-attachment-4980\" class=\"wp-caption-text\">Jakin ve Boaz S\u00fctunlar\u0131<\/figcaption><\/figure>\n<p><em>Jakin ve Boaz S\u00fctunlar\u0131yla ilgili bir \u00e7izim.Direklerin ba\u015f\u0131na dikkat edilirse \u00a0Hatti G\u00fcne\u015f kursuyla ayn\u0131 temalar\u0131 i\u00e7erdi\u011fi g\u00f6r\u00fclecektir<\/em><em>. <\/em><\/p>\n<p>Revakl\u0131\u00a0 bir avluyla \u00e7evrili Mekke\u2019deki \u201cKabe Yap\u0131s\u0131\u201d Erzincan Alt\u0131ntepe Urartu Tap\u0131na\u011f\u0131yla benzer formdad\u0131r. \u0130\u00e7 mekan\u0131 halktan gizlenen Kabe\u2018de de G\u00fcne\u015fle ilgili \u201cHurri Estan \u201d Zazaca \u201cHire Ust\u0131ni\u201ddenilen \u00fc\u00e7 s\u00fctun ile d\u0131\u015fa a\u00e7\u0131lan kap\u0131s\u0131n\u0131n i\u00e7 y\u00fcz\u00fcnde \u00e7ok \u0131\u015f\u0131nl\u0131 bir g\u00fcne\u015f sembol\u00fc yer almaktad\u0131r. Anadolu\u00a0 tarz\u0131 bir tap\u0131nak olmas\u0131 nedeniyle Kabe&#8217;de uygulanan Saft-\u0131 Hezar d\u00f6n\u00fc\u015fleri de S\u00fcmer Ziguratlar\u0131yla Hitit tap\u0131naklar\u0131nda uygulanan evreni semah rit\u00fcellerine uyarlanm\u0131\u015ft\u0131r.Ancak ,Mekke ve Kud\u00fcs gibi kentler S\u00fcmer ve Hitit&#8217;in evren, do\u011fa, tanr\u0131 ve insan merkezli\u00a0 toplumsal ya\u015fam anlay\u0131\u015f\u0131na kar\u015f\u0131n, evrenin maddi alemden soyut bir varl\u0131k taraf\u0131ndan yarat\u0131ld\u0131\u011f\u0131 inanc\u0131na\u00a0 hizmet eden sosyo-k\u00fclt\u00fcrel, dini ve ekonomik i\u015flevlere uyarlanm\u0131\u015ft\u0131r. Bu anlay\u0131\u015f, g\u00fcn\u00fcm\u00fcz Anadolu&#8217;sunda oda\u011f\u0131nda Cami ve ba\u011fl\u0131 di\u011fer dini kurumlar\u0131n yer ald\u0131\u011f\u0131 kentsel yap\u0131la\u015fmayla s\u00fcrd\u00fcr\u00fclmektedir.<\/p>\n<figure id=\"attachment_4981\" aria-describedby=\"caption-attachment-4981\" style=\"width: 349px\" class=\"wp-caption alignnone\"><a href=\"http:\/\/www.yolunezeli.com\/wp-content\/uploads\/2017\/12\/alt\u0131ntepe.jpg\"><img loading=\"lazy\" decoding=\"async\" class=\" wp-image-4981\" src=\"http:\/\/www.yolunezeli.com\/wp-content\/uploads\/2017\/12\/alt\u0131ntepe.jpg\" alt=\"\" width=\"349\" height=\"271\" srcset=\"https:\/\/www.yolunezeli.com\/wp-content\/uploads\/2017\/12\/alt\u0131ntepe.jpg 273w, https:\/\/www.yolunezeli.com\/wp-content\/uploads\/2017\/12\/alt\u0131ntepe-65x50.jpg 65w\" sizes=\"auto, (max-width: 349px) 100vw, 349px\" \/><\/a><figcaption id=\"caption-attachment-4981\" class=\"wp-caption-text\">Urartu Alt\u0131ntepe Tap\u0131na\u011f\u0131<\/figcaption><\/figure>\n<p><a href=\"http:\/\/www.yolunezeli.com\/wp-content\/uploads\/2017\/12\/Kabe.jpg\"><img loading=\"lazy\" decoding=\"async\" class=\"aligncenter wp-image-4982\" src=\"http:\/\/www.yolunezeli.com\/wp-content\/uploads\/2017\/12\/Kabe.jpg\" alt=\"\" width=\"330\" height=\"258\" srcset=\"https:\/\/www.yolunezeli.com\/wp-content\/uploads\/2017\/12\/Kabe.jpg 254w, https:\/\/www.yolunezeli.com\/wp-content\/uploads\/2017\/12\/Kabe-65x50.jpg 65w\" sizes=\"auto, (max-width: 330px) 100vw, 330px\" \/><\/a><\/p>\n<p style=\"text-align: center;\">\u00a0Kabenin \u0130\u00e7 Mekan\u0131<\/p>\n<p>\u00c7\u00f6l kavimleri Anadolu&#8217;dan sadece tanr\u0131 adlar\u0131yla tap\u0131nak modellerini almam\u0131\u015f,S\u00fcmer ve Hititlerin dini terminolojisini de edinmi\u015flerdir.\u00d6rne\u011fin Hititler D\u00f6neminde ba\u015f\u0131nda Kale-Hisar bi\u00e7imli \u00a0tanr\u0131sal kent ba\u015fl\u0131\u011f\u0131 ta\u015f\u0131yan Tanr\u0131 Ana Hepat di\u011fer ad\u0131yla Arinna\u2019n\u0131n G\u00fcne\u015fi, Firigler D\u00f6neminde yedi katl\u0131 kubbeli bir g\u00fcne\u015f ba\u015fl\u0131k ta\u015f\u0131yan Kibele, Hellen D\u00f6neminde de\u00a0 tanr\u0131sal kent ba\u015fl\u0131\u011f\u0131 ta\u015f\u0131yan Artemis ad\u0131yla bilinen S\u00fcmer Tanr\u0131\u00e7as\u0131 KUBAU\u2019nun ad\u0131,Ge\u00e7 Hitit D\u00f6nemi\u00a0 Kargam\u0131\u015f&#8217;ta KUBABA, Mekke\u2019de KABE, S\u00fcmerce Bele,Akadca Beltu\u2019dan kaynakl\u0131 K\u0130BELE ad\u0131 ise Kud\u00fcs ve Mekke\u2019de KIBLE, Yahudilikte Kabala ,yine \u00a0Hitit\u00e7e tanr\u0131 kavram\u0131 olan\u201d Siuni\u201d ise Yahudilikte Sion\u2019dur. Mekke&#8217;nin \u015fehirlerin anas\u0131 san\u0131 da Kibele&#8217;den kaynakl\u0131 olsa gerek. S\u00fcmer ve Hititlerin ortaya koyduklar\u0131 evrenin yap\u0131s\u0131 ve i\u015fleyi\u015f yasalar\u0131yla ilgili ezoterik bilimi esas alan \u201ckabala\u201d kelimesi Anadolu halk dilinde \u201ck\u00fclli,toptan,hepsi birden\u201danlam\u0131nda evreni bir kavram olarak kullan\u0131lmaktad\u0131r.<\/p>\n<p><a href=\"http:\/\/www.yolunezeli.com\/wp-content\/uploads\/2017\/12\/bsao030204902l-b.jpg\"><img loading=\"lazy\" decoding=\"async\" class=\"size-full wp-image-4984 aligncenter\" src=\"http:\/\/www.yolunezeli.com\/wp-content\/uploads\/2017\/12\/bsao030204902l-b.jpg\" alt=\"\" width=\"170\" height=\"281\" \/><\/a><\/p>\n<p><a href=\"http:\/\/www.yolunezeli.com\/wp-content\/uploads\/2017\/12\/kibele.jpg\"><img loading=\"lazy\" decoding=\"async\" class=\" wp-image-4983 aligncenter\" src=\"http:\/\/www.yolunezeli.com\/wp-content\/uploads\/2017\/12\/kibele.jpg\" alt=\"\" width=\"169\" height=\"362\" \/><\/a><\/p>\n<p><a href=\"http:\/\/www.yolunezeli.com\/wp-content\/uploads\/2017\/12\/IMG_0770.jpg\"><img loading=\"lazy\" decoding=\"async\" class=\"wp-image-4985 aligncenter\" src=\"http:\/\/www.yolunezeli.com\/wp-content\/uploads\/2017\/12\/IMG_0770.jpg\" alt=\"\" width=\"170\" height=\"227\" srcset=\"https:\/\/www.yolunezeli.com\/wp-content\/uploads\/2017\/12\/IMG_0770.jpg 2448w, https:\/\/www.yolunezeli.com\/wp-content\/uploads\/2017\/12\/IMG_0770-225x300.jpg 225w, https:\/\/www.yolunezeli.com\/wp-content\/uploads\/2017\/12\/IMG_0770-768x1024.jpg 768w\" sizes=\"auto, (max-width: 170px) 100vw, 170px\" \/><\/a><\/p>\n<h6 style=\"text-align: center;\">Tanr\u0131sal Kent ve Evreni sembolize eden ba\u015fl\u0131klar\u0131yla Hepat,Kybele ve Artemis<\/h6>\n<p>Kud\u00fcs&#8217;teki S\u00fcleyman Tap\u0131na\u011f\u0131\u00a0 \u201cHacer-i Muallak\u201d yani bo\u015flukta duran k\u00fcre veya g\u00f6k ta\u015f\u0131 anlam\u0131 y\u00fcklenen Moriah Tepesi \u00fczerinde kurulmu\u015f, Musa\u2019n\u0131n tanr\u0131yla g\u00f6r\u00fc\u015ft\u00fc\u011f\u00fc iddia edilen (!) Sion Da\u011f\u0131\u2019n\u0131n ad\u0131 \u00a0Hitit\u00e7e Tanr\u0131 S\u0130UNA ile Hatay&#8217;daki Tanr\u0131 Da\u011f\u0131 olan \u201cHazzi\u201d ad\u0131n\u0131n Yunanca \u201cKasion( Zazaca Ko-Siuna=Tanr\u0131 Da\u011f\u0131 )\u201d Latince\u00a0 Casion\/Casius formundan al\u0131nm\u0131\u015ft\u0131r. Alevi ozanlar\u0131 Musa&#8217;n\u0131n Tur\u00a0 Da\u011f\u0131nda g\u00f6rd\u00fc\u011f\u00fc tanr\u0131n\u0131n Ali oldu\u011funu a\u00e7\u0131k\u00e7a belirtmi\u015flerdir.Burada\u00a0 kastedilen Ali, Sion Da\u011f\u0131&#8217;\u0131nda tanr\u0131ya adanm\u0131\u015f bir\u00a0 r\u00f6lyef, dikit veya beyteldir. F\u0131rt\u0131na Tanr\u0131s\u0131 TARU&#8217;ya adand\u0131\u011f\u0131ndan TUR-\u0130 S\u0130UN\u0130 (TOROS) ad\u0131yla an\u0131lan bu da\u011f ayr\u0131ca; Kaz ,Ilgaz,Kel ve K\u0131l\u0131\u00e7 \u00a0adlar\u0131yla da an\u0131lmaktad\u0131r. Siyonizm G\u00f6beklitepeyle ortaya \u00e7\u0131kan ezoterik sembollere y\u00fcklenen evren-do\u011fa temelli tanr\u0131 bilimini \u00a0masonik olmas\u0131 istenen\u00a0 Yahudi belle\u011fe ta\u015f\u0131yarak d\u00fcnyaya hakim olmalar\u0131n\u0131 sa\u011flayacak bir amaca sahiptir ve \u201cmason\u201d kavram\u0131 da Luviceden al\u0131nan \u00a0\u201cAnni Masanni\u201d formuyla b\u00fcy\u00fck tanr\u0131lar anlam\u0131ndad\u0131r. 250 y\u0131ldan beri s\u00fcrd\u00fcr\u00fclen arkeolojik kaz\u0131larla g\u00fcn y\u00fcz\u00fcne \u00e7\u0131kar\u0131lan binlerce y\u0131ll\u0131k k\u00fclt\u00fcrel mirastan yararlanan ABD,AB ve Yahudiler S\u00fcmerlerin ba\u015f tanr\u0131lar\u0131 olan An ve Enlil indinde yer y\u00fcz\u00fcnde insanl\u0131\u011f\u0131n hakimi olma d\u00fc\u015f\u00fcyle uygarl\u0131k ve insanl\u0131k tarihine, evren bilime, k\u00fcreselle\u015fmi\u015f kapitale ,askeri g\u00fcce ve ba\u011f\u0131ml\u0131 yerel ta\u015feronlara dayal\u0131 toprak edinimi\u00a0 ve ba\u011fl\u0131 olarak d\u00fcnyevi ya\u015fam kaynaklar\u0131n\u0131 ele ge\u00e7irmeye y\u00f6nelik siyasi, sosyo -k\u00fclt\u00fcrel\u00a0 ve ekonomik bir yap\u0131la\u015fmay\u0131\u00a0 s\u00fcrd\u00fcrmektedir. Bu temelde Tevratta \u201ctanr\u0131 vaadi kutsal toprak\u201d ilan edilen F\u0131rat-Dicleli Hurri&#8217;li Cennet Anadolu ,Filistin ve M\u0131s\u0131r topraklar\u0131 BOP\u2019la g\u00fcncellenen B\u00fcy\u00fck \u0130srail Projesi kapsam\u0131ndad\u0131r. \u0130srail&#8217;le i\u015fbirli\u011fi i\u00e7inde olan k\u00fcresel g\u00fc\u00e7ler bu hedefe Alevi, Ezidi, K\u00fcrt, Asuri,Nusayri\u00a0 vb. yerel halklar\u0131n \u0130srail kabilelerinin birer \u00a0kal\u0131t\u0131 oldu\u011fu ,daha da \u00f6nemlisi \u00a0Alevili\u011fin de temelde kripto Yahudili\u011fin bir kolu oldu\u011fu iddialar\u0131n\u0131 g\u00fc\u00e7lendiren propagandalar\u0131n yan\u0131 s\u0131ra b\u00f6lgede g\u00f6rev alan PKK ve\u00a0 I\u015eID vb. ta\u015feronlar\u0131na direkt olarak askeri, ekonomik ve lojistik destekler\u00a0 vererek ula\u015fmaya \u00e7al\u0131\u015fmaktad\u0131r. ABD&#8217;nin Kud\u00fcs&#8217;u \u0130srail&#8217;in ba\u015fkenti ilan etmesi ve\u00a0 \u0130srail, Suudi Arabistan ve M\u0131s\u0131rla i\u015fbirli\u011fi i\u00e7ine girmesi, B\u00fcy\u00fck \u0130srail Projesinin alt yap\u0131s\u0131 olarak okunmal\u0131d\u0131r.Bu proje\u00a0 uzun vadede Hint Avrupa Projesi-B\u00fcy\u00fck \u0130skender \u0130mparatorlu\u011fu veya Hint Avrupa Devleti \u00a0gibi tasar\u0131mlar kapsam\u0131nda T\u00fcrkiye,\u0130ran, Afganistan ve Azerbaycan&#8217;\u0131 da kapsayan geni\u015f bir co\u011frafyay\u0131 i\u00e7ermektedir.K\u00fcresel alg\u0131da \u0130srail&#8217;in ba\u015fkenti ilan edilen Kud\u00fcs,\u00a0 ger\u00e7ekte ABD&#8217;nin Ortado\u011fudaki yeni ba\u015fkentidir. Bu nedenle Anadolu-Mezopotamya \u0130ran,Suriye ve\u00a0 Azerbaycan kadim halklar\u0131n\u0131n\u00a0 kadimden ortak ana vatan \u00fczerinde Anadolu uygarl\u0131klar\u0131na dayal\u0131 evrensel k\u00fclt\u00fcr temelinde \u00f6zlerine d\u00f6nerek b\u00fct\u00fcnle\u015fmeleri ,b\u00f6lgenin\u00a0 gelece\u011fi\u00a0 ve bar\u0131\u015f\u0131n korunmas\u0131 a\u00e7\u0131s\u0131ndan ka\u00e7\u0131n\u0131lmazd\u0131r.<\/p>\n","protected":false},"excerpt":{"rendered":"<p>YAHUD\u0130LER\u0130N\u00a0 2500 YILLIK D\u00dc\u015e\u00dc N\u0130L\u2019DEN FIRAT\u2019A CENNET\u0130N ZAPTI Kemal SOYER.Y.Mimar (Telif hakk\u0131 Kemal Soyer&#8217;e aittir.Kitap olarak yay\u0131nlanaca\u011f\u0131ndan\u00a0 \u0130zinsiz al\u0131nt\u0131 yap\u0131lamaz,kopyalan\u0131p \u00e7o\u011falt\u0131lamaz. ) \u00c7ivi yaz\u0131l\u0131 kay\u0131tlara g\u00f6re K\u0130.ENGUR\u00a0 ad\u0131 verilen F\u0131rat [&hellip;]<\/p>\n","protected":false},"author":1,"featured_media":4972,"comment_status":"open","ping_status":"open","sticky":false,"template":"","format":"standard","meta":{"_kadence_starter_templates_imported_post":false,"footnotes":""},"categories":[1],"tags":[92,405,402,400,406,394,398,401,396,397,75,76,409,404,403,399,395,407,408,363],"class_list":["post-4960","post","type-post","status-publish","format-standard","has-post-thumbnail","hentry","category-genel","tag-aleviler","tag-anadolunun-isgali","tag-buyuk-iskender-imp","tag-buyuk-israil-projesi","tag-dicle-firat-nehirleri","tag-dimililer","tag-haci-bektas-ucler-cesmesi","tag-hint-avrupa-devleti-projesi","tag-israil-bayragi","tag-karamanogullari-bayragi","tag-kemal-soyer","tag-kemal-soyer-hitit","tag-masonik-bektasiler","tag-sercesme-krallar","tag-sercesme-tanri","tag-siyonizm","tag-suleyman-tapinagi","tag-tevrat","tag-torah","tag-zazalar"],"_links":{"self":[{"href":"https:\/\/www.yolunezeli.com\/index.php?rest_route=\/wp\/v2\/posts\/4960","targetHints":{"allow":["GET"]}}],"collection":[{"href":"https:\/\/www.yolunezeli.com\/index.php?rest_route=\/wp\/v2\/posts"}],"about":[{"href":"https:\/\/www.yolunezeli.com\/index.php?rest_route=\/wp\/v2\/types\/post"}],"author":[{"embeddable":true,"href":"https:\/\/www.yolunezeli.com\/index.php?rest_route=\/wp\/v2\/users\/1"}],"replies":[{"embeddable":true,"href":"https:\/\/www.yolunezeli.com\/index.php?rest_route=%2Fwp%2Fv2%2Fcomments&post=4960"}],"version-history":[{"count":72,"href":"https:\/\/www.yolunezeli.com\/index.php?rest_route=\/wp\/v2\/posts\/4960\/revisions"}],"predecessor-version":[{"id":9423,"href":"https:\/\/www.yolunezeli.com\/index.php?rest_route=\/wp\/v2\/posts\/4960\/revisions\/9423"}],"wp:featuredmedia":[{"embeddable":true,"href":"https:\/\/www.yolunezeli.com\/index.php?rest_route=\/wp\/v2\/media\/4972"}],"wp:attachment":[{"href":"https:\/\/www.yolunezeli.com\/index.php?rest_route=%2Fwp%2Fv2%2Fmedia&parent=4960"}],"wp:term":[{"taxonomy":"category","embeddable":true,"href":"https:\/\/www.yolunezeli.com\/index.php?rest_route=%2Fwp%2Fv2%2Fcategories&post=4960"},{"taxonomy":"post_tag","embeddable":true,"href":"https:\/\/www.yolunezeli.com\/index.php?rest_route=%2Fwp%2Fv2%2Ftags&post=4960"}],"curies":[{"name":"wp","href":"https:\/\/api.w.org\/{rel}","templated":true}]}}