{"id":5282,"date":"2018-11-29T19:28:56","date_gmt":"2018-11-29T19:28:56","guid":{"rendered":"http:\/\/www.yolunezeli.com\/?p=5282"},"modified":"2024-03-31T09:53:59","modified_gmt":"2024-03-31T09:53:59","slug":"sumerhattihitithurri-ve-luviler-anadoluda-yasamaya-devam-ediyor","status":"publish","type":"post","link":"https:\/\/www.yolunezeli.com\/?p=5282","title":{"rendered":"K\u00dcRTLER\u0130N K\u00d6KEN\u0130 VE G\u00dcN\u00dcM\u00dcZ ANADOLU&#8217;SUNDA YA\u015eAYAN HATT\u0130-H\u0130T\u0130T-LUW\u0130 HURR\u0130 K\u00d6KENL\u0130 ALEV\u0130 BEKTA\u015e\u0130 HALKI"},"content":{"rendered":"<p><a href=\"http:\/\/www.yolunezeli.com\/wp-content\/uploads\/2018\/11\/IMG_2944.jpg\"><img loading=\"lazy\" decoding=\"async\" class=\" wp-image-5284\" src=\"http:\/\/www.yolunezeli.com\/wp-content\/uploads\/2018\/11\/IMG_2944.jpg\" alt=\"\" width=\"165\" height=\"220\" srcset=\"https:\/\/www.yolunezeli.com\/wp-content\/uploads\/2018\/11\/IMG_2944.jpg 2448w, https:\/\/www.yolunezeli.com\/wp-content\/uploads\/2018\/11\/IMG_2944-225x300.jpg 225w, https:\/\/www.yolunezeli.com\/wp-content\/uploads\/2018\/11\/IMG_2944-768x1024.jpg 768w\" sizes=\"auto, (max-width: 165px) 100vw, 165px\" \/><\/a><\/p>\n<p>Ekrem AKURGAL<\/p>\n<p><strong>ORD.PROF.DR .ARKEOLOG EKREM AKURGAL\u2019DAN K\u00dcRTLER\u0130N K\u00d6KEN\u0130\u00a0VE T\u00dcRK\u0130YEN\u0130N K\u00dcLT\u00dcR B\u00dcT\u00dcNL\u00dc\u011e\u00dc \u00dcZER\u0130NE G\u00d6R\u00dc\u015eLER<\/strong>,<\/p>\n<p>Kaynak :Hatti ve Hitit Uygarl\u0131klar\u0131\u00a0 \u0130SBN 975-95024-0-2 SYF ;75<\/p>\n<p><strong>Kemal SOYER\/Y.Mimar.29.11.2018<\/strong><\/p>\n<p>Akurgal&#8217;dan , &#8220;<em>\u0130.\u00d6 1200 lerde Anadolu&#8217;ya Balkanlardan g\u00f6\u00e7 eden Avrupa k\u00f6kenli boylardan bir b\u00f6l\u00fcm\u00fc, \u00f6rne\u011fin K\u00fcrtler ve Ermeniler Do\u011fu ve G\u00fcneydo\u011fu Anadolu&#8217;ya, genellikle Hurrilerin\u00a0 ve onlar\u0131n devam\u0131 olan Urartular\u0131n topraklar\u0131na yerle\u015ftiler<\/em>&#8220;<\/p>\n<p>Ermenilerin \u00f6zg\u00fcn ad\u0131 Paflagondur. Do\u011fu&#8217;da \u00f6zellikle K\u00fcrtler ve Aleviler aras\u0131nda\u00a0 bug\u00fcn dahi &#8220;Baf\u0131le&#8221; veya &#8220;F\u0131le&#8221; ad\u0131yla an\u0131l\u0131rlar. Balkanlardan gelen Paflagonlar \u00f6nceleri Kastamonu Ta\u015fk\u00f6pr\u00fc&#8217;n\u00fcn merkezi oldu\u011fu\u00a0 PAFLAGONYA&#8217;ya\u00a0 yerle\u015ftiler. Perslerin Yunan Seferi s\u00fcrecinde ordular\u0131nda asker olarak g\u00f6rev ald\u0131klar\u0131 \u0130ranl\u0131lar taraf\u0131ndan Urumiye G\u00f6l\u00fc&#8217;n\u00fcn\u00a0 \u00e7evresine g\u00f6\u00e7ertildiler. Urumiye G\u00f6l\u00fc \u00c7evresi\u00a0 Hitit ve Akadca\u00a0 ARMANU (Ay G\u00f6l\u00fc) ad\u0131yla an\u0131l\u0131yordu. Paflagonlar daha sonra yerle\u015ftikleri b\u00f6lgenin ARMANU ad\u0131yla Ermeni ad\u0131n\u0131 ald\u0131lar.<\/p>\n<p>G\u00fcn\u00fcm\u00fczde\u00a0 kadim Anadolu-Mezopotamya ve \u0130ran halklar\u0131yla kar\u0131\u015fm\u0131\u015f olan K\u00fcrtlerin Bacnavi denilen asli unsurlar\u0131 da Ermenilerle ayn\u0131 s\u00fcre\u00e7te\u00a0 Balkanlardan geldiler. K\u00fcrt Tarihi \u015eerefnamede de a\u00e7\u0131k\u00e7a belirtildi\u011fi gibi K\u00fcrtlerin as\u0131l ad\u0131 Bacnavi(Ba\u015fan) ve Boht topluluklar\u0131d\u0131r. Mezopotamya&#8217;ya yerle\u015fmeye \u00e7al\u0131\u015fan bu boylar Asur&#8217;un bask\u0131s\u0131yla \u0130ran&#8217;da Zagroslar\u0131n kuzeyindeki\u00a0 Manna \u00fclkesine yerle\u015ftiler. B\u00f6lgenin KUR MANNA\u00a0 ve Kirman\u015fah(K\u0131rma\u015fan)\u00a0 ad\u0131ndan kaynakl\u0131 olarak Kurman\u00e7 ad\u0131yla an\u0131lmaya ba\u015flad\u0131lar. K\u00fcrtler son kertede Siyasal \u0130slamla b\u00f6lgeye giren Araplarla kar\u0131\u015ft\u0131lar.K\u00fcrtlerin ya\u015fad\u0131klar\u0131 b\u00f6lgelerde\u00a0 de\u011fi\u015fik dillere sahip S\u00fcmer-Lulubi, Babil, Pers, Hatti, Hitit ,Asur ,Urartu ve Med gibi kadim halklar\u0131n bakiyeleri vard\u0131r.Bu topluluklar bulunduklar\u0131 topraklar\u0131n asli sahipleridir. \u00d6rne\u011fin Soranlar Asur-S\u00fcryani, Goranlar-Zaza Sasani ,Ezidiler Lulubi-Lolan k\u00f6kenlidirler. K\u00fcrtleri\u00a0 i\u00e7inde yer ald\u0131klar\u0131\u00a0 Anadolu K\u00fclt\u00fcr ve Uygarl\u0131klar\u0131ndan soyutlayan temel etmen\u00a0 Siyasal \u0130slamc\u0131 Arap k\u00fclt\u00fcr\u00fcd\u00fcr.Kurtlerin atalar\u0131n\u0131n Medler oldu\u011fu y\u00f6n\u00fcnde iddia ve g\u00f6r\u00fc\u015fler de vard\u0131r.Nitekim Medlerin bir b\u00f6l\u00fcm\u00fc ile Mitra, \u0130ndra ve Nasatya adl\u0131 tanrilariyla Mitannilerin Hint -Aryan gruplar\u0131ndan oldu\u011fu, \u0130ran, Pakistan ve Afganistan \u00fc\u00e7geninde ya\u015fayan Belucilerin de Medlerin bir kolu olan K\u00fcrtlerin yerle\u015fik bir boyu oldu\u011fu iddia edilmektedir.16.YY eseri oldu\u011fu belirtilen KURD GAL NAMAK adl\u0131 bir kitapta Belucilerin K\u00fcrt tarihine y\u00f6nelik\u00a0 \u00f6nemli bilgiler oldu\u011fu belirtilmektedir .<\/p>\n<p>\u0130.\u00d6.12 YY da Anadolu&#8217;ya giren \u00fc\u00e7\u00fcnc\u00fc bir halk ise Firiglerdir. Bunlar genel olarak \u0130\u00e7 Anadolu&#8217;ya yerle\u015ftiler.Bu her \u00fc\u00e7 halk\u0131n ba\u015flatt\u0131\u011f\u0131 g\u00f6\u00e7 ve sald\u0131r\u0131lar sonucu Hitit Alevi \u0130mparatorlu\u011fu\u00a0 y\u0131k\u0131ld\u0131.<\/p>\n<p><strong>K\u00fcrtlerin K\u00f6keni: <\/strong><\/p>\n<p>Akurgal, Anadolu Uygarl\u0131klar\u0131 \u2013Net Turistik Yay\u0131nlar A.\u015e. \u0130SBN 975-479-115-6 4.Bask\u0131 1993\u00a0 <strong>syf-629<\/strong><\/p>\n<p>\u201c<em>K\u00fcrtler t\u0131pk\u0131 Hintliler, \u0130ranl\u0131lar, Firigler, Ermeniler ,Hellenler ve Galatlar gibi tarihin de\u011fi\u015fik d\u00f6nemlerinde Asya ve Anadolu\u2019ya g\u00f6\u00e7 etmi\u015f Hind-Avrupa dili konu\u015fan halklardan biridir.K\u00fcrt\u00e7e bilen bir T\u00fcrk vatanda\u015f\u0131na\u00a0 on be\u015f yirmi T\u00fcrk\u00e7e s\u00f6zc\u00fc\u011f\u00fcn K\u00fcrt\u00e7esini sorunuz. Dil bilimci olman\u0131za gerek yok, bildi\u011finiz \u0130ngilizce ya da Almanca\u00a0 veya Frans\u0131zca\u00a0 yard\u0131m\u0131yla g\u00f6receksiniz ki K\u00fcrt\u00e7e Hint Avrupa dillerinin bir t\u00fcr\u00fcd\u00fcr.<\/em><\/p>\n<p><em>Hi\u00e7 \u015f\u00fcphe yok ki,K\u00fcrtler fiziksel yap\u0131 , fizyonomi, yani beden ve y\u00fcz g\u00f6r\u00fcn\u00fcm\u00fc bak\u0131m\u0131ndan da kendilerine \u00f6z bir tip olu\u015ftururlar.Asl\u0131nda bir Hind-Avrupa dili konu\u015ftuklar\u0131na g\u00f6re onlar\u0131n ayn\u0131 dil grubundan olan Slavlar,Germenler ve Anglosaksonlar gibi a\u00e7\u0131k renkli ve mavi g\u00f6zl\u00fc olmalar\u0131 beklenirdi. Ancak onlar da bu antropolojik\u00a0 tiplerini Anadolu T\u00fcrkleri gibi bu \u00fclkede eski \u00e7a\u011flarda ya\u015fam\u0131\u015f olan Hattilere, Hurrilere, Urartulara ve daha bir \u00e7ok kavme bor\u00e7ludurlar.K\u00fcrtler ger\u00e7ekten M.\u00d6 13.YY.la ait M\u0131s\u0131r topraklar\u0131nda tasvirlerini g\u00f6rd\u00fc\u011f\u00fcm\u00fcz\u00a0 Hatti askerlerine \u00e7ok benzerler.Bununla birlikte Do\u011fu Anadolulu olup hi\u00e7 K\u00fcrt\u00e7e bilmeyen\u00a0 ve Orta Asya\u2019dan g\u00f6\u00e7 etmi\u015f\u00a0 d\u00fczinelerle T\u00fcrk boylar\u0131 aras\u0131nda da ayn\u0131 etnik tipe bollukla rastland\u0131\u011f\u0131n\u0131 belirtmekte yarar vard\u0131r.\u00c7\u00fcnk\u00fc T\u00fcrkler Anadolu\u2019ya geldikten sonra aradan ge\u00e7en bin y\u0131la yak\u0131n zaman i\u00e7inde bu \u00fclkenin eski halklar\u0131yla kar\u0131\u015fm\u0131\u015flard\u0131r.B\u00f6ylece T\u00fcrkler ve K\u00fcrtler ayn\u0131 halk topluluklar\u0131n\u0131n torunlar\u0131 ya da karde\u015f \u00e7ocuklar\u0131 olmu\u015flard\u0131r\u201d<\/em><\/p>\n<p><strong>K\u00fcrt K\u00fclt\u00fcr\u00fc:<\/strong><\/p>\n<p><strong>\u201c<\/strong><em>Hind-Avrupal\u0131 olmalar\u0131na ve \u00f6zel bir etnik tip g\u00f6stermelerine kar\u015f\u0131n\u00a0 K\u00fcrtler kesin anlam\u0131 ile b\u00fct\u00fcn Anadolu\u2019ya \u00f6z olan k\u00fclt\u00fcr\u00fcn i\u00e7inde yer al\u0131rlar.\u00d6rne\u011fin Yunus Emre ,Fuzuli, Pir Sultan Abdal, Karacao\u011flan ve A\u015f\u0131k Veysel, T\u00fcrklere oldu\u011fu kadar K\u00fcrtlere de mal olmu\u015f Ozanlard\u0131r<\/em><strong>\u201d <\/strong><\/p>\n<p><strong>\u00a0Yunus,Pir Sultan,Karacao\u011flan,A\u015f\u0131k Veysel gibi Ozanlar ve Anadolu Ozanl\u0131k gelene\u011fi K\u00fcrt ve T\u00fcrk yarat\u0131s\u0131 olmad\u0131\u011f\u0131na g\u00f6re Akurgal\u2019a g\u00f6re b\u00fct\u00fcn Anadolu\u2019ya \u00f6z olan K\u00fclt\u00fcr\u00a0 S\u00fcmer, Hatti,Hitit,Luvi ve Hurri k\u00f6kenli \u201dAnadolu Alevili\u011fi&#8221;dir.\u00a0<\/strong><\/p>\n<p><strong>HATT\u0130LER K\u0130MD\u0130R; syf. 285-286<\/strong><\/p>\n<p><em>\u201cHattiler Hind-Avrupa\u00a0 ya da Sami dillerle ili\u015fkisi olmayan\u00a0 kendilerine \u00f6z bir dil konu\u015fuyorlard\u0131 ve b\u00fct\u00fcn g\u00f6r\u00fcnt\u00fclere g\u00f6re yerli bir Anadolu kavmiydiler.\u00c7ok y\u00fcksek bir uygarl\u0131k d\u00fczeyinde olduklar\u0131 i\u00e7in i.\u00d6.2000 de Anadolu&#8217;ya gelen(<\/em>\u015fimdilerde bu g\u00f6r\u00fc\u015f de\u011fi\u015fti.Hititlerin Hattilerin devam\u0131 olarak kendilerini Kane\u015f\u2019li (Ne\u015faumnili) yani Kayseri- K\u00fcltepe&#8217;li olarak belirttikleri ortaya \u00e7\u0131kt\u0131<em>). Hititleri b\u00fcy\u00fck \u00e7apta etkilediler. \u00d6yle ki; Hititler\u00a0 din ve mitoloji konular\u0131nda dahi \u00f6nemli \u00f6l\u00e7\u00fcde Hattilerden esinlenmi\u015flerdir\u201d <\/em><\/p>\n<p><strong>H\u0130T\u0130TLER G\u00dcN\u00dcM\u00dcZ ANADOLU&#8217;SUNDA YA\u015eIYOR MU?\u00a0\u00a0<\/strong><\/p>\n<p><em>\u201cHititlerin T\u00fcrk olmad\u0131klar\u0131 ku\u015fkusuzdur.<strong>Ancak Anadolu\u2019nun bir\u00e7ok y\u00f6relerinde\u00a0 kat\u0131ks\u0131z diyebilece\u011fimiz Hititler \u00a0bug\u00fcn dahi ya\u015famaktad\u0131rlar. <\/strong>Bug\u00fcnk\u00fc T\u00fcrk ulusu\u00a0 eski Anadolu\u2019da ya\u015fam\u0131\u015f kavimlerle T\u00fcrklerin kayna\u015fmas\u0131ndan\u00a0 ortaya \u00e7\u0131km\u0131\u015ft\u0131r.Bir ba\u015fka deyi\u015fle T\u00fcrkiye T\u00fcrkleri ,canlar\u0131 kanlar\u0131yla Anadoluludurlar. Hattiler ve onlar \u00f6l\u00e7\u00fcs\u00fcnde Hititler\u00a0 bizim atalar\u0131m\u0131z, biz de onlar\u0131n torunlar\u0131y\u0131z. B\u00f6ylece \u0131rk bak\u0131m\u0131ndan bile ba\u011fl\u0131 oldu\u011fumuz\u00a0 eski Anadolu topluluklar\u0131n\u0131n her \u00e7e\u015fit kal\u0131nt\u0131s\u0131 bizim k\u00fclt\u00fcr miras\u0131m\u0131zd\u0131r\u201d <\/em><\/p>\n<p>(Peki Anadolu&#8217;da kat\u0131ks\u0131z olarak ya\u015fayan Hititler kimlerdir ve neredeler,\u00a0 yaz\u0131n\u0131n sonunda a\u00e7\u0131klad\u0131k)<\/p>\n<p><strong>\u00a0<\/strong><strong>ANADOLU VE HELLEN K\u00dcLT\u00dcR\u00dc syf 627<\/strong><\/p>\n<p>\u201c<em>D\u00fcnyada hi\u00e7bir uygarl\u0131k ,hi\u00e7bir k\u00fclt\u00fcr g\u00f6kten zembille inmemi\u015ftir. Hi\u00e7biri \u00e7evresinden ve ge\u00e7mi\u015finden kopamaz. D\u00fcnya&#8217;n\u0131n en b\u00fcy\u00fck sanat\u0131 Yunan sanat\u0131d\u0131r ,kopamam\u0131\u015ft\u0131r,<strong>Yunan sanat\u0131 oranlan\u0131rsa y\u00fczde yetmi\u015f Do\u011fu\u2019dan etkilenmi\u015ftir.Yunanl\u0131lar\u0131n alfabeleri, felsefeleri, mitolojileri ve hatta dinleri Hitit ve Fenike etkisinde geli\u015fmi\u015ftir<\/strong>. Milletli Thales\u2019in M\u0131s\u0131rdan Mezopotamya&#8217;dan yararland\u0131\u011f\u0131n\u0131 biliyoruz\u201d<\/em><\/p>\n<p><strong>\u00a0<\/strong><strong>ORD.PROF DR. H\u0130T\u0130TOLOG SEDAT ALP:<\/strong><\/p>\n<p><em><strong>T\u00fcrk Halk Ozanlar\u0131n\u0131n Saz\u0131n\u0131n K\u00f6keni Hitit Saz\u0131. Anadolu ozanlar\u0131n\u0131n \u00e7ald\u0131\u011f\u0131 saz Hitit saz\u0131na \u00e7ok benzemektedir<\/strong>. ( Hitit G\u00dcNE\u015e\u0130\u00a0 -T\u00fcbitak Yay\u0131nlar\u0131 2002 Syf ;70)<\/em><\/p>\n<p><em>B\u00fct\u00fcn Mezopotamya k\u00fclt\u00fcrlerinin yarat\u0131c\u0131s\u0131 olan S\u00fcmerler\u00a0 eski Anadolu k\u00fclt\u00fcrlerini bu arada da Hitit k\u00fclt\u00fcr\u00fcn\u00fc \u00e7ok etkilemi\u015flerdir. T\u00fcrk olarak eski Anadolu\u00a0 k\u00fclt\u00fcrlerinin varisi oldu\u011fumuz i\u00e7in gururluyuz\u2026 Hititler T\u00fcrk de\u011filse de T\u00fcrkler kan ve k\u00fclt\u00fcr bak\u0131m\u0131ndan Hitit uygarl\u0131\u011f\u0131 ile eski Anadolu uygarl\u0131klar\u0131n\u0131n\u00a0 en do\u011fal miras\u00e7\u0131lar\u0131d\u0131r. (Hitit G\u00dcNE\u015e\u0130\u00a0 -T\u00fcbitak Yay\u0131nlar\u0131 2002 .Syf ;<\/em>66)<\/p>\n<p>&#8220;Daha \u00f6nceki kitaplar\u0131nda Hitit sazlar\u0131na Lavta diyen Sedat Alp,1998 de K\u00fclt\u00fcrlerin Belle\u011fi Anadolu Afi\u015fiyle Hititlerin \u00e7ald\u0131\u011f\u0131 saz\u0131n ba\u011flama oldu\u011funu a\u00e7\u0131klamam \u00fczerine ger\u00e7e\u011fi a\u00e7\u0131klamak zorunda kalm\u0131\u015ft\u0131r.Konu sadece ba\u011flamayla kalmam\u0131\u015f, devletin inkar etti\u011fi Ozanl\u0131k gelene\u011finin de S\u00fcmerlere k\u00f6k s\u00fcrd\u00fc\u011f\u00fc a\u00e7\u0131\u011fa \u00e7\u0131kar\u0131lm\u0131\u015ft\u0131r . Bu afi\u015f yay\u0131nlan\u0131ncaya dek Alevilik ad\u0131na\u00a0 yaz\u0131p \u00e7izenlerin Alevilerin S\u00fcmer-Hatti,Hitit ve Hurrili halk olduklar\u0131 ve Alevi Deyi\u015flerinin bu d\u00f6nemlere k\u00f6k s\u00fcrd\u00fc\u011f\u00fc bilinmiyordu. Afi\u015fin ard\u0131ndan\u00a0 kitap yazanlar da benim a\u00e7\u0131\u011fa \u00e7\u0131kartt\u0131\u011f\u0131m\u00a0 ger\u00e7eklerden asla bahsetmediler ve onlar da emeklerime konup beni inkar ettiler.<\/p>\n<p><strong>Seton Lloyd-\u0130NG\u0130L\u0130Z ARKEOLOJ\u0130 ENST\u0130T\u00dcS\u00dc ESK\u0130 BA\u015eKANI <\/strong><\/p>\n<p>\u201c<em>Her \u015feyden \u00f6nce ,bug\u00fcn tam olarak kimlere \u201cHititler\u201d hangi dile Hitit Dili dendi\u011fini a\u00e7\u0131kl\u0131\u011fa kavu\u015fturmadan Hitit Tarihini \u00f6zetlemeye giri\u015fmenin yanl\u0131\u015f olaca\u011f\u0131 kan\u0131s\u0131nday\u0131m.B\u00f6yle yap\u0131nca da kar\u015f\u0131la\u015f\u0131lan birinci sorun \u201c<strong>Hitit \u201cad\u0131na hi\u00e7bir Anadolu halk\u0131n\u0131n\u00a0 sahip \u00e7\u0131kmam\u0131\u015f olmas\u0131d\u0131r<\/strong><\/em>\u201d der.(<em>T\u00fcrkiye&#8217;nin Tarihi-T\u00fcbitak\u00a0 Pop\u00fcler Bilim Kitaplar\u0131 1997.Syf:25<\/em>)<\/p>\n<p><strong>Seton Lloyd<\/strong> b\u00f6yle bir iddiada bulunsa da, ne yerli ne de yabanc\u0131 bilim adamlar\u0131 Bat\u0131n\u0131n tasar\u0131m\u0131yla T\u00fcrkiye&#8217;de uygulanan J\u00f6nt\u00fcrk-\u0130slamc\u0131 K\u00fclt\u00fcr politikalar\u0131 temelinde\u00a0 Alevilerle Hititler veya S\u00fcmerler aras\u0131nda bilin\u00e7li olarak herhangi bir ba\u011f kurmam\u0131\u015f, T\u00fcrkiye Cumhuriyet&#8217;nin kurulu\u015funda Anadolu&#8217;da ya\u015fayan Hitit ve S\u00fcmer halk\u0131 Eti -S\u00fcmer T\u00fcrkleri ad\u0131yla asimile edilmek istenmi\u015f, Almanlar ise Hellenler \u00fczerinden Hititlerin varisi olmaya \u00e7al\u0131\u015fm\u0131\u015flard\u0131r. T\u00fcrkiyede \u00e7al\u0131\u015fan bat\u0131l\u0131 bilim adamlar\u0131 siyasi ama\u00e7la \u00e7ivi yaz\u0131l\u0131 belgelerde\u00a0 Anadolu&#8217;ya ad\u0131n\u0131 veren Tanr\u0131 HADADA&#8217;dan kaynakl\u0131\u00a0 H\u00dcDA &#8211; H\u00dcDADA \u015feklindeki Halk ad\u0131n\u0131 H\u0130T\u0130T formunda yay\u0131nlam\u0131\u015f, b\u00f6ylece yerli halklar\u0131n bu tanr\u0131n\u0131n\u00a0 ad\u0131 ve Anadolu Uygarl\u0131klar\u0131yla\u00a0 ba\u011f kurmas\u0131\u00a0 engellenmi\u015ftir.<\/p>\n<p><strong>Tarihi ger\u00e7ek \u015fudur:<\/strong> \u00a0Hatti ve Hitit ad\u0131 S\u00fcmer F\u0131rt\u0131na Tanr\u0131s\u0131 Enlil\u2019in o\u011flu ve Anadolu \u00fclke Tanr\u0131s\u0131 olan HADAD \u2018dan kaynakl\u0131d\u0131r. HADAD ad\u0131 HATT\u0130 ve\u00a0 H\u0130T\u0130T olarak okunmu\u015ftur.Bu ger\u00e7ek taraf\u0131m\u0131zdan a\u00e7\u0131kl\u0131\u011fa kavu\u015fturulmu\u015f, Bat\u0131n\u0131n Hititlerin Avrupa&#8217;dan geldi\u011fi ,J\u00f6nt\u00fcrklerinse\u00a0 Hititlerin T\u00fcrk oldu\u011fu iddialar\u0131 tarihin \u00e7\u00f6pl\u00fc\u011f\u00fcne at\u0131lm\u0131\u015ft\u0131r.Yerli halklar\u0131n\u00a0 Hatti ,S\u00fcmer, Luvi, Hurri ve Hititlerin\u00a0 Anadolu&#8217;nun\u00a0 yerlisi akraba Alevi halklar olduklar\u0131n\u0131 kavramas\u0131yla da\u00a0 Avrupa&#8217;n\u0131n ortaya att\u0131\u011f\u0131 H\u0130ND-AVRUPA yani yeniden B\u00fcy\u00fck \u0130skender \u0130mparatorlu\u011fu r\u00fcyas\u0131 veya g\u00fcn\u00fcm\u00fczdeki \u201cB\u00fcy\u00fck Ortado\u011fu Projesi\u201d\u00a0 tasar\u0131m\u0131 tarihsel zeminini kaybedip \u00e7\u00f6kecektir. \u00c7\u00fcnk\u00fc H\u0130ND AVRUPA tezi B\u00fcy\u00fck \u0130skender&#8217;in at\u0131n\u0131n nal\u0131n\u0131n de\u011fdi\u011fi Hindistan&#8217;a kadar uzanan topraklar\u0131 Avrupal\u0131lar\u0131n topra\u011f\u0131 olarak kabul etmektedir.<\/p>\n<p>Anadolu\u2019ya Hatti ad\u0131 veren Tanr\u0131 HADAD ad\u0131 ,k\u0131saca H\u00dcDA ,HADA, XWEDA, H\u00dcDEYDA, HA-H\u00dc (Ger\u00e7e\u011fe H\u00dc ), HADEDE ,DEDE ,Adad,Ad ve \u015eah Edebali gibi formlarda ya\u015famaktad\u0131r. S\u00fcmerler-Lulubiler, Hatti,Hitit ve Huriler g\u00fcn\u00fcm\u00fcz Anadolusunda ya\u015famaya devam ediyorlar. Halk ad\u0131 olarak Hatti ve Hitit ad\u0131, g\u00fcn\u00fcm\u00fczde\u00a0 Sivas, Erzincan ,Tunceli, Bing\u00f6l, Varto, H\u0131n\u0131s\u00a0 vb.\u00a0 DERS\u0130M Co\u011frafyas\u0131nda\u00a0 Lolki- Zazaca konu\u015fan Alevilerin\u00a0 XIDA -LOLA (Hatti-Lulubi\/Lolan) ve\u00a0 XIDIJA(Hitit-Hattu\u015fa)\u00a0 a\u015firet adlar\u0131yla ya\u015famaktad\u0131r. \u0130ranl\u0131lar ve K\u00fcrtler Tanr\u0131ya Allah de\u011fil, XODA ve XWEDA ,Aleviler HAKK ve H\u00dcDA demektedirler.<\/p>\n<p>Hititler D\u00f6neminde yo\u011fun olarak Hatay ve \u00c7ukurova&#8217;da ya\u015fayan Hurri&#8217;lerin bakiyeleri g\u00fcn\u00fcm\u00fczdeki XORMEK&#8217;lerdir. HURR\u0130 Halk ad\u0131, Hatay\u2019\u0131n\u00a0 Hatti, MUK\u0130S ve MA\u015eUKLAR adlar\u0131yla birle\u015fik olarak HURR\u0130MUK\u0130S&#8217;ten\u00a0 XORMECIK formuna girmi\u015ftir. Hurriler g\u00fcn\u00fcm\u00fczde Hatay ve\u00a0 Dersimde Lolanl\u0131larla i\u00e7 i\u00e7e ya\u015famaktad\u0131r.<\/p>\n<p>S\u00dcMER halk ad\u0131 DUMULU- LULU\u2019 dur.S\u00fcmer halk\u0131n\u0131n kal\u0131t\u0131 S\u00fcmerce LULU k\u00f6kenli Lolan ,D\u0131m\u0131li ve Zaza\u00a0 Halk\u0131d\u0131r.<\/p>\n<p><strong>SONU\u00c7: <\/strong>Anadolu&#8217;ya sonradan geldikleri bilinen halklar\u0131n Alevileri T\u00fcrkle\u015ftirme, K\u00fcrtle\u015ftirme ve Arapla\u015ft\u0131rma faaliyetleri kapsam\u0131nda ortaya att\u0131klar\u0131\u00a0 \u00a0Alevi-Bekta\u015filerin kendine has bir halk ve millet olmay\u0131p\u00a0 T\u00fcrk veya K\u00fcrt olduklar\u0131 y\u00f6n\u00fcndeki iddialar tamamen as\u0131ls\u0131z ve\u00a0 ger\u00e7ek d\u0131\u015f\u0131d\u0131r. Bilimsel Tarih ,Anadolu Mezopotamya&#8217;daki binlerce y\u0131ll\u0131k Alevi K\u00fclt\u00fcr Miras\u0131 ve \u00e7ivi yaz\u0131l\u0131 kaynaklar bu iddialar\u0131 yalanlamaktad\u0131r. Prof. Ekrem Akurgal ve Prof. Sedat Alp&#8217;in de a\u00e7\u0131k\u00e7a belirttikleri gibi , Aleviler Anadolu-Mezopotamya topraklar\u0131n\u0131n asli sahibi halklard\u0131r. M.Kemalin Hitit ve S\u00fcmerleri Orta Asyal\u0131 T\u00fcrk \u0130lan eden Tarih tezini g\u00fc\u00e7lendirmeleri i\u00e7in\u00a0 bizzat Avrupa&#8217;ya g\u00f6nderip e\u011fitti\u011fi bu iki bilim insan\u0131 dahi, onun tezini reddetmi\u015f, ,tersine Alevi-Bekta\u015filerin T\u00fcrk ve K\u00fcrt olmayan Anadolu&#8217;nun yerli halk\u0131 oldu\u011funu\u00a0 a\u00e7\u0131klam\u0131\u015flard\u0131r. Yine ayn\u0131 bilim adamlar\u0131n\u0131n da ifade ettikleri gibi Alevilik \u0130slam\u0131n mezhebi de\u011fil, Anadolu uygarl\u0131klar\u0131n\u0131n evrensel \u00f6l\u00e7ekte yaratt\u0131klar\u0131 binlerce y\u0131ll\u0131k k\u00fclt\u00fcr ve uygarl\u0131k birikimidir. Dolay\u0131s\u0131yla Anadolu halk\u0131n\u0131n, Alevilerin, K\u00fcrtlerin, T\u00fcrklerin ve \u0130ranl\u0131lar\u0131n\u00a0 \u0131rksal yap\u0131la\u015fmalar\u0131 terk edip m\u00fcspet bilimin gere\u011fi, Alevi-Bekta\u015fi k\u00fclt\u00fcr ve uygarl\u0131k miras\u0131n\u0131n\u00a0 rehberli\u011finde k\u00fclt\u00fcrel\u00a0 k\u00f6kleri G\u00f6beklitepe&#8217;ye ve S\u00fcmerlere\u00a0 uzanan Anadolu Alevili\u011fini esas alan bir k\u00fclt\u00fcrel yap\u0131la\u015fma i\u00e7inde yer almalar\u0131 gerekiyor. Alevi halk\u0131\u00a0 K\u00fcrtler ve Ermenilerle \u00fc\u00e7 bin y\u0131ld\u0131r,Orta Asya&#8217;dan gelip Anadolu&#8217;da T\u00fcrk \u0130smini alan Sel\u00e7uklular ve ard\u0131llar\u0131yla da bin y\u0131ld\u0131r birlikte ya\u015famaya devam ediyor . Kadimden ortak Ana vatan \u00fczerinde evrensel \u00f6l\u00e7ekte k\u00fclt\u00fcrel de\u011ferler olu\u015fturan binlerce y\u0131ll\u0131k yerli k\u00fclt\u00fcr ve inan\u00e7lara konu Alevilik gibi k\u00fclt\u00fcrel bir \u00fcst kimlikle &#8220;Varl\u0131\u011f\u0131n Birli\u011fi &#8220;temelinde k\u00fclt\u00fcrel \u00f6z\u00fcm\u00fcze d\u00f6n\u00fcp, e\u015fit insan haklar\u0131na dayal\u0131 demokratik ve Hak\u00e7a bir d\u00fczen i\u00e7inde varl\u0131\u011f\u0131m\u0131z\u0131, birli\u011fimizi koruyup ya\u015fatmak zorunday\u0131z. Dili dini ne olursa olsun Anadolu -Mezopotamya halklar\u0131\u00a0 ABD-AB &#8216;ye \u00f6yk\u00fcnmeden Anadolu Uygarl\u0131klar\u0131na dayal\u0131 \u00e7a\u011fda\u015f bir uygarl\u0131k yaratma kabiliyetine sahiptirler.<\/p>\n<p>VARLI\u011eIMIZI, B\u0130RL\u0130\u011e\u0130M\u0130Z\u0130\u00a0 VE D\u0130RL\u0130\u011e\u0130M\u0130Z\u0130 BOZAN TEMEL ETMENLER, K\u00dcRESEL G\u00dc\u00c7LER\u0130N KULLANDIKLARI K\u00d6KTEND\u0130NC\u0130\u00a0 IRK\u00c7I K\u00dcLT\u00dcRD\u00dcR.<\/p>\n<p>ANADOLU HALKI ANCAK BU TOPRA\u011eIN ASL\u0130 K\u00dcLT\u00dcR\u00dc OLAN ANADOLU ALEV\u0130\u00a0 \u00d6Z\u00dcNE D\u00d6ND\u00dc\u011e\u00dcNDE, D\u0130N YER\u0130NE B\u0130L\u0130ME SARILDI\u011eINDA \u00d6ZG\u00dcRLE\u015eECEKT\u0130R.<\/p>\n<p>KARANLI\u011eA I\u015eIK TUTANLARA NE MUTLU.<\/p>\n<p>B\u0130R, \u0130R\u0130 VE D\u0130R\u0130 OLALIM,<\/p>\n<p>B\u0130L\u0130MDEN G\u0130D\u0130LMEYEN YOLUN SONU KARANLIKTIR.<\/p>\n<p>H\u00dcNKAR HACI BEKTA\u015e-I VEL\u0130<\/p>\n\n\n\n\n\n\n\n\n\n\n\n\n\n\n\n\n\n\n\n\n\n\n\n\n\n\n\n\n\n\n\n\n\n\n\n\n\n\n\n\n\n\n\n\n\n\n\n\n\n\n\n\n\n\n\n\n\n\n\n\n<figure class=\"wp-block-gallery has-nested-images columns-default is-cropped wp-block-gallery-1 is-layout-flex wp-block-gallery-is-layout-flex\"><\/figure>\n\n\n\n<figure class=\"wp-block-gallery has-nested-images columns-default is-cropped wp-block-gallery-2 is-layout-flex wp-block-gallery-is-layout-flex\"><\/figure>\n\n\n\n<figure class=\"wp-block-gallery has-nested-images columns-default is-cropped wp-block-gallery-3 is-layout-flex wp-block-gallery-is-layout-flex\"><\/figure>\n\n\n\n\n\n\n\n\n\n\n\n\n\n\n\n<figure class=\"wp-block-gallery has-nested-images columns-default is-cropped wp-block-gallery-4 is-layout-flex wp-block-gallery-is-layout-flex\"><\/figure>\n\n\n\n<figure class=\"wp-block-gallery has-nested-images columns-default is-cropped wp-block-gallery-5 is-layout-flex wp-block-gallery-is-layout-flex\"><\/figure>\n\n\n\n<figure class=\"wp-block-gallery has-nested-images columns-default is-cropped wp-block-gallery-6 is-layout-flex wp-block-gallery-is-layout-flex\"><\/figure>\n\n\n\n<figure class=\"wp-block-gallery has-nested-images columns-default is-cropped wp-block-gallery-7 is-layout-flex wp-block-gallery-is-layout-flex\"><\/figure>\n\n\n\n<figure class=\"wp-block-gallery has-nested-images columns-default is-cropped wp-block-gallery-8 is-layout-flex wp-block-gallery-is-layout-flex\"><\/figure>\n\n\n\n<figure class=\"wp-block-gallery has-nested-images columns-default is-cropped wp-block-gallery-9 is-layout-flex wp-block-gallery-is-layout-flex\"><\/figure>\n\n\n\n<figure class=\"wp-block-gallery has-nested-images columns-default is-cropped wp-block-gallery-10 is-layout-flex wp-block-gallery-is-layout-flex\"><\/figure>\n\n\n\n<figure class=\"wp-block-gallery has-nested-images columns-default is-cropped wp-block-gallery-11 is-layout-flex wp-block-gallery-is-layout-flex\"><\/figure>\n\n\n\n<figure class=\"wp-block-gallery has-nested-images columns-default is-cropped wp-block-gallery-12 is-layout-flex wp-block-gallery-is-layout-flex\"><\/figure>\n\n\n\n<figure class=\"wp-block-gallery has-nested-images columns-default is-cropped wp-block-gallery-13 is-layout-flex wp-block-gallery-is-layout-flex\"><\/figure>\n","protected":false},"excerpt":{"rendered":"<p>Ekrem AKURGAL ORD.PROF.DR .ARKEOLOG EKREM AKURGAL\u2019DAN K\u00dcRTLER\u0130N K\u00d6KEN\u0130\u00a0VE T\u00dcRK\u0130YEN\u0130N K\u00dcLT\u00dcR B\u00dcT\u00dcNL\u00dc\u011e\u00dc \u00dcZER\u0130NE G\u00d6R\u00dc\u015eLER, Kaynak :Hatti ve Hitit Uygarl\u0131klar\u0131\u00a0 \u0130SBN 975-95024-0-2 SYF ;75 Kemal SOYER\/Y.Mimar.29.11.2018 Akurgal&#8217;dan , &#8220;\u0130.\u00d6 1200 lerde Anadolu&#8217;ya [&hellip;]<\/p>\n","protected":false},"author":1,"featured_media":5284,"comment_status":"open","ping_status":"open","sticky":false,"template":"","format":"standard","meta":{"_kadence_starter_templates_imported_post":false,"footnotes":""},"categories":[1],"tags":[11,185,3,4,9,5,448],"class_list":["post-5282","post","type-post","status-publish","format-standard","has-post-thumbnail","hentry","category-genel","tag-alevi-devletleri","tag-alevilerin-etnik-kokeni","tag-anadolu-aleviligi","tag-bektasilik","tag-hatti-gunesi","tag-hititler-ve-alevilik","tag-kurtlerin-kokeni"],"_links":{"self":[{"href":"https:\/\/www.yolunezeli.com\/index.php?rest_route=\/wp\/v2\/posts\/5282","targetHints":{"allow":["GET"]}}],"collection":[{"href":"https:\/\/www.yolunezeli.com\/index.php?rest_route=\/wp\/v2\/posts"}],"about":[{"href":"https:\/\/www.yolunezeli.com\/index.php?rest_route=\/wp\/v2\/types\/post"}],"author":[{"embeddable":true,"href":"https:\/\/www.yolunezeli.com\/index.php?rest_route=\/wp\/v2\/users\/1"}],"replies":[{"embeddable":true,"href":"https:\/\/www.yolunezeli.com\/index.php?rest_route=%2Fwp%2Fv2%2Fcomments&post=5282"}],"version-history":[{"count":86,"href":"https:\/\/www.yolunezeli.com\/index.php?rest_route=\/wp\/v2\/posts\/5282\/revisions"}],"predecessor-version":[{"id":9650,"href":"https:\/\/www.yolunezeli.com\/index.php?rest_route=\/wp\/v2\/posts\/5282\/revisions\/9650"}],"wp:featuredmedia":[{"embeddable":true,"href":"https:\/\/www.yolunezeli.com\/index.php?rest_route=\/wp\/v2\/media\/5284"}],"wp:attachment":[{"href":"https:\/\/www.yolunezeli.com\/index.php?rest_route=%2Fwp%2Fv2%2Fmedia&parent=5282"}],"wp:term":[{"taxonomy":"category","embeddable":true,"href":"https:\/\/www.yolunezeli.com\/index.php?rest_route=%2Fwp%2Fv2%2Fcategories&post=5282"},{"taxonomy":"post_tag","embeddable":true,"href":"https:\/\/www.yolunezeli.com\/index.php?rest_route=%2Fwp%2Fv2%2Ftags&post=5282"}],"curies":[{"name":"wp","href":"https:\/\/api.w.org\/{rel}","templated":true}]}}