{"id":6356,"date":"2019-07-01T17:37:04","date_gmt":"2019-07-01T17:37:04","guid":{"rendered":"http:\/\/www.yolunezeli.com\/?p=6356"},"modified":"2023-03-24T00:10:09","modified_gmt":"2023-03-24T00:10:09","slug":"80-darbesi-sonrasinda-alevi-hareketi-ve-sivas-katliami","status":"publish","type":"post","link":"https:\/\/www.yolunezeli.com\/?p=6356","title":{"rendered":"80 DARBES\u0130 SONRASINDA ALEV\u0130 HAREKET\u0130 ve \u00a0S\u0130VAS KATL\u0130AMI"},"content":{"rendered":"<p>80 DARBES\u0130 SONRASINDA ALEV\u0130 HAREKET\u0130\u00a0 ve S\u0130VAS KATL\u0130AMI<\/p>\n<p>Kemal Soyer\/ Y.Mimar<\/p>\n<figure id=\"attachment_6359\" aria-describedby=\"caption-attachment-6359\" style=\"width: 3163px\" class=\"wp-caption alignnone\"><a href=\"http:\/\/www.yolunezeli.com\/wp-content\/uploads\/2019\/07\/IMG_E3557.jpg\"><img loading=\"lazy\" decoding=\"async\" class=\"size-full wp-image-6359\" src=\"http:\/\/www.yolunezeli.com\/wp-content\/uploads\/2019\/07\/IMG_E3557.jpg\" alt=\"\" width=\"3163\" height=\"2258\" srcset=\"https:\/\/www.yolunezeli.com\/wp-content\/uploads\/2019\/07\/IMG_E3557.jpg 3163w, https:\/\/www.yolunezeli.com\/wp-content\/uploads\/2019\/07\/IMG_E3557-300x214.jpg 300w, https:\/\/www.yolunezeli.com\/wp-content\/uploads\/2019\/07\/IMG_E3557-768x548.jpg 768w, https:\/\/www.yolunezeli.com\/wp-content\/uploads\/2019\/07\/IMG_E3557-1024x731.jpg 1024w, https:\/\/www.yolunezeli.com\/wp-content\/uploads\/2019\/07\/IMG_E3557-82x60.jpg 82w\" sizes=\"auto, (max-width: 3163px) 100vw, 3163px\" \/><\/a><figcaption id=\"caption-attachment-6359\" class=\"wp-caption-text\">Kemal SOYER ve Pir Sultan 1993- Katliamdan bir g\u00fcn \u00f6nce ,<\/figcaption><\/figure>\n<p>Anadolu Alevili\u011fi ,G\u00f6beklitepe&#8217;den g\u00fcn\u00fcm\u00fcze Anadolu&#8217;ya \u00f6zg\u00fc uygarl\u0131klar yaratan kadim bir k\u00fclt\u00fcr ve uygarl\u0131k birikimidir. S\u00fcmer, Hatti, Hitit ve Hurri gibi b\u00fcy\u00fck uygarl\u0131klar\u0131 yaratan Alevi-Bekta\u015fi Halklar\u00a0 Musevi-\u0130sevi ve \u0130slam dinlerinin etkileriyle ana vatanlar\u0131 Anadolu\u2019da s\u00fcrekli olarak i\u015fgal, katliam ve s\u00fcrg\u00fcnlere maruz kald\u0131lar. Sel\u00e7uklular\u0131n Anadolu\u2019ya girmesiyle birlikte giderek kurumla\u015fmaya ba\u015flayan Siyasal \u0130slamc\u0131 g\u00fc\u00e7ler 1240\u2019da K\u00fcrt ve Bizans g\u00fc\u00e7leriyle ortakla\u015farak K\u0131r\u015fehir-Malya\u2019da,1516 \u00c7ald\u0131ran Sava\u015f\u0131yla birlikte \u00fclke genelinde Alevi katliamlar\u0131 ger\u00e7ekle\u015ftirdiler. Yavuz ile K\u00fcrt \u0130dris-i Bitlisinin organize ettikleri yakla\u015f\u0131k 400 Y\u0131l s\u00fcren Osmanl\u0131-K\u00fcrt Derebeyleri Ortak\u00a0 Y\u00f6netimi boyunca s\u00fcreklilik kazanan kitlesel katliam ve asimilasyonlar Osmanl\u0131&#8217;n\u0131n y\u0131k\u0131l\u0131\u015f\u0131na dek s\u00fcrd\u00fc.<\/p>\n<p>Ba\u015fta 1921 Ko\u00e7giri ve 1937-38 Dersim Katliam\u0131 olmak \u00fczere ,1978\u2019de Mara\u015f ve 1980\u2019de \u00c7orum katliamlar\u0131n\u0131n art arda geli\u015fiyle Alevi Halk\u0131 kendi \u00a0be\u015feri ve k\u00fclt\u00fcrel varl\u0131\u011f\u0131n\u0131 s\u00fcrd\u00fcrebilece\u011fi \u00e7a\u011fda\u015f bir \u00f6rg\u00fctlenmenin aray\u0131\u015f\u0131na girdi. Anadolu Alevili\u011finin k\u0131rsal \u00e7evrede ya\u015famaya devam eden k\u00fclt\u00fcrel varl\u0131\u011f\u0131n\u0131n Pir Sultan Abdal\u2019\u0131n direngen \u00f6nderlik ruhuyla b\u00fct\u00fcnle\u015ftirilerek toplumsal ya\u015famda etkinle\u015ftirilmesi fikriyle K\u00fclt\u00fcr Bakanl\u0131\u011f\u0131nda g\u00f6revli teknokratlardan Kemal Soyer, Mustafa Akpolat, Cihangir Canpolat ve Cahit Ko\u00e7\u00e7oban gibi Anadolu ayd\u0131nlar\u0131n\u0131n 1978 den itibaren organize ettikleri Banaz Pir Sultan Abdal An\u0131t\u0131 1980 y\u0131l\u0131nda halk\u0131n katk\u0131s\u0131yla ger\u00e7ekle\u015fti. Ayn\u0131 y\u0131l Soyer&#8217;n projesiyle Sivas Sivrialan A\u015f\u0131k Veysel\u00a0 Evi\u2019nin bir b\u00f6l\u00fcm\u00fcn\u00fcn M\u00fcze\u2019ye d\u00f6n\u00fc\u015ft\u00fcr\u00fclmesiyle birlikte Anadolu Alevili\u011fi bu projeler e\u015fli\u011finde \u00fclke g\u00fcndemindeki yerini almaya ba\u015flad\u0131. 1980-90 aras\u0131 s\u00fcre\u00e7te Pir Sultan Abdal K\u00fclt\u00fcr Derne\u011fi ile Hac\u0131 Bekta\u015f K\u00fclt\u00fcr Dernekleri gibi Alevi STK\u2019lar\u0131 toplumsal ya\u015fama kat\u0131ld\u0131.<\/p>\n<p>78 Ku\u015fa\u011f\u0131n\u0131n ba\u015flatt\u0131\u011f\u0131 d\u00fczen kar\u015f\u0131t\u0131 toplumsal muhalefetin 80 darbesinin dar a\u011fa\u00e7lar\u0131 ve i\u015fkenceci y\u00f6ntemlerle bast\u0131r\u0131lmas\u0131n\u0131n ard\u0131ndan Anadolu Alevilerinin Pir Sultan,Hac\u0131 Bekta\u015f, Abdal Musa ve A\u015f\u0131k Veysel kimlikleri \u00fczerinden ba\u015flatt\u0131klar\u0131 Alevi Ayd\u0131nlanma hareketi giderek canlanm\u0131\u015f, 1993 y\u0131l\u0131nda K\u00fclt\u00fcr Bakanl\u0131\u011f\u0131ndan sa\u011flanan\u00a0 \u00f6deneklerle haz\u0131rlad\u0131\u011f\u0131m\u0131z\u00a0 proje kapsam\u0131nda Pir Sultan\u0131n Beton An\u0131t\u0131 Bak\u0131r kaplan\u0131p etraf\u0131na Amfi Tiyatro ve T\u00f6ren alanlar\u0131 yap\u0131larak geni\u015f kat\u0131l\u0131ml\u0131 k\u00fclt\u00fcr \u015fenliklerine haz\u0131r hale getirilmi\u015fti. Soyer&#8217;in 1993 de Antalya Elmal\u0131 Tekke K\u00f6y\u00fc Abdal Musa K\u00fclt\u00fcr Merkezi ve Amfi Tiyatrosu ile Ankara\u2019da Hac\u0131 Bekta\u015f-\u0131 Veli Anadolu K\u00fclt\u00fcr Vakf\u0131 Genel Merkezi Projeleri T\u00fcrkiye Alevi Halk\u0131n\u0131n g\u00fcndeminde yer alm\u0131\u015f, Anadolu Alevileri yurdun d\u00f6rt bir yan\u0131nda kendi kimlik de\u011ferleri etraf\u0131nda birle\u015fme s\u00fcrecine girmi\u015flerdi. 80 darbesiyle devrimci gen\u00e7li\u011fi dar a\u011fa\u00e7lar\u0131na ve i\u015fkencelere mahkum edenler darbe sonras\u0131 s\u00fcre\u00e7te ba\u015flat\u0131lan Alevi Ayd\u0131nlanma Hareketini de dikkatle takip ediyor ve kar\u015f\u0131 atak i\u00e7in f\u0131rsat kolluyorlard\u0131.<\/p>\n<p>2-3 Temmuz 1993 de K\u00fclt\u00fcr Bakan\u0131 Fikri SA\u011eLAR \u00f6nemli say\u0131da SHP\u2018li vekil ve Anadolu\u2019nun d\u00f6rt bir yan\u0131ndan harekete ge\u00e7en binlerce kat\u0131l\u0131mc\u0131yla \u00dclke genelinde ve D\u00fcnyada ses getirecek\u00a0 \u00f6l\u00e7ekte BANAZ\u2019da Pir SULTAN ABDAL K\u00dcLT\u00dcR \u015eENL\u0130KLER\u0130 \u00a0ger\u00e7ekle\u015fecekti.Ancak, \u00f6nceden planlanan program\u0131n aksine bir ay kala Dernek y\u00f6netimi \u015eenliklerin Banaz\u2019\u0131n yan\u0131 s\u0131ra Sivas \u0130l Merkezinde de\u00a0 yap\u0131lmas\u0131 y\u00f6n\u00fcnde karar alm\u0131\u015f, bu kapsamda Aziz Nesin\u2019in de \u015fenli\u011fe davet edilmesi \u00fczerine Sivas\u2019ta ve yerel \u00a0bas\u0131nda Aziz Nesin \u00fczerinden Alevi katliam\u0131 seslendirilmeye ba\u015flanm\u0131\u015ft\u0131. \u015eenlikten 20 g\u00fcn \u00f6nce Ankara\u2019da Dernek Merkezinde yap\u0131lan toplant\u0131da Hac\u0131 Bekta\u015f-\u0131 Veli Anadolu K\u00fclt\u00fcr Vakf\u0131 ad\u0131na Kemal SOYER ve Ahmet \u015eahin Sivas \u0130l merkezindeki \u015fenliklerin iptalini talep etmi\u015f, ancak \u00a0dernek Y\u00f6netimi karar\u0131nda \u0131srar ederek talebi ret etmi\u015fti. Mad\u0131mak katliam\u0131 \u00f6ncesinde \u015fenliklere kat\u0131laca\u011f\u0131n\u0131 bizzat a\u00e7\u0131klayan Bakan F\u0130KR\u0130 SA\u011eLAR ile\u00a0 Alevi baz\u0131 bakan ve vekiller katliam senaryolar\u0131n\u0131n a\u00e7\u0131ktan seslendirildi\u011fi ortamda \u015fenliklere kat\u0131lmayarak Alevi Ayd\u0131nlar\u0131n\u0131 kaderleriyle ba\u015f ba\u015fa b\u0131rakt\u0131lar.<\/p>\n<p>Sivas katliam\u0131, \u0131rk\u00e7\u0131 ve dinci \u00e7evrelerin y\u00fczlerce y\u0131ldan bu yana karartmaya ve\u00a0 yok etmeye \u00e7al\u0131\u015ft\u0131klar\u0131 yerli Anadolu Uygarl\u0131klar\u0131n\u0131n evrensel \u00f6l\u00e7ekte k\u00fclt\u00fcrel de\u011ferleriyle tarih bilincini g\u00fcn\u00fcm\u00fcze ta\u015f\u0131yan Anadolu Alevi \u2013Bekta\u015fi Halk\u0131na kar\u015f\u0131 a\u00e7\u0131ktan yap\u0131lan fa\u015fist bir darbedir. Temel neden, Anadolu Alevilerinin \u00fclke halk\u0131na dayat\u0131lan yabanc\u0131 k\u00fclt\u00fcr ve ideolojiler yerine Anadolu uygarl\u0131klar\u0131n\u0131 yaratan kadim k\u00f6klerine y\u00f6nelmi\u015f olmalar\u0131d\u0131r.Bu y\u00f6neli\u015f K\u00fcresel d\u00fczenin\u00a0 i\u015fgal ve karatma \u00e7abalar\u0131n\u0131\u00a0 bo\u015fa \u00e7\u0131karacak potansiyel bir tehlike olarak g\u00f6r\u00fclm\u00fc\u015f, Sivas&#8217;ta ayd\u0131nlar katledilmi\u015f, hareketin \u00f6nlenmesi ve toplumsal ilginin siyasal alana \u00e7ekilmesi i\u00e7in zaman i\u00e7inde yeni bir \u00e7ok \u0131rk\u00e7\u0131 ve dinci \u00f6rg\u00fctler olu\u015fturulmu\u015f ,devreye BOP ve Il\u0131ml\u0131 \u0130slam gibi k\u00fcresel projeler sokulmu\u015ftur.<\/p>\n<p>Sivas yerel bas\u0131n\u0131nda 20 g\u00fcn s\u00fcreyle g\u00fcndeme geldi\u011fi halde gerekli tedbirleri almad\u0131klar\u0131 i\u00e7in ger\u00e7ekle\u015fen katliamla ilgili toplumsal vicdanda da sorguland\u0131\u011f\u0131 gibi, D\u00f6nemin Cumhurba\u015fkan\u0131 Demirel, Ba\u015fbakan\u0131 Tansu \u00c7iller, Yard\u0131mc\u0131s\u0131 Erdal \u0130n\u00f6n\u00fc ,\u0130\u00e7i\u015fleri Bakan\u0131 Mehmet Gazio\u011flu ve Sivas Belediye Ba\u015fkan\u0131 Temel Karamollao\u011flu\u2019nun b\u00fcy\u00fck sorumluluklar\u0131 vard\u0131r. Katliam\u0131n gelece\u011fini bile bile Sivas \u0130l Merkezindeki \u015fenlikleri iptal etmeyen Pir Sultan Abdal K\u00fclt\u00fcr Derne\u011finin o d\u00f6nem ki y\u00f6netimi de sorumsuz kararlar\u0131yla toplumsal vicdanda belli \u00f6l\u00e7\u00fcde sorgulanm\u0131\u015ft\u0131r.<\/p>\n<p>Malya, \u00c7ald\u0131ran, Osmanl\u0131-K\u00fcrt Derebeyleri D\u00f6nemi,Ko\u00e7giri ,Dersim,Mara\u015f, \u00c7orum,Sivas, Gazi Gezi ve Ankara gibi ,y\u00fczlerce y\u0131ld\u0131r s\u00fcren katliamlar, Tarih boyunca Anadolu&#8217;ya din kisvesi alt\u0131nda cebren giren i\u015fgalci halklarla onlar\u0131n g\u00fcn\u00fcm\u00fczdeki kal\u0131nt\u0131lar\u0131 olan gerici ve Irk\u00e7\u0131 kesimlerin Anadolu\u2019da\u00a0 bir t\u00fcrl\u00fc yok edemedikleri Alevi-Bekta\u015fi Halk\u0131n Tarihi, Be\u015feri ve K\u00fclt\u00fcrel Varl\u0131\u011f\u0131na kar\u015f\u0131 i\u015flenmi\u015ftir. \u015eimdilerde bu tarihi varl\u0131k, Ortado\u011fu&#8217;ya dayat\u0131lan BOP\u2018un ILIMLI \u0130SLAM PROJES\u0130 kapsam\u0131nda yeniden organize edilen siyasi parti ve ta\u015feron \u00f6rg\u00fctler eliyle\u00a0 eritilmek istenmektedir.Bu kapsamda yurt d\u0131\u015f\u0131 ve i\u00e7indeki Alevi \u00f6rg\u00fctleri Alevilerin i\u00e7ine yerle\u015ftirilen Alevi \u0130slamc\u0131 \u00e7akma ocaklar ve Seyyit z\u00fcmreleri arac\u0131l\u0131\u011f\u0131yla \u0130slamc\u0131 yap\u0131lara d\u00f6n\u00fc\u015ft\u00fcr\u00fclm\u00fc\u015f, ABK ile AABK Alevi halk\u0131 \u0130NAN\u00c7 TOPLUMU kimli\u011fiyle tan\u0131mlam\u0131\u015ft\u0131r. Buna kar\u015f\u0131n ,Anadolu Alevi Ayd\u0131nlanmas\u0131n\u0131 s\u00fcrd\u00fcren kesimlerin VARLI\u011eIN B\u0130RL\u0130\u011e\u0130 ilkesiyle t\u00fcm halklar\u0131 kapsayacak \u0131rklar \u00fcst\u00fc nitelikli alternatif bir toplumsal yap\u0131la\u015fmay\u0131 g\u00fcndeme ta\u015f\u0131mas\u0131 beklenmektedir.<\/p>\n<p>Be\u015feri ve K\u00fclt\u00fcrel k\u00f6klerini Anadolu d\u0131\u015f\u0131 co\u011frafyalar ile k\u00fclt\u00fcr ve ideolojilere dayayarak Anadolu uygarl\u0131klar\u0131n\u0131 karartan, uygarl\u0131k\u00e7\u0131 Alevi Halk\u0131n be\u015feri,tarihi ve k\u00fclt\u00fcrel\u00a0 varl\u0131\u011f\u0131na kasteden k\u00fcresel katilleri ve yerli i\u015fbirlik\u00e7ilerini lanetliyoruz.<\/p>\n<p>ANADOLU AYDINLANMASI , DEMOKRAS\u0130, E\u015e\u0130T \u0130NSAN HAKLARI, HAK , ADALET ,BARI\u015e VE \u00d6ZG\u00dcRL\u00dcK\u00a0 U\u011eRUNA CAN VEREN\u00a0 \u015eEH\u0130TLER\u0130M\u0130Z\u0130N ANISINA SAYGIYLA,<\/p>\n<p>2 Temmuz 2019<\/p>\n","protected":false},"excerpt":{"rendered":"<p>80 DARBES\u0130 SONRASINDA ALEV\u0130 HAREKET\u0130\u00a0 ve S\u0130VAS KATL\u0130AMI Kemal Soyer\/ Y.Mimar Anadolu Alevili\u011fi ,G\u00f6beklitepe&#8217;den g\u00fcn\u00fcm\u00fcze Anadolu&#8217;ya \u00f6zg\u00fc uygarl\u0131klar yaratan kadim bir k\u00fclt\u00fcr ve uygarl\u0131k birikimidir. S\u00fcmer, Hatti, Hitit ve Hurri [&hellip;]<\/p>\n","protected":false},"author":1,"featured_media":6359,"comment_status":"open","ping_status":"open","sticky":false,"template":"","format":"standard","meta":{"_kadence_starter_templates_imported_post":false,"footnotes":""},"categories":[1],"tags":[496,497,500,499,498],"class_list":["post-6356","post","type-post","status-publish","format-standard","has-post-thumbnail","hentry","category-genel","tag-0-darbesi","tag-alevi-hareketi","tag-corum-katliami","tag-maras-katliami","tag-sivas-katliami"],"_links":{"self":[{"href":"https:\/\/www.yolunezeli.com\/index.php?rest_route=\/wp\/v2\/posts\/6356","targetHints":{"allow":["GET"]}}],"collection":[{"href":"https:\/\/www.yolunezeli.com\/index.php?rest_route=\/wp\/v2\/posts"}],"about":[{"href":"https:\/\/www.yolunezeli.com\/index.php?rest_route=\/wp\/v2\/types\/post"}],"author":[{"embeddable":true,"href":"https:\/\/www.yolunezeli.com\/index.php?rest_route=\/wp\/v2\/users\/1"}],"replies":[{"embeddable":true,"href":"https:\/\/www.yolunezeli.com\/index.php?rest_route=%2Fwp%2Fv2%2Fcomments&post=6356"}],"version-history":[{"count":36,"href":"https:\/\/www.yolunezeli.com\/index.php?rest_route=\/wp\/v2\/posts\/6356\/revisions"}],"predecessor-version":[{"id":9287,"href":"https:\/\/www.yolunezeli.com\/index.php?rest_route=\/wp\/v2\/posts\/6356\/revisions\/9287"}],"wp:featuredmedia":[{"embeddable":true,"href":"https:\/\/www.yolunezeli.com\/index.php?rest_route=\/wp\/v2\/media\/6359"}],"wp:attachment":[{"href":"https:\/\/www.yolunezeli.com\/index.php?rest_route=%2Fwp%2Fv2%2Fmedia&parent=6356"}],"wp:term":[{"taxonomy":"category","embeddable":true,"href":"https:\/\/www.yolunezeli.com\/index.php?rest_route=%2Fwp%2Fv2%2Fcategories&post=6356"},{"taxonomy":"post_tag","embeddable":true,"href":"https:\/\/www.yolunezeli.com\/index.php?rest_route=%2Fwp%2Fv2%2Ftags&post=6356"}],"curies":[{"name":"wp","href":"https:\/\/api.w.org\/{rel}","templated":true}]}}