{"id":6429,"date":"2019-07-17T09:06:47","date_gmt":"2019-07-17T09:06:47","guid":{"rendered":"http:\/\/www.yolunezeli.com\/?p=6429"},"modified":"2022-02-21T20:23:29","modified_gmt":"2022-02-21T20:23:29","slug":"sumerolog-muazzez-ilmiye-cigin-alevilik-aciklamasi","status":"publish","type":"post","link":"https:\/\/www.yolunezeli.com\/?p=6429","title":{"rendered":"S\u00dcMEROLOG MUAZZEZ \u0130LM\u0130YE \u00c7I\u011e\u2019IN ALEV\u0130L\u0130K \u0130SLAM \u00d6NCES\u0130 VARDIR  A\u00c7IKLAMASI ,"},"content":{"rendered":"<p><img loading=\"lazy\" decoding=\"async\" class=\"aligncenter\" src=\"https:\/\/i.pstimaj.com\/img\/78\/740x418\/5d1e080266a97c6afa20242f\" alt=\"Bildergebnis f\u00c3\u00bcr muazzez ilmiye \u00c3\u00a7\u00c4\u00b1\u00c4\u009f\" width=\"245\" height=\"138\" \/><\/p>\n<p style=\"text-align: center;\"><strong>S\u00dcMEROLOG MUAZZEZ \u0130LM\u0130YE \u00c7I\u011e\u2019IN ALEV\u0130L\u0130K \u0130SLAM \u00d6NCES\u0130 VARDIR A\u00c7IKLAMASI<\/strong> ,<\/p>\n<p style=\"text-align: left;\">Ord.Prof.Hititolog SEDAT ALP \u00f6l\u00fcm\u00fcnden k\u0131sa bir s\u00fcre \u00f6nce yazd\u0131\u011f\u0131 H\u0130T\u0130T G\u00dcNE\u015e\u0130 adl\u0131 kitab\u0131nda,Kemal SOYER&#8217;in 1998&#8217;de K\u00fclt\u00fcrlerin Belle\u011fi Anadolu Afi\u015fiyle de yay\u0131mlad\u0131\u011f\u0131 Hitit, S\u00fcmer k\u00f6kenli Alev Bekta\u015fi Halk\u00a0 Kimli\u011fi ve\u00a0 Anadolu Ba\u011flamas\u0131yla Ozanl\u0131k Gelene\u011fi ger\u00e7e\u011fini &#8220;<em>A\u015f\u0131k Veysel&#8217;in -Ozanlar\u0131n \u00e7ald\u0131\u011f\u0131 saz Hitit saz\u0131d\u0131r<\/em> &#8221; diyerek itiraf etmi\u015fti. \u015eimdi de Muazzez han\u0131m,hayli\u00a0 ilerlemi\u015f ya\u015f\u0131yla Anadolu Alevilerinin Siyasal \u0130slamc\u0131-J\u00f6n T\u00fcrk\u00e7\u00fc ve J\u00f6n K\u00fcrt\u00e7\u00fc \u00e7evrelerce inkar edilen S\u00fcmerli ger\u00e7e\u011fini itiraf etmi\u015f oldu. Bu a\u00e7\u0131klamalar \u00fczerine Anadolu Alevili\u011fini ve Alevi-Bekta\u015fi\u00a0 halk\u0131n Anadolu-Mezopotamya&#8217;daki binlerce y\u0131ll\u0131k tarihi ve k\u00fclt\u00fcrel varl\u0131\u011f\u0131n\u0131 inkar eden\u00a0 Alevi \u0130slamc\u0131 \u00f6rg\u00fctler,T\u00fcrk ve K\u00fcrt Siyaset\u00e7ileri ne diyecekler, hep birlikte g\u00f6rece\u011fiz.<\/p>\n<p><b>\u00a0<\/b><\/p>\n<p style=\"text-align: center;\">\u00a0<strong> Muazzez \u0130lmiye \u00c7I\u011e&#8217;\u0131n<\/strong>\u00a0<strong>Av.Mehmet TURAL\u2019la yapt\u0131\u011f\u0131 sohbetin notlar\u0131:<\/strong><\/p>\n<p><em>&#8220;1- Alevili\u011fin islam&#8217;\u0131n bir kolu olarak ortaya \u00e7\u0131kmad\u0131\u011f\u0131n\u0131, islamiyetten \u00e7ok evvel mevcut olan bir do\u011fa inanc\u0131 oldu\u011funu, islami k\u0131r\u0131mlar nedeniyle baz\u0131 islami s\u00f6ylemleri ifade etmek zorunda kald\u0131\u011f\u0131n\u0131, k\u00f6klerinin S\u00fcmerlere, hatta daha eskilere dayand\u0131\u011f\u0131n\u0131&#8230;<\/em><\/p>\n<p><em>2- Sel\u00e7uklu ve Osmanl\u0131 d\u00f6neminde verilen ve dedelerin peygamber soyundan geldi\u011fi yolundaki secerelerin hi\u00e7bir \u015fekilde ger\u00e7e\u011fi ifade etmedi\u011fini, Alevili\u011fi islami k\u0131l\u0131fa s\u0131\u011fd\u0131rmak amac\u0131yla d\u00fczenlenen belgeler oldu\u011funu&#8230;<\/em><\/p>\n<p><em>3- Insan\u0131 y\u00fccelten, e\u015fitli\u011fi ve karde\u015fli\u011fi savunan bu inanc\u0131n, ge\u00e7mi\u015fteki t\u00fcm bask\u0131 ve k\u0131r\u0131mlara ra\u011fmen asimile ve yok edilmemesine ra\u011fmen, g\u00fcn\u00fcm\u00fczde baz\u0131 Alevi \u00f6rg\u00fctleri, \u015eii ve Caferi yap\u0131lanmalar devlet destekli \u00f6rg\u00fctler eliyle \u00f6z\u00fcnden kopar\u0131larak yok olmaya h\u0131zla s\u00fcr\u00fcklendi\u011fini&#8230;<\/em><\/p>\n<p><em>4- T\u00fcrkiye&#8217;de laik ve \u00e7a\u011fda\u015f ya\u015fam\u0131n simgesi ve s\u00fcr\u00fckleyicisi olan bu d\u00fc\u015f\u00fcnce ve inan\u00e7 yap\u0131s\u0131n\u0131n mutlaka \u00f6z\u00fcne uygun olarak ya\u015fat\u0131lmas\u0131 gerekti\u011fini, aksi halde ortodoks s\u00fcnni, hatta vahhabi islam anlay\u0131\u015f\u0131n\u0131n egemen olaca\u011f\u0131 bir T\u00fcrkiye siyasi yap\u0131lanmas\u0131na h\u0131zla s\u00fcr\u00fcklenecegimizi \u00e7ok ciddi bir \u015fekilde vurgulad\u0131.<\/em><\/p>\n<p><em>Ayr\u0131nt\u0131lar\u0131na girmeden Alevilik konusunda ba\u015fka de\u011ferli g\u00f6r\u00fc\u015flerini payla\u015ft\u0131k. Ayr\u0131nt\u0131lar\u0131 k\u0131smet olursa yazmaya \u00e7al\u0131\u015ft\u0131\u011f\u0131m Alevilikle ilgili kitapta yazaca\u011f\u0131m.<\/em><\/p>\n<p><em>Tamamen kat\u0131ld\u0131\u011f\u0131m bu \u00f6zet g\u00f6r\u00fc\u015flerini ilgilenenlerin bilgisine gecikmeden sunman\u0131n bir zorunluk oldu\u011funa inand\u0131\u011f\u0131mdan bu sayfada payla\u015fmak gere\u011fini duydum. Takdir ilgi duyanlar\u0131n olup her t\u00fcrl\u00fc yorum ve ele\u015ftiriyi sayg\u0131 ve edep kurallar\u0131 i\u00e7inde de\u011ferlendirip cevaplamaya haz\u0131r oldu\u011fumu sayg\u0131yla bilginize sunar\u0131m. (WELGMEDYA.COM)<\/em><\/p>\n<p><em>Av. Mehmet Tural&#8221;<\/em><\/p>\n<p>____________________________________________________________________________________________________<\/p>\n<p><strong>Kemal SOYER\/ Y.Mimar<\/strong>.<\/p>\n<p>Anadolu Alevili\u011finin Semavi dinlerden \u00f6nce var oldu\u011funu, varolu\u015fsal k\u00f6klerini evren ve do\u011fadan, tarihi k\u00f6klerini G\u00f6beklitepe&#8217;den g\u00fcn\u00fcm\u00fcze S\u00fcmer,Hatti,Hitit, Lulubi-Luwi-Guti-Turrukku ve Hurri \u00a0gibi Alevi halklar\u0131n yaratt\u0131\u011f\u0131 \u0131rklar \u00fcst\u00fc bir k\u00fclt\u00fcr ve uygarl\u0131k birikimi oldu\u011funu ,Alevi \u0130slam\u0131n Anadolu Alevili\u011fi ile Uygarl\u0131klar\u0131n\u0131 karartan Siyasal \u0130slam\u0131n i\u00e7imizdeki uzant\u0131s\u0131 oldu\u011funu\u00a0 ke\u015ffedip yazan, 1994 y\u0131l\u0131nda Ankara Hac\u0131 Bekta\u015f Veli Anadolu K\u00fclt\u00fcr Merkezinin temel atma t\u00f6reninde Alevi Ger\u00e7e\u011fini &#8220;10 bin y\u0131ll\u0131k Alevilik-Evrensel Alevilik&#8221; tan\u0131m\u0131yla\u00a0 50 bin ki\u015finin huzurunda a\u00e7\u0131klayan\u00a0 Kemal SOYER\u2019dir.<\/p>\n<p>1998 de Cumhuriyetin 75.y\u0131l etkinlikleri kapsam\u0131nda K\u00fclt\u00fcr Bakanl\u0131\u011f\u0131 Genel M\u00fcd\u00fcr\u00fc olarak yapt\u0131\u011f\u0131 \u201cK\u00fclt\u00fcrlerin Belle\u011fi Anadolu Afi\u015fiyle\u201d Anadolu Alevi-Bekta\u015fi\u00a0 Uygarl\u0131klar\u0131n\u0131n gizemli Ger\u00e7e\u011fini a\u00e7\u0131klayan Kemal SOYER\u2019dir.<\/p>\n<p>2008 de YOL Tv de sundu\u011fu 16 b\u00f6l\u00fcml\u00fck YOLUN EZEL\u0130 PROGRAMIYLA \u00fclke halk\u0131na bu ger\u00e7e\u011fi anlatan, program\u0131n ba\u015flamas\u0131yla\u00a0 devreye sokulan sahte \u201cALEV\u0130 A\u00c7ILIMI\u201d\u0131 ve bu a\u00e7\u0131l\u0131ma destek veren s\u00f6zde Alevi ayd\u0131nlar\u0131-yazarlar ABF,AABK vb ,STK lar ,Alevi \u0130slamc\u0131 Dedeler Kurullar\u0131 ve\u00a0 s\u00f6zde Alevi Medyas\u0131nca ve \u00f6n\u00fc kesilmek istenen Kemal SOYER ve Anadolu Alevi Halk\u0131d\u0131r,<\/p>\n<p>1980-1993 de Banaz Pir Sultan An\u0131t\u0131-A\u015f\u0131k Veysel Evi M\u00fczesi, 1994 Ankara Hac\u0131 Bekta\u015f Anadolu K\u00fclt\u00fcr Merkezi, 1993 Antalya Elmal\u0131 Tekke K\u00f6y\u00fc Abdal Musa K\u00fclt\u00fcr Merkezi Projeleriyle Anadolu Alevili\u011fini ya\u015fatma \u00e7abas\u0131n\u0131 veren Kemal SOYER\u2019dir.<\/p>\n<p>2013-2016 Aras\u0131nda Abdal Musa\u2019da ba\u015flat\u0131lan Alevi \u00c7al\u0131\u015ftaylar\u0131nda Anadolu Alevili\u011fini arkeolojik belgeleriyle anlatan, 2016 \u00c7ORUM \u00c7ALI\u015eTAYI\u2019nda\u00a0 Mehmet TURAL, Hasan Klavuz, Esat Korkmaz, Ali Y\u0131ld\u0131r\u0131m, S\u00fcleyman\u00a0 Zaman , Alevi Dedeleri ve 30 \u2018u a\u015fk\u0131n entelekt\u00fceli Hititlerin Ba\u015fkenti HATTU\u015eA ve ALACAH\u00d6Y\u00dcK\u2019\u00fc gezdiren,bunlara Yaz\u0131l\u0131kaya&#8217;da Alevi ger\u00e7e\u011fini anlatan Kemal SOYER\u2019dir.<\/p>\n<p>T\u00fcm bu etkin \u00e7al\u0131\u015fmalara kar\u015f\u0131n,Alevi Medyas\u0131-Bilim Adamlar\u0131 ve \u00a0yazarlar KEMAL SOYER\u2019in bilimsel tespit ve a\u00e7\u0131klamalar\u0131yla ilgili tek bir sat\u0131r yazmad\u0131lar.YOL TV bu konuya ekranlar\u0131n\u0131 kapatt\u0131.\u00dcstelik \u00e7o\u011fu ki\u015fi bu g\u00f6r\u00fc\u015fleri kendi bulu\u015fuymu\u015f gibi intihal etmi\u015f, Dil ve Tarih Co\u011frafya Fak\u00fcltelerinin \u00f6\u011fretim g\u00f6revlileri, Sumerolog ve Hititologlar ve K\u00fclt\u00fcr Bakanl\u0131\u011f\u0131nda g\u00f6revli Muazzez \u0130lmiye \u00c7I\u011e konuyu bildi\u011fi halde tek sat\u0131r a\u00e7\u0131klama yapmam\u0131\u015ft\u0131r.<\/p>\n<p>Bu g\u00fcnlerde medyaya ta\u015f\u0131nan MUAZZEZ \u0130LM\u0130YE \u00c7I\u011e\u2019\u0131n Alevili\u011fi k\u00f6kleri S\u00fcmerlere ve daha \u00f6ncesine uzanan \u0130slam \u00d6ncesi do\u011fa inanc\u0131 olarak a\u00e7\u0131klamas\u0131 bir y\u00f6n\u00fcyle elbette \u00f6nemlidir ,ancak,Av. Mehmet TURAL\u2019la yapt\u0131\u011f\u0131 sohbetin temel amac\u0131 Alevili\u011fi do\u011fa inanc\u0131na oturtman\u0131n yan\u0131 s\u0131ra Alevi halk\u0131n Anadolu&#8217;daki k\u00f6klerini -uygarl\u0131klar\u0131n\u0131 inkar eden T\u00fcrk Tarih Tezinin &#8220;Hititler -S\u00fcmerler T\u00fcrkt\u00fcr&#8221; iddias\u0131yla\u00a0 Orta Asyal\u0131 T\u00fcrk olarak sunmakt\u0131r.Anadolu Alevili\u011finin \u0130slam \u00f6ncesi k\u00f6klerini, AlevilerinOrta Asyal\u0131 T\u00fcrk ve Balkan k\u00f6kenli K\u00fcrt (Bacnavi-Boht)\u00a0 , Zazaca&#8217;n\u0131n de K\u00fcrt\u00e7enin \u015fivesi olmad\u0131\u011f\u0131n\u0131 a\u00e7\u0131\u011fa \u00e7\u0131karmam\u0131z \u00fczerine benzer \u015fekilde K\u00fcrt cephesi de Alevili\u011fi sadece bir inan\u00e7 olarak sunma gayreti i\u00e7ine girmi\u015f, s\u00f6zde AABK ve Ba\u015fkan\u0131 H\u00fcseyin MAT Alevileri \u0130NAN\u00c7 TOPLUMU ilan etmi\u015ftir.<\/p>\n<p>Alevileri ve Anadolu halk\u0131n\u0131 uyar\u0131yorum,K\u00fcresel g\u00fc\u00e7lerce y\u00f6nlendirilen Alevi-\u0130slam-K\u00fcrt \u0130slam ve T\u00fcrk \u0130slam Cephelerinin ortak\u00a0 amac\u0131 Anadolu-Mezopotamya&#8217;daki binlerce y\u0131ll\u0131k k\u00f6kleriyle Alevi halk varl\u0131\u011f\u0131n\u0131 tarih, k\u00fclt\u00fcr ve uygarl\u0131klar\u0131yla inkar ve asimile etmektir.<\/p>\n<p>Biz Anadolu Alevileri \u0131rklar \u00fcst\u00fc -evrensel k\u00fclt\u00fcr\u00fc olu\u015fturup ta\u015f\u0131yan, bu \u00fclkede Demokrasiyi yaratan\u00a0 bar\u0131\u015f halk\u0131y\u0131z .Irk\u00e7\u0131l\u0131k de\u011fil, Ana yurdumuzdaki t\u00fcm halklarla hep birlikte uygarl\u0131k\u00e7\u0131 de\u011ferlerimizi, HAKK \u0130le HAKK insan haklar\u0131m\u0131z\u0131 sahiplenip y\u00fccelerek\u00a0 \u0131rk\u00e7\u0131 kulluk d\u00fczeninden kurtulmak istiyoruz.<\/p>\n<p>Muazzez \u0130lmiye \u00c7I\u011e&#8217;\u0131n a\u00e7\u0131klamalar\u0131n\u0131n ard\u0131ndan yaz\u0131lacaklarla&#8221;<strong>Aleviler Orta Asyal\u0131 T\u00fcrk&#8217;t\u00fcr-K\u00fcrt&#8217;t\u00fcr(Bacnavi-Boht)<\/strong>&#8220;propagandas\u0131 gelecektir (!).Hititleri Orta Asyal\u0131 &#8220;ET\u0130 T\u00dcRKLER\u0130&#8221;olarak asimilasyon kapsam\u0131na alan J\u00f6nt\u00fcrkler ayn\u0131 s\u00fcre\u00e7ten bug\u00fcne\u00a0 S\u00fcmerleri de Orta Asya&#8217;l\u0131 T\u00fcrk olarak lanse etmeye \u00e7al\u0131\u015f\u0131yorlar. K\u00fcrt siyaset\u00e7ileri ise, bat\u0131l\u0131 proje gere\u011fi Alevileri halk olarak de\u011fil mezhep olarak g\u00f6stermeye \u00e7al\u0131\u015f\u0131yorlar. Ger\u00e7ekteyse ,Hititlerin ad\u0131 XIDIJ-LOLIJ (Hatti Lulubi-LUW\u0130-A) ,Hurrilerin ad\u0131 XORMEK ,S\u00fcmerlerin insan ad\u0131 LULU,Halk ad\u0131 LULUB\u0130-DIMIL\u0130-ZAZA,Turukkuum \u015feklinde yaz\u0131lan halk ad\u0131 ise Terekeme ve T\u00fcrkmendir. Bu topraklara 1071 de geldi\u011fimiz iddias\u0131,\u00a0 Anadolu halk\u0131n\u0131 kendi topraklar\u0131nda i\u015fgalci konuma d\u00fc\u015f\u00fcrmekte , Anadolu uygarl\u0131klar\u0131n miras\u0131n\u0131 da\u00a0 bat\u0131l\u0131lara vermektedir. Osmanl\u0131y\u0131 y\u0131kan\u00a0 \u0130ngilizlerin kurduklar\u0131 bu tuzaktan kurtulmam\u0131z gerekiyor.<\/p>\n","protected":false},"excerpt":{"rendered":"<p>S\u00dcMEROLOG MUAZZEZ \u0130LM\u0130YE \u00c7I\u011e\u2019IN ALEV\u0130L\u0130K \u0130SLAM \u00d6NCES\u0130 VARDIR A\u00c7IKLAMASI , Ord.Prof.Hititolog SEDAT ALP \u00f6l\u00fcm\u00fcnden k\u0131sa bir s\u00fcre \u00f6nce yazd\u0131\u011f\u0131 H\u0130T\u0130T G\u00dcNE\u015e\u0130 adl\u0131 kitab\u0131nda,Kemal SOYER&#8217;in 1998&#8217;de K\u00fclt\u00fcrlerin Belle\u011fi Anadolu Afi\u015fiyle de [&hellip;]<\/p>\n","protected":false},"author":1,"featured_media":6430,"comment_status":"open","ping_status":"open","sticky":false,"template":"","format":"standard","meta":{"_kadence_starter_templates_imported_post":false,"footnotes":""},"categories":[1],"tags":[],"class_list":["post-6429","post","type-post","status-publish","format-standard","has-post-thumbnail","hentry","category-genel"],"_links":{"self":[{"href":"https:\/\/www.yolunezeli.com\/index.php?rest_route=\/wp\/v2\/posts\/6429","targetHints":{"allow":["GET"]}}],"collection":[{"href":"https:\/\/www.yolunezeli.com\/index.php?rest_route=\/wp\/v2\/posts"}],"about":[{"href":"https:\/\/www.yolunezeli.com\/index.php?rest_route=\/wp\/v2\/types\/post"}],"author":[{"embeddable":true,"href":"https:\/\/www.yolunezeli.com\/index.php?rest_route=\/wp\/v2\/users\/1"}],"replies":[{"embeddable":true,"href":"https:\/\/www.yolunezeli.com\/index.php?rest_route=%2Fwp%2Fv2%2Fcomments&post=6429"}],"version-history":[{"count":56,"href":"https:\/\/www.yolunezeli.com\/index.php?rest_route=\/wp\/v2\/posts\/6429\/revisions"}],"predecessor-version":[{"id":8843,"href":"https:\/\/www.yolunezeli.com\/index.php?rest_route=\/wp\/v2\/posts\/6429\/revisions\/8843"}],"wp:featuredmedia":[{"embeddable":true,"href":"https:\/\/www.yolunezeli.com\/index.php?rest_route=\/wp\/v2\/media\/6430"}],"wp:attachment":[{"href":"https:\/\/www.yolunezeli.com\/index.php?rest_route=%2Fwp%2Fv2%2Fmedia&parent=6429"}],"wp:term":[{"taxonomy":"category","embeddable":true,"href":"https:\/\/www.yolunezeli.com\/index.php?rest_route=%2Fwp%2Fv2%2Fcategories&post=6429"},{"taxonomy":"post_tag","embeddable":true,"href":"https:\/\/www.yolunezeli.com\/index.php?rest_route=%2Fwp%2Fv2%2Ftags&post=6429"}],"curies":[{"name":"wp","href":"https:\/\/api.w.org\/{rel}","templated":true}]}}