{"id":6636,"date":"2019-10-28T10:33:28","date_gmt":"2019-10-28T10:33:28","guid":{"rendered":"http:\/\/www.yolunezeli.com\/?p=6636"},"modified":"2021-10-17T20:46:11","modified_gmt":"2021-10-17T20:46:11","slug":"karacaoglanyunuskoroglu-ve-dadaloglu-gercegi","status":"publish","type":"post","link":"https:\/\/www.yolunezeli.com\/?p=6636","title":{"rendered":"Karacao\u011flan,Yunus,K\u00f6ro\u011flu ve Dadalo\u011flu Ger\u00e7e\u011fi"},"content":{"rendered":"\n<p class=\"has-text-align-left\">Anadolu&#8217;da  d\u00fcnyan\u0131n  en b\u00fcy\u00fck  uygarl\u0131klar\u0131n\u0131  yaratan S\u00fcmerler ,evrenin varolu\u015fsal yap\u0131s\u0131, g\u00f6k cisimlerinin ve do\u011fan\u0131n ki\u015file\u015ftirilmesine dayanan tanr\u0131lar,insan\u0131n  varolu\u015fu,kentlerin kurulu\u015fu,k\u00fclt\u00fcrel  ve sosyal ya\u015fam\u0131n d\u00fczenlenmesine y\u00f6nelik yaratt\u0131klar\u0131 binlerce mit, efsane, edebi  metin ve kahramanl\u0131k destanlar\u0131yla d\u00fcnya medeniyetine y\u00f6n verdiler.                                                                                                                                                                                                                                              Kendilerinden sonra  kurulan b\u00fct\u00fcn medeniyetleri  etkileyen S\u00fcmerlerin ilahi ve edebi metinleriyle  destanlar\u0131 devletlerinin y\u0131k\u0131l\u0131\u015f\u0131yla yitip gitmedi. Bu medeniyetin asli  sahibi ve ard\u0131llar\u0131 olan Anadolu Alevi- Bekta\u015fi Halk\u0131 ve Dergahlar\u0131 atalar\u0131na ait  mit ve destanlar\u0131 giderek de\u011fi\u015fen ya\u015fam ko\u015fullar\u0131na yeniden uyarlayarak kendilerini ve k\u00fclt\u00fcrel s\u00fcreklerini ya\u015fatmay\u0131  ba\u015fard\u0131lar.                                                                                                                                              <\/p>\n\n\n\n<p>S\u00fcmer ve  Hititlerin edebi metinleri ile \u0130.\u00d6.2300&#8217;lerde g\u00f6r\u00fclmeye ba\u015flayan  ba\u011flama e\u015fli\u011findeki Ozanl\u0131k gelene\u011fi Anadolu&#8217;da ya\u015fanan binlerce y\u0131ll\u0131k  i\u015fgal, s\u00fcrg\u00fcn, ya\u011fma  ve katliamlar  ortam\u0131nda kimi zaman kesintiye u\u011frasa da, Bekta\u015fi Dergahlar\u0131 ve dervi\u015flerince  dilden dile aktar\u0131lan \u015fiir, deyi\u015f, nefes ,d\u00fcvaz, devriye ve destanlarla halk\u0131n belle\u011fine oturtuldu.Do\u011fumu ve \u00f6l\u00fcmleri hakk\u0131nda kesin  tarihler verilemeyen  Pir Sultan, Karacao\u011flan, Yunus, Kaygusuz Abdal, Dadalo\u011flu ,Battal Gazi ve Ko\u00e7 K\u00f6ro\u011flu gibi ozan ve destan kahramanlar\u0131 Hititlerden g\u00fcn\u00fcm\u00fcze kesintisiz olarak  varl\u0131\u011f\u0131n\u0131 s\u00fcrd\u00fcren Bekta\u015fi Dergahlar\u0131nca yarat\u0131ld\u0131.Anadolu&#8217;da  onlarca  Yunus, Karacao\u011flan, Bekta\u015f-\u0131  Veli, Abdal Musa, Taptuk Emre ,Kesikba\u015f ,Battal Gazi  ve  Ko\u00e7 K\u00f6ro\u011flu makamlar\u0131 Anadolu halk\u0131n\u0131n kendi ata kimlikleri ve  k\u00fclt\u00fcrel s\u00fcreklerine sahipleni\u015fiyle olu\u015ftu.Bu adlarla an\u0131lan ozanlar ile destan kahramanlar\u0131 ger\u00e7ekte  Sel\u00e7uklu ve Osmanl\u0131  D\u00f6nemlerinde ya\u015fayan ki\u015filikler de\u011fildi.G\u00fcn\u00fcm\u00fcz T\u00fcrk\u00e7esinin  bulunmad\u0131\u011f\u0131 Orta \u00e7a\u011fda yaz\u0131lan Bekta\u015fi Nefesleri J\u00f6nt\u00fcrklerce g\u00fcn\u00fcm\u00fcz T\u00fcrk\u00e7esine aktar\u0131larak  Alevi-Bekta\u015fi Halk\u0131n Orta Asya k\u00f6kenli  T\u00fcrk oldu\u011fu y\u00f6n\u00fcnde alg\u0131 olu\u015fturuldu. Bu alg\u0131yla birlikte T\u00fcrk ve Alevi \u0130slam\u0131 g\u00fc\u00e7lendirmek ama\u00e7l\u0131 onlarca Pir Sultan, Yunus, vb. \u0130slamc\u0131  versiyonlar  yarat\u0131ld\u0131.Ancak asimilasyon ve karartma ama\u00e7l\u0131 bu t\u00fcr d\u00fczenlemelerin hayata ge\u00e7irilmesinin \u00f6n\u00fcnde temel bir engel vard\u0131. Anadolu&#8217;nun kadim s\u00fcre\u011fini her d\u00f6nemde ve  her ko\u015fulda yeniden var  edebilen ve  yerli halka yol g\u00f6steren Bekta\u015fi Dergah\u0131 bu nedenle kapat\u0131ld\u0131. \u015eimdilerde onu yerine  ikame edilmek istenen Alevi \u0130slamc\u0131 Ocaklar ise Anadolu&#8217;yu ve Alevileri Arapla\u015ft\u0131rma siyasetinin oda\u011f\u0131  haline geldiler. Hakk\u0131n Oca\u011f\u0131 kapat\u0131ld\u0131ktan sonra usta mal\u0131 tek bir eser bile \u00e7\u0131kmad\u0131.\u015eimdilerde TRT repertuvar\u0131ndaki Alevi Bekta\u015fi  Nefes ve T\u00fcrk\u00fclerinin i\u00e7erikleri de\u011fi\u015ftiriliyor .<\/p>\n\n\n\n<p>Anadolu&#8217;nun \u00f6z varl\u0131\u011f\u0131 Yunus, S\u00fcmerlerde OANNES ad\u0131yla ilk varl\u0131kt\u0131r.  &#8220;<em>Ezel benem Ahir benem,Canlara can olan benem, Bir ben vard\u0131r benden i\u00e7eri <\/em>&#8221; diyen Yunus Makam T\u00fcrbesinde Bekta\u015fili\u011fin Hititler D\u00f6nemi \u00e7ift y\u00fczl\u00fc G\u00fcne\u015f Baltas\u0131yla elinde y\u0131ld\u0131r\u0131m a\u011fa\u00e7 tutan F\u0131rt\u0131na Tanr\u0131s\u0131, A\u011fa\u00e7 Ereni ve Tahtac\u0131 ki\u015filikleriyle tan\u0131mlanm\u0131\u015ft\u0131r.\u00c7ift y\u00fczl\u00fc balta Anadolu&#8217;da en \u00e7ok Abdal Musa Teke Y\u00f6resi eski Likya B\u00f6lgesinde bulunmu\u015ftur.<\/p>\n\n\n\n<div class=\"wp-block-image\"><figure class=\"aligncenter size-large\"><img loading=\"lazy\" decoding=\"async\" width=\"201\" height=\"251\" src=\"http:\/\/www.yolunezeli.com\/wp-content\/uploads\/2021\/01\/indir-3.jpg\" alt=\"\" class=\"wp-image-7506\"\/><\/figure><\/div>\n\n\n\n\n\n<p><em>&#8220;\u0130ncecikten bir kar ya\u011far tozar Elif diye diye<\/em> &#8220;, &#8220;<em>Bu d\u00fcnyada \u00fc\u00e7 g\u00fczeli   severim ,Biri \u015eemsi, biri Kamer, ille Elif<\/em> &#8221; diyen Karacao\u011flan&#8217;\u0131n a\u015f\u0131k oldu\u011fu \u00fc\u00e7  g\u00fczelden, \u015eemsi olan\u0131 G\u00fcne\u015f, Kamer Ay, Elif  ise  Tanr\u0131d\u0131r. Karacao\u011flan Anadolu Tanr\u0131 K\u00fclt\u00fcn\u00fcn Ozanca ifadesidir. <\/p>\n\n\n\n<div class=\"wp-block-image\"><figure class=\"aligncenter size-large\"><img loading=\"lazy\" decoding=\"async\" width=\"284\" height=\"177\" src=\"http:\/\/www.yolunezeli.com\/wp-content\/uploads\/2021\/01\/indir-4.jpg\" alt=\"\" class=\"wp-image-7517\"\/><figcaption>Karacao\u011flan -Temsili Heykel<\/figcaption><\/figure><\/div>\n\n\n\n<p>&#8220;<em>Belimizde k\u0131l\u0131c\u0131m\u0131z  kirmani, Ta\u015f\u0131 deler  M\u0131zra\u011f\u0131m\u0131n Temreni\u201d<\/em> diyen DADALO\u011eLU, Hitit Kral\u0131 Kahraman  TUTALYA (halk dilinde Tital, Dadal),  Ko\u00e7  K\u00f6ro\u011flu  ise  S\u00fcmerlerden g\u00fcn\u00fcm\u00fcze gelen  K\u0131r Atl\u0131 Ezel-Ahir Ali (EL-\u0130LU) gibi  tarihten gelen tiplemelerdir.Anadolu&#8217;da varolu\u015f ve dirili\u015f m\u00fccadelesi veren yerli halk\u0131n ve  ona  \u00f6nderlik eden ,yol g\u00f6steren  yi\u011fitlerin  \u00f6yk\u00fcnd\u00fckleri ve  ilham ald\u0131klar\u0131 kaynaklar  kendi tarihleri, k\u00fclt\u00fcrleri ve bu t\u00fcr ilahi ve tarihi  kahramanlard\u0131r.Tahtac\u0131 Yunus&#8217;un Makam\u0131,  k\u00f6kende Kanatl\u0131 G\u00fcne\u015f  olan  \u00e7ift  y\u00fczl\u00fc baltayla sembolize edilmi\u015ftir.  Kesikba\u015f hikayesi Kerbela&#8217;dan de\u011fil, S\u00fcmerlerin varolu\u015f  destanlar\u0131ndan, baz\u0131 kahramanlar\u0131n Gazi  \u00fcnvan\u0131 ise  Tanr\u0131 Da\u011f\u0131 Hazzi&#8217;den uyarlanm\u0131\u015ft\u0131r.<\/p>\n\n\n\n<p class=\"has-vivid-red-color has-pale-cyan-blue-background-color has-text-color has-background\">                                                                                                                                 <\/p>\n\n\n\n<p>                                                                                                                                                                                                                                                                                                                                                                                                                                                                                                                                                                                                                                                                                                           <\/p>\n\n\n\n<div class=\"wp-block-image\"><figure class=\"aligncenter\"><img loading=\"lazy\" decoding=\"async\" width=\"560\" height=\"974\" src=\"http:\/\/www.yolunezeli.com\/wp-content\/uploads\/2019\/10\/Resim1.jpg\" alt=\"SAVA\u015e TANRISI\" class=\"wp-image-6638\" srcset=\"https:\/\/www.yolunezeli.com\/wp-content\/uploads\/2019\/10\/Resim1.jpg 560w, https:\/\/www.yolunezeli.com\/wp-content\/uploads\/2019\/10\/Resim1-172x300.jpg 172w\" sizes=\"auto, (max-width: 560px) 100vw, 560px\" \/><figcaption> HATTU\u015eA KRAL KAPISINDA  YILDIRIM BALTALI ,K\u0130RMAN\u0130 KILI\u00c7LI SAVA\u015e TANRISI      <\/figcaption><\/figure><\/div>\n\n\n\n<p>                                                                                                                                                                                                                                                                                                                                                                                                                                                                                                                                                                                                                                                                                                                                                                                                                                                                                                                                                                                                                                                                                                                                                           <\/p>\n\n\n\n<p>                                                                                                                                                                                                                                               <\/p>\n\n\n\n<div class=\"wp-block-image\"><figure class=\"aligncenter\"><img loading=\"lazy\" decoding=\"async\" width=\"719\" height=\"1024\" src=\"http:\/\/www.yolunezeli.com\/wp-content\/uploads\/2019\/10\/Resim2-719x1024.jpg\" alt=\"\" class=\"wp-image-6637\" srcset=\"https:\/\/www.yolunezeli.com\/wp-content\/uploads\/2019\/10\/Resim2-719x1024.jpg 719w, https:\/\/www.yolunezeli.com\/wp-content\/uploads\/2019\/10\/Resim2-211x300.jpg 211w, https:\/\/www.yolunezeli.com\/wp-content\/uploads\/2019\/10\/Resim2.jpg 720w\" sizes=\"auto, (max-width: 719px) 100vw, 719px\" \/><figcaption>           BEKTA\u015e\u0130 K\u00dcLAHI VE  K\u00dcPES\u0130YLE KAHRAMAN B\u00dcY\u00dcK  KRAL TUTALYA -DADALO\u011eLU                                                                                                                                                                                                                                                                                                                                                                                  <\/figcaption><\/figure><\/div>\n\n\n\n<p><em>Not:Telif hakk\u0131 taraf\u0131ma aittir.\u0130zinsiz kopyalan\u0131p \u00e7o\u011falt\u0131lamaz, al\u0131nt\u0131 yap\u0131lamaz. <\/em>Her t\u00fcr ve ama\u00e7la ticari, yaz\u0131l\u0131, g\u00f6rsel ve i\u015fitsel \u00fcr\u00fcn yap\u0131lamaz ,                                                                                                                                                                                                                                                                                                                        <\/p>\n","protected":false},"excerpt":{"rendered":"<p>Anadolu&#8217;da d\u00fcnyan\u0131n en b\u00fcy\u00fck uygarl\u0131klar\u0131n\u0131 yaratan S\u00fcmerler ,evrenin varolu\u015fsal yap\u0131s\u0131, g\u00f6k cisimlerinin ve do\u011fan\u0131n ki\u015file\u015ftirilmesine dayanan tanr\u0131lar,insan\u0131n varolu\u015fu,kentlerin kurulu\u015fu,k\u00fclt\u00fcrel ve sosyal ya\u015fam\u0131n d\u00fczenlenmesine y\u00f6nelik yaratt\u0131klar\u0131 binlerce mit, efsane, edebi metin [&hellip;]<\/p>\n","protected":false},"author":1,"featured_media":6637,"comment_status":"open","ping_status":"open","sticky":false,"template":"","format":"standard","meta":{"_kadence_starter_templates_imported_post":false,"footnotes":""},"categories":[1],"tags":[514,512,510,47,513],"class_list":["post-6636","post","type-post","status-publish","format-standard","has-post-thumbnail","hentry","category-genel","tag-anadolu-ozanlari","tag-dadaloglu","tag-karacaoglan","tag-ozanlik-gelenegi","tag-yunus"],"_links":{"self":[{"href":"https:\/\/www.yolunezeli.com\/index.php?rest_route=\/wp\/v2\/posts\/6636","targetHints":{"allow":["GET"]}}],"collection":[{"href":"https:\/\/www.yolunezeli.com\/index.php?rest_route=\/wp\/v2\/posts"}],"about":[{"href":"https:\/\/www.yolunezeli.com\/index.php?rest_route=\/wp\/v2\/types\/post"}],"author":[{"embeddable":true,"href":"https:\/\/www.yolunezeli.com\/index.php?rest_route=\/wp\/v2\/users\/1"}],"replies":[{"embeddable":true,"href":"https:\/\/www.yolunezeli.com\/index.php?rest_route=%2Fwp%2Fv2%2Fcomments&post=6636"}],"version-history":[{"count":28,"href":"https:\/\/www.yolunezeli.com\/index.php?rest_route=\/wp\/v2\/posts\/6636\/revisions"}],"predecessor-version":[{"id":8034,"href":"https:\/\/www.yolunezeli.com\/index.php?rest_route=\/wp\/v2\/posts\/6636\/revisions\/8034"}],"wp:featuredmedia":[{"embeddable":true,"href":"https:\/\/www.yolunezeli.com\/index.php?rest_route=\/wp\/v2\/media\/6637"}],"wp:attachment":[{"href":"https:\/\/www.yolunezeli.com\/index.php?rest_route=%2Fwp%2Fv2%2Fmedia&parent=6636"}],"wp:term":[{"taxonomy":"category","embeddable":true,"href":"https:\/\/www.yolunezeli.com\/index.php?rest_route=%2Fwp%2Fv2%2Fcategories&post=6636"},{"taxonomy":"post_tag","embeddable":true,"href":"https:\/\/www.yolunezeli.com\/index.php?rest_route=%2Fwp%2Fv2%2Ftags&post=6636"}],"curies":[{"name":"wp","href":"https:\/\/api.w.org\/{rel}","templated":true}]}}