{"id":6756,"date":"2020-10-16T13:33:35","date_gmt":"2020-10-16T13:33:35","guid":{"rendered":"http:\/\/www.yolunezeli.com\/?p=6756"},"modified":"2020-12-26T21:47:19","modified_gmt":"2020-12-26T21:47:19","slug":"alevi-bektasi-halk-kulturunu-islamin-bir-kolu-sayan-turk-kurt-ve-alevi-islamci-sozde-aydinlarin-1989-tarihli-alevi-bildirgesi","status":"publish","type":"post","link":"https:\/\/www.yolunezeli.com\/?p=6756","title":{"rendered":"ALEV\u0130L\u0130\u011e\u0130 \u0130SLAMIN B\u0130R KOLU SAYAN T\u00dcRK\u2013K\u00dcRT VE ALEV\u0130 \u0130SLAMCI S\u00d6ZDE AYDINLARIN 1989 TAR\u0130HL\u0130 ALEV\u0130 B\u0130LD\u0130RGES\u0130  ;"},"content":{"rendered":"\n<p>ANADOLU ALEV\u0130 BEKTA\u015e\u0130 HALKINI&nbsp;BE\u015eER\u0130 ,K\u00dcLT\u00dcREL VE TAR\u0130H\u0130 VARLI\u011eIYLA&nbsp;ANADOLU UYGARLIKLARINDAN SOYUTLAYIP T\u00dcRK-K\u00dcRT VE ALEV\u0130&nbsp; \u0130SLAMA MAHKUM EDEN S\u0130YASAL \u0130SLAMCI S\u0130YASET\u0130N G\u00dcN\u00dcM\u00dcZDEK\u0130 ALEV\u0130 \u00d6RG\u00dcTLENMES\u0130NE ZEM\u0130N&nbsp;HAZIRLAYAN YAKIN TAR\u0130H\u0130N EN TAL\u0130HS\u0130Z BELGELER\u0130NDEN B\u0130R\u0130&nbsp;1989 YILINDA YAYINLANAN <strong>\u201cALEV\u0130 B\u0130LD\u0130RGES\u0130\u201d<\/strong>&nbsp; VE ALTINA \u0130MZA KOYAN T\u00dcRK\u00c7\u00dc-K\u00dcRT\u00c7\u00dc\u2013ALEV\u0130 \u0130SLAMCI ZEVAT .<\/p>\n\n\n\n<p>BU BELGE G\u00dcN\u00dcM\u00dcZDE TABELALARINDAN BEKTA\u015e\u0130 ADI \u00c7IKARTILARAK B\u0130RER ALEV\u0130 \u0130SLAM \u00d6RG\u00dcT\u00dc HAL\u0130NE GET\u0130R\u0130LEN YURT \u0130\u00c7\u0130 VE DI\u015eINDAK\u0130 ALEV\u0130 STK\u2019LARININ&nbsp;\u00d6RG\u00dcTLENMES\u0130NE AMA\u00c7 VE TALEPLER\u0130YLE Y\u00d6N VEREN&nbsp;T\u00dcRK-K\u00dcRT-ALEV\u0130&nbsp;\u0130SLAMCI&nbsp;RESM\u0130-\u00d6ZEL POL\u0130T\u0130K \u00c7EVRELER\u0130N&nbsp; PERDE ARKASI Y\u00dcZLER\u0130NE I\u015eIK TUTUYOR.<\/p>\n\n\n\n<div class=\"wp-block-media-text alignwide is-stacked-on-mobile\"><figure class=\"wp-block-media-text__media\"><img loading=\"lazy\" decoding=\"async\" width=\"480\" height=\"640\" src=\"http:\/\/www.yolunezeli.com\/wp-content\/uploads\/2016\/05\/Ali-\u0130bni-Ebu-Talip.jpg\" alt=\"\" class=\"wp-image-3209 size-full\" srcset=\"https:\/\/www.yolunezeli.com\/wp-content\/uploads\/2016\/05\/Ali-\u0130bni-Ebu-Talip.jpg 480w, https:\/\/www.yolunezeli.com\/wp-content\/uploads\/2016\/05\/Ali-\u0130bni-Ebu-Talip-225x300.jpg 225w\" sizes=\"auto, (max-width: 480px) 100vw, 480px\" \/><\/figure><div class=\"wp-block-media-text__content\">\n<p class=\"has-large-font-size\">Alevi \u0130slam\u0131n Ali&#8217;si<\/p>\n<\/div><\/div>\n\n\n\n<p>Anadolu-Mezopotamyada G\u00f6beklitepeden G\u00fcn\u00fcm\u00fcze S\u00fcmer,Hatti-Hitit-Luvi ve Hurri gibi b\u00fcy\u00fck uygarl\u0131klar yaratan Alevi-Bekta\u015filerin bu topraklardaki binlerce y\u0131ll\u0131k halk varl\u0131\u011f\u0131yla k\u00fclt\u00fcr ve uygarl\u0131k miras\u0131n\u0131 inkar edip T\u00fcrk-K\u00fcrt ve Siyasal Alevi&nbsp; \u0130slam kimlikleri alt\u0131nda asimile &nbsp;etme amac\u0131 ta\u015f\u0131yan&nbsp; politikalar\u0131n kimler taraf\u0131ndan olu\u015fturulup desteklendi\u011fini kavramak isteyenler  i\u00e7in yak\u0131n tarihin dikkate al\u0131nmas\u0131 gereken en \u00f6nemli belgelerinden biridir.<\/p>\n\n\n\n<p>Bu belgeye \u0130mza koyan Ya\u015far Kemal, \u0130lhan Sel\u00e7uk,Aziz Nesin  vb. yazar,\u00e7izer ,ara\u015ft\u0131rmac\u0131 ve gazetecilerin Anadolu Uygarl\u0131k tarihiyle, Alevilerin Hitit ve S\u00fcmer Halk\u0131n\u0131n devam\u0131 oldu\u011funu bildiklerinden eminiz. Buna ra\u011fmen \u00a0Ayd\u0131n bilinen bu ki\u015filerin Alevili\u011fe destek vermek gibi masumane bir kisveyle kaleme ald\u0131klar\u0131 bildirgeyle Alevili\u011fi Anadolu K\u00fclt\u00fcr ve Uygarl\u0131klar\u0131ndan kopar\u0131p Siyasal \u0130slama \u00a0\u201cD\u0130N\u0130 \u0130NAN\u00c7\u201d olarak adapte etmeye \u00e7al\u0131\u015ft\u0131klar\u0131 a\u00e7\u0131kt\u0131r.Bu yakla\u015f\u0131mlar\u0131n\u0131n sorgulanmas\u0131\u00a0 ve\u00a0 yan\u0131t\u0131n\u0131n\u00a0 Sel\u00e7uklu-Osmanl\u0131-K\u00fcrt ve Arap i\u015fbirli\u011fiyle Anadolu&#8217;ya sokulan Siyasal \u0130slam ile K\u00fcresel siyasetin 100 y\u0131l \u00f6nce dayatt\u0131\u011f\u0131 Ulus Devlet yap\u0131la\u015fmas\u0131na ba\u011fl\u0131 g\u00fcn\u00fcm\u00fczdeki NEO OSMANLI -T\u00fcrk-K\u00fcrt \u0130slam ve BOP gibi siyasi tasar\u0131mlarda aranmas\u0131\u00a0 gerekiyor.<\/p>\n\n\n\n<p>Bu bildirgenin ard\u0131ndan ba\u015flayan Alevi islam \u00d6rg\u00fctlenmesi,Aziz Nesin \u00fczerinden geli\u015ftirilen Sivas Katliam\u0131, \u0130zettin Do\u011fan\u0131n Cumhuriyet\u00e7i E\u011fitim Vakf\u0131, Cem-Cami Projeleri, \u015fimdilerde \u0130lahiyat okuyan Av.Ali Y\u0131ld\u0131r\u0131m-G\u00fcla\u011f \u00d6z ekibinin Ankara H\u00fcseyin Gazi T\u00fcrbesi biti\u015fi\u011fine Mescit Yapmas\u0131 vb. olaylar\u0131n geli\u015fmesi hi\u00e7 bir \u015fekilde tesad\u00fcf olmasa gerek ! Gelecek s\u00fcre\u00e7te Alevi-Bekta\u015fi halka y\u00f6nelik k\u00fcresel-resmi-\u00f6zel siyasi tasar\u0131mlar\u0131n kavranmas\u0131nda g\u00f6zden ka\u00e7\u0131r\u0131lmamas\u0131 gereken bir belge ve deruni  plan !<\/p>\n\n\n\n<p><\/p>\n\n\n\n<p>ALEV\u0130 B\u0130LD\u0130RGES\u0130-1989<\/p>\n\n\n\n<p>Bu bildirge, \u0130slamiyet\u2019in T\u00fcrkiye\u2019de ya\u015fayan bir kolu olan Alevili\u011fin, sorunlar\u0131n\u0131 duyurmay\u0131 ve Alevilerin baz\u0131 isteklerini kamuoyuna yans\u0131tmay\u0131 ama\u00e7l\u0131yor. Aleviler; ba\u015fka inan\u00e7lara, \u201cdo\u011fru, g\u00fczel, kutsal\u201d g\u00f6z\u00fcyle bakarlar. Kendi inan\u00e7 ve k\u00fclt\u00fcrleri i\u00e7in de ayn\u0131 olumlu duygu ve yakla\u015f\u0131m\u0131 beklerler&#8230; Alevi \u00f6\u011fretisinin tan\u0131nmas\u0131, T\u00fcrkiye i\u00e7in bar\u0131\u015f ve zenginlik kayna\u011f\u0131 olacakt\u0131r&#8230;<\/p>\n\n\n\n<p><strong>Ger\u00e7ekler :<\/strong>T\u00fcrkiye\u2019de 20 milyon Alevi ya\u015f\u0131yor. 60 milyona ula\u015fan T\u00fcrkiye n\u00fcfusunun yakla\u015f\u0131k 20 milyonunu, Aleviler olu\u015fturuyor. Alevilik de, S\u00fcnnilik gibi \u0130slam inan-c\u0131n\u0131n bir koludur. S\u00fcnnilik kadar eskidir. T\u00fcrkiye\u2019de dinsel, siyasal, k\u00fclt\u00fcrel, sosyal y\u00f6nleriyle Alevilik, halk\u0131n bir b\u00f6l\u00fcm\u00fcn\u00fcn ya\u015fama bi\u00e7imi olarak halen varl\u0131\u011f\u0131n\u0131 s\u00fcrd\u00fcrmektedir.<\/p>\n\n\n\n<p><strong>S\u00fcnni halk\u0131m\u0131z\u0131n Alevilik hakk\u0131ndaki bilgisi yetersizdir.<\/strong><\/p>\n\n\n\n<p>\u00dclkemizdeki \u00e7o\u011funlu\u011fu olu\u015fturan S\u00fcnni M\u00fcsl\u00fcmanlar, Alevilik hakk\u0131nda hemen hemen hi\u00e7bir \u015fey bilmiyor. Bu kesimin Alevilik hakk\u0131ndaki g\u00f6r\u00fc\u015fleri, tamamen olumsuz \u00f6nyarg\u0131lardan, s\u00f6ylentilerden do\u011fan yak\u0131\u015ft\u0131rmalardan olu\u015fuyor. Ge\u00e7mi\u015fte \u015feriat\u00e7\u0131 Osmanl\u0131 devleti zaman\u0131nda Alevilere kar\u015f\u0131 yarat\u0131lan iftiralar, bug\u00fcn de baz\u0131 insanlar taraf\u0131ndan ger\u00e7ek gibi kabul ediliyor. Osmanl\u0131 zihniyetini bu \u00e7a\u011fda ya\u015fatmaya kimsenin hakk\u0131 yoktur&#8230; Diyanet \u0130\u015fleri, \u0130slam\u2019\u0131n sadece S\u00fcnni kolunu temsil ediyor.T\u00fcrkiye\u2019de \u00e7o\u011funlu\u011fu olu\u015fturan S\u00fcnni \u0130slam, T\u00fcrkiye Cumhuriyeti\u2019nde Diyanet \u0130\u015fleri Ba\u015fkanl\u0131\u011f\u0131 arac\u0131l\u0131\u011f\u0131yla resmen temsil ediliyor. Devlet okullar\u0131ndan din ve ahlak e\u011fitimi ile; camilerde imamlar vas\u0131tas\u0131yla S\u00fcnni \u0130slam ya\u015f\u0131yor ve ya\u015fat\u0131l\u0131yor.<\/p>\n\n\n\n<p><strong>&nbsp;Alevi varl\u0131\u011f\u0131 yok say\u0131l\u0131yor<\/strong><\/p>\n\n\n\n<p>Buna kar\u015f\u0131n 20 milyonluk Alevi kitlesi resmen yok say\u0131l\u0131yor, g\u00f6rmezlikten geliniyor. Devlet yetkilileri, yapt\u0131klar\u0131 a\u00e7\u0131klamalarda, T\u00fcrkiye\u2019nin t\u00fcm\u00fcn\u00fc \u201cS\u00fcnni\u201d g\u00f6stermeye \u00e7al\u0131\u015f\u0131yorlar. Halbuki T\u00fcrkiye n\u00fcfusunun yakla\u015f\u0131k 3\u2019te 1\u2019i Alevidir&#8230;<\/p>\n\n\n\n<p>&nbsp;Alevilere kar\u015f\u0131 olanlara birtak\u0131m yar\u0131 ayd\u0131nlar da, \u201cAlevilik \u00f6ld\u00fc!\u201d diyerek Osmanl\u0131c\u0131 tavr\u0131ndan yana \u00e7\u0131k\u0131yor. Alevi ge\u00e7inen baz\u0131 okumu\u015flar da kraldan daha fazla kralc\u0131 kesilerek bu g\u00f6r\u00fc\u015flere destek veriyor. Kimileri de, Alevi k\u00fclt\u00fcr\u00fcn\u00fcn canland\u0131r\u0131lmas\u0131n\u0131 \u201cgericilik\u201d olarak g\u00f6r\u00fcyor. Bunlar, Alevili\u011fi yok sayma tav\u0131rlar\u0131d\u0131r. Unutulmamal\u0131 ki, Alevilik yok olursa, meydan Osmanl\u0131 kafal\u0131lara kalacakt\u0131r&#8230;<\/p>\n\n\n\n<p>&nbsp;<strong>\u0130nan\u00e7 ve anlat\u0131m \u00f6zg\u00fcrl\u00fc\u011f\u00fc bir insanl\u0131k hakk\u0131d\u0131r.<\/strong><\/p>\n\n\n\n<p>\u0130nsan Haklar\u0131 Bildirgesi\u2019nin 9. maddesi ve T\u00fcrkiye Cumhuriyeti 1982 Anayasas\u0131\u2019n\u0131n 24. Maddesi, herkese \u201cVicdan, dini inan\u00e7 ve kanaat \u00f6zg\u00fcrl\u00fc\u011f\u00fc\u201d garantisi veriyor. \u00dclkemizde, cumhuriyetin kurulmas\u0131 ile birlikte Alevilere y\u00f6nelik resmi devlet bask\u0131s\u0131 sona ermi\u015fse de eskiden gelen sosyal, psikolojik ve siyasal bask\u0131 varl\u0131\u011f\u0131n\u0131 s\u00fcrd\u00fcrmektedir. Aleviler, bu bask\u0131lar y\u00fcz\u00fcnden \u201cvicdan, dini inan\u00e7 ve kanaat\u201d \u00f6zg\u00fcrl\u00fc\u011f\u00fcn\u00fc kullanam\u0131yorlar. Aleviler, halen Alevliklerini gizlemek zorunda kal\u0131yorlar.<\/p>\n\n\n\n<p><strong>&nbsp;Aleviler, Atat\u00fcrk devrimlerini hep destekledirler.<\/strong><\/p>\n\n\n\n<p>&nbsp;Cumhuriyeti yaratan temel g\u00fc\u00e7lerden birisi de Alevi kitledir. Aleviler, her zaman Atat\u00fcrk devrimlerinin, laik g\u00fc\u00e7lerin yan\u0131nda olmu\u015flard\u0131r. Fakat, s\u0131k\u0131nt\u0131lar\u0131 Cumhuriyet d\u00f6neminde de bitmemi\u015ftir. T\u00fcrkiye\u2019de H\u0131ristiyanlar\u0131n, Yahudilerin, S\u00fcryanilerin bile kendilerine ait ibadethaneleri oldu\u011fu halde, Aleviler bundan yoksun b\u0131rak\u0131lm\u0131\u015ft\u0131r. Bug\u00fcn, Alevi k\u00fclt\u00fcr\u00fcn\u00fc ya\u015fatacak hi\u00e7bir kurum bulunmamaktad\u0131r.<\/p>\n\n\n\n<p><strong>&nbsp;\u0130stekler:<\/strong><\/p>\n\n\n\n<p>Aleviler \u00fczerinde bask\u0131 oldu\u011fu kabul edilmelidir. Bug\u00fcn T\u00fcrkiye\u2019deki 20 milyonluk Alevi kitle \u00fczerinde, Osmanl\u0131 Devleti zaman\u0131ndan gelen ve halen sosyal, k\u00fclt\u00fcrel ve psikolojik a\u011f\u0131rl\u0131kl\u0131 olarak s\u00fcren a\u011f\u0131r bir bask\u0131 vard\u0131r. Bu bask\u0131n\u0131n ad\u0131n\u0131, a\u00e7\u0131k y\u00fcreklilikle koyman\u0131n zaman\u0131 gelmi\u015ftir.<\/p>\n\n\n\n<p><strong>Aleviler, \u00e7ekinmeden \u201cBen, Aleviyim\u201d diyebilmelidir.<\/strong><\/p>\n\n\n\n<p>Alevi kitle bug\u00fcn bile Alevi olmaktan korku duymaktad\u0131r. Buna gerek yoktur. Bu kesimden insanlar, gerekti\u011finde, a\u00e7\u0131k\u00e7a \u201cAleviyim\u201d diyebilmelidirler. Bu, onlar\u0131n do\u011fal insanl\u0131k haklar\u0131ndan birisidir. Politik veya maddi kayg\u0131larla Alevili\u011fini gizleyenleri, bu tav\u0131rlar\u0131n\u0131 b\u0131rakmaya, k\u00fclt\u00fcrlerine sahip \u00e7\u0131kmaya \u00e7a\u011f\u0131r\u0131yoruz. Her insan\u0131n kendi kimli\u011fini a\u00e7\u0131k\u00e7a s\u00f6yleyebilmesi, insanl\u0131k hakk\u0131d\u0131r. Bu kimli\u011fin \u201cmezhep\u00e7ilik\u201d veya \u201c\u015eovenistlik\u201d ile damgalanmas\u0131, temel insanl\u0131k hakk\u0131na sayg\u0131 duymamakt\u0131r.<\/p>\n\n\n\n<p><strong>S\u00fcnni aileler, Alevilik hakk\u0131ndaki d\u00fc\u015f\u00fcncelerini de\u011fi\u015ftirmelidir.<\/strong><\/p>\n\n\n\n<p>T\u00fcrkiye\u2019nin ger\u00e7ek bir huzur toplumu olabilmesi i\u00e7in, S\u00fcnni ve Alevi kitlenin, birbirleri hakk\u0131nda iyi d\u00fc\u015f\u00fcnceler beslemesi gerekir. Aleviler hakk\u0131nda g\u00f6rmedi\u011fi \u015feyleri s\u00f6yleyerek iftira etme olay\u0131na, S\u00fcnni aileler izin vermemelidir. Kafalara yerle\u015fmi\u015f olan olumsuz d\u00fc\u015f\u00fcnceler at\u0131lmal\u0131d\u0131r. Her inan\u00e7, her k\u00fclt\u00fcr; di\u011ferlerine sayg\u0131 duyarak ayr\u0131 ayr\u0131 ya\u015famal\u0131, ya\u015fat\u0131lmal\u0131d\u0131r. Avrupa\u2019daki Protestan ve Katolik mezhebinden aileler, bug\u00fcn, yan yana, dost\u00e7a, g\u00fcl gibi ya\u015fay\u0131p gidiyorlar. T\u00fcrkiye i\u00e7in de ayn\u0131 samimi birliktelik m\u00fcmk\u00fcnd\u00fcr.<\/p>\n\n\n\n<p><strong>Ayd\u0131nlar, Alevi varl\u0131\u011f\u0131n\u0131, insan- hak lar\u0131 ba\u011flam\u0131nda savunmal\u0131d\u0131rlar.<\/strong><\/p>\n\n\n\n<p>Her \u00fclkede oldu\u011fu gibi \u00fclkemizde de, insan haklar\u0131n\u0131 savunmak ve korumak, devletten \u00f6nce ayd\u0131nlara d\u00fc\u015fmektedir. Ayd\u0131nlar, kendi sorunlar\u0131n\u0131n d\u0131\u015f\u0131ndaki toplumsal sorunlarla ilgilenen toplumun se\u00e7kin elemanlar\u0131d\u0131r. Bu nedenle, onlar, Alevi varl\u0131\u011f\u0131na dikkati \u00e7ekmek ve Alevilere yap\u0131lan bask\u0131lara kar\u015f\u0131 tav\u0131r almak zorundad\u0131rlar. Bug\u00fcn \u00fclkemizde insan haklar\u0131 sorunlar\u0131 ve demokratik sorunlar bulundu\u011fu ger\u00e7ektir. Bunlar\u0131n en \u00f6nemlilerinden birisi de Alevilerin durumudur. Alevilerin sorunlar\u0131n\u0131 duyurmada \u00f6nderlik, ayd\u0131nlara, demokrasiyi isteyen politikac\u0131lara, i\u015fadamlar\u0131na ve serbest meslek sahiplerine d\u00fc\u015fmektedir.<\/p>\n\n\n\n<p><strong>T\u00fcrk bas\u0131n\u0131, yay\u0131nlar\u0131nda Alevi k\u00fclt\u00fcr\u00fcne yer vermelidir.<\/strong><\/p>\n\n\n\n<p>&nbsp;Bug\u00fcn, T\u00fcrk toplumunun en se\u00e7kin, en demokratik, en laik kafal\u0131 insanlar\u0131, emek\u00e7isinden patronuna bas\u0131n sekt\u00f6r\u00fcnde yo\u011funla\u015fm\u0131\u015ft\u0131r. Buna kar\u015f\u0131n bas\u0131n\u0131m\u0131zda, 20 milyonluk Alevi kitleyle ilgili bilgiye veya habere az rastlan\u0131yor. Alevi k\u00fclt\u00fcr\u00fcn\u00fcn tan\u0131t\u0131lmas\u0131na bas\u0131n\u0131m\u0131z daha geni\u015f olanaklar sa\u011flamal\u0131d\u0131r. \u0130nan\u0131yoruz ki Aleviler \u00fczerindeki bask\u0131n\u0131n kalkmas\u0131, T\u00fcrkiye\u2019yi daha demokratik bir yap\u0131ya kavu\u015fturacakt\u0131r. Bu durum bas\u0131n\u0131m\u0131z i\u00e7in de bir kazan\u0131m olacakt\u0131r.<\/p>\n\n\n\n<p><strong>TRT, Alevi varl\u0131\u011f\u0131n\u0131 da dikkate almal\u0131d\u0131r.<\/strong><\/p>\n\n\n\n<p>&nbsp;T\u00fcrkiye radyo ve televizyon istasyonlar\u0131, Alevi kitlenin varl\u0131\u011f\u0131ndan habersiz gibi g\u00f6r\u00fcn\u00fcyorlar. Radyo ve televizyonda, Alevi k\u00fclt\u00fcr\u00fc de yer almal\u0131d\u0131r. Alevi b\u00fcy\u00fckleri, Alevilerin kutsal g\u00fcnleri, \u015fiiri, m\u00fczi\u011fi, folkloru tan\u0131t\u0131lmal\u0131d\u0131r.<\/p>\n\n\n\n<p><strong>Diyanet \u0130\u015fleri\u2019nde Aleviler de temsil edilmelidir<\/strong><\/p>\n\n\n\n<p>&nbsp;Diyanet \u0130\u015fleri Ba\u015fkanl\u0131\u011f\u0131 (Devlet), 20 milyon Alevi kitlenin \u00f6\u011fretisini, resmen tan\u0131mal\u0131 ve bu \u00f6\u011fretinin temsilcilerine kendi b\u00fcnyesinde g\u00f6revler vermelidir. Bu \u00fclkede 20 milyonluk Alevi kitle de devlete vergi veriyor. Tahminen \u00fc\u00e7te birisi Alevilerden al\u0131nan devlet b\u00fct\u00e7esinden Diyanet \u0130\u015flerine, her y\u0131l y\u00fczlerce milyon aktar\u0131l\u0131yor. Laik bir \u00fclkede, Diyanet \u0130\u015flerine para verilmesi,yanl\u0131\u015ft\u0131r. E\u011fer devlet Diyanet\u2019e para veriyorsa Alevi kesime de n\u00fcfusu oran\u0131nda para aktarmal\u0131d\u0131r. Bu para da Alevi k\u00fclt\u00fcr\u00fcn\u00fcn ya\u015fat\u0131lmas\u0131 i\u00e7in ve canland\u0131r\u0131lmas\u0131 i\u00e7in harcanmal\u0131d\u0131r.<\/p>\n\n\n\n<p><strong>&nbsp;Alevi k\u00f6ylerine cami yapmaktan vazge\u00e7ilmelidir.<\/strong><\/p>\n\n\n\n<p>Diyanet \u0130\u015fleri, son y\u0131llarda, Alevi k\u00f6ylerine cami yapmak, imam g\u00f6ndermek gibi, etkisiz bir bask\u0131 y\u00f6ntemi daha geli\u015ftirdi. Kendi varl\u0131\u011f\u0131ndan ba\u015fkas\u0131na tahamm\u00fcl edemeyen zihniyetin bu uygulamas\u0131na, devletin alet edilmemesini bekliyoruz. Bu uygulamalar da derhal durdurulmal\u0131d\u0131r. Aleviler, k\u00f6ylerine cami de\u011fil okul ve cem evi (k\u00fclt\u00fcr evi) istiyorlar&#8230;<\/p>\n\n\n\n<p>&nbsp;<strong>Din ve Ahlak derslerinde Alevi \u00f6\u011fretisi de yer almal\u0131.<\/strong><\/p>\n\n\n\n<p>&nbsp;Okullarda, din ve ahl\u00e2k e\u011fitiminin zorunlu hale getirilmesi sonucu, Alevi k\u00f6kenli \u00f6\u011frenciler, kendi \u00f6\u011fretilerini de\u011fil, S\u00fcnni \u00f6\u011fretiyi \u00f6\u011frenmektedirler. Bu yanl\u0131\u015f uygulama yetmiyormu\u015f gibi, okullarda Alevilik her f\u0131rsatta k\u00f6t\u00fclenerek gen\u00e7 y\u00fcrekler yaralanmakta, beyinlere d\u00fc\u015fmanl\u0131k tohumlar\u0131 ekilmektedir. Milli E\u011fitim Bakanl\u0131\u011f\u0131\u2019n\u0131n buna mutlaka engel olmas\u0131n\u0131 bekliyoruz&#8230; Bu durum, din ve vicdan h\u00fcrriyeti ilkelerine uymad\u0131\u011f\u0131 gibi toplumsal bar\u0131\u015f\u0131 da zedelemektedir. Bunu engellemek i\u00e7in, okullarda, isteyen Alevi \u00f6\u011frenciye, Alevili\u011fi \u00f6\u011frenme olanaklar\u0131 yarat\u0131lmal\u0131d\u0131r. Bunun i\u00e7in, din ve ahlak derslerine Alevili\u011fi tan\u0131t\u0131c\u0131 bilgiler eklenmelidir.<\/p>\n\n\n\n<p><strong>H\u00fck\u00fcmetlerin, Alevilere bak\u0131\u015f a\u00e7\u0131s\u0131 de\u011fi\u015fmelidir<\/strong><\/p>\n\n\n\n<p>Alevilere y\u00f6nelik olumsuz \u015fartlanmalar, i\u015f ba\u015f\u0131na gelen h\u00fck\u00fcmet \u00fcyelerini de etkilemektedir. Bunlar, Alevili\u011fi g\u00f6rmezalikten geliyor, yok say\u0131yorlar. Bakanlar ve milletvekilleri \u201cAlevi\u201d s\u00f6z\u00fcn\u00fc a\u011f\u0131zlar\u0131na almaya korkuyorlar. Bizim gibi \u00e7ok k\u00fclt\u00fcrl\u00fc toplumlarda; h\u00fck\u00fcmetler, b\u00fct\u00fcn inan\u00e7lara sayg\u0131 duyacak bir politika izlemek zorundad\u0131rlar. Diyanet \u0130\u015fleri\u2019nin; Milli E\u011fitim Bakanl\u0131\u011f\u0131\u2019n\u0131n bu a\u00e7\u0131dan yeni ba\u015ftan d\u00fczenlenmesi, h\u00fck\u00fcmetlerin \u00f6n\u00fcnde \u00e7ok \u00f6nemli bir g\u00f6rev olarak durmaktad\u0131r.<\/p>\n\n\n\n<p>&nbsp;<strong>Aleviler, laik devletin g\u00fcvencelerinden biridir.<\/strong><\/p>\n\n\n\n<p>Alevilik; b\u00fct\u00fcn Orta\u00e7a\u011flar\u0131n sevgi ve sohbete dayal\u0131 tek canl\u0131 k\u00fclt\u00fcr\u00fc olarak bug\u00fcne dek geldi. Aleviler; k\u00fclt\u00fcrleri gere\u011fi, ho\u015fg\u00f6r\u00fcl\u00fc, bilime sayg\u0131l\u0131, ilerlemeye a\u00e7\u0131k bir toplumdur. Ba\u011fnaz d\u00fc\u015f\u00fcnceye kar\u015f\u0131d\u0131rlar. Laik devletin, \u015feriat devleti kurma \u00e7abalar\u0131na kar\u015f\u0131 korunmas\u0131 i\u00e7in, bug\u00fcn Alevi varl\u0131\u011f\u0131 bir g\u00fcvencedir. Devlet, bu g\u00fcvenceyi eritmeyi de\u011fil, kuvvetlendirmeyi d\u00fc\u015f\u00fcnmelidir. Demokratik, laik, \u00e7o\u011fulcu g\u00fc\u00e7ler, Alevi varl\u0131\u011f\u0131n\u0131n netle\u015fmesi i\u00e7in \u00e7aba g\u00f6stermelidir.<\/p>\n\n\n\n<p><strong>Dedelik kurumu, \u00e7a\u011fda\u015f anlamda yeniden yap\u0131land\u0131r\u0131lmal\u0131d\u0131r<\/strong><\/p>\n\n\n\n<p>Dedeler; y\u00fczy\u0131llarca Alevi kesiminin hem \u00f6\u011fretmenleri, hem din g\u00f6revlileri, hem yarg\u0131\u00e7lar\u0131 olarak \u00e7al\u0131\u015ft\u0131lar. Bu insanlar; Alevi k\u00fclt\u00fcr\u00fcn\u00fc ku\u015faktan ku\u015fa\u011fa aktard\u0131lar. Zaman\u0131m\u0131zda, camilerde ve okullarda yeti\u015fen y\u00fcz binlerce imam, \u00fclkenin her taraf\u0131nda maa\u015fl\u0131 olarak \u00e7al\u0131\u015ft\u0131r\u0131l\u0131rken, dedelik, Alevili\u011fin bask\u0131 alt\u0131nda tutulmas\u0131 sonucu, s\u0131k\u0131nt\u0131 i\u00e7indedir. Dedelere; kendilerini geli\u015ftirme ve yeti\u015ftirme olanaklar\u0131 sa\u011flanmal\u0131d\u0131r. Alevi k\u00fclt\u00fcr\u00fcn\u00fcn ya\u015fat\u0131lmas\u0131nda kendisini yenilemi\u015f, \u00e7a\u011fda\u015f kafal\u0131 ay\u0131n\u0131 dedelerden yararlan\u0131labilir..<\/p>\n\n\n\n<p><strong>Yurt d\u0131\u015f\u0131ndaki Aleviler i\u00e7in acil programlar \u015fartt\u0131r<\/strong><\/p>\n\n\n\n<p>&nbsp;Bug\u00fcn; yaln\u0131z Federal Almanya\u2019da 350 binle 400 bin aras\u0131nda Alevi i\u015f\u00e7imizin bulundu\u011fu san\u0131l\u0131yor. Yurt d\u0131\u015f\u0131ndaki Alevi i\u015f\u00e7iler; \u00e7ocuklar\u0131na kendi k\u00fclt\u00fcrlerini vermek i\u00e7in yo\u011fun istek duyuyorlar. Fakat; onlara S\u00fcnni programlardan ba\u015fka se\u00e7enek verilmiyor. Bu da kabul g\u00f6rm\u00fcyor. B\u00f6ylece yeni yeti\u015fen gen\u00e7ler; k\u00fclt\u00fcrel bo\u015flu\u011fa itiliyor. Yurt d\u0131\u015f\u0131ndaki Aleviler i\u00e7in; Alevi k\u00fclt\u00fcr\u00fcn\u00fc tan\u0131t\u0131c\u0131 programlar; Alevi \u00e7ocuklar\u0131 i\u00e7in de bu konuda dersler \u015fartt\u0131r. Devlet, bu i\u015f\u00e7iler i\u00e7in, din adam\u0131 yollarken Alevilik ger\u00e7e\u011fini g\u00f6z \u00f6n\u00fcnde tutmal\u0131d\u0131r. T\u00fcrkiye\u2019de oldu\u011fu gibi yurt d\u0131\u015f\u0131ndaki Alevilere de, imamlar arac\u0131l\u0131\u011f\u0131yla din hizmeti sunmak m\u00fcmk\u00fcn de\u011fildir. Bu ger\u00e7ek, art\u0131k kabul edilmeli ve ayd\u0131n Alevi dedelerden yararlan\u0131lmal\u0131d\u0131r.<\/p>\n\n\n\n<p><strong>Alevilik ile bug\u00fcnk\u00fc \u0130ran \u015eiili\u011finin ilgisi yoktur.<\/strong><\/p>\n\n\n\n<p>Alevilere kar\u015f\u0131 tav\u0131r i\u00e7inde olanlar, geleneksel &nbsp;iftiralar\u0131n\u0131 s\u00fcrd\u00fcrerek, T\u00fcrkiye Alevili\u011fi ile \u0130ran\u2019daki molla d\u00fc\u015f\u00fcncesini ayn\u0131 paralelde g\u00f6stermeye \u00e7al\u0131\u015f\u0131yorlar. Bu yanl\u0131\u015ft\u0131r. Gerek felsefede, gerek uygulamada Anadolu Alevili\u011fi ile bug\u00fcnk\u00fc \u0130ran \u015eiili\u011finin bir benzerli\u011fi yoktur. Alevili\u011fin temeli; ho\u015fg\u00f6r\u00fc, insan sevgisi, canl\u0131ya sayg\u0131, zorbal\u0131\u011fa kar\u015f\u0131 olmakt\u0131r. Aleviler; ba\u011fnaz g\u00fc\u00e7lerin de\u011fil, demokratik kitlelerin yan\u0131ndad\u0131rlar. Bu, ge\u00e7mi\u015fte de g\u00fcn\u00fcm\u00fczde de b\u00f6yle olmu\u015ftur&#8230;<\/p>\n\n\n\n<p><strong>Sonu\u00e7<\/strong><\/p>\n\n\n\n<p>T\u00fcrkiye, tek de\u011fil, bir\u00e7ok k\u00fclt\u00fcr\u00fcn bulundu\u011fu bir toplumdur. Bu durum da \u00fclkemiz i\u00e7in zenginliktir. De\u011fi\u015fik k\u00fclt\u00fcrlerin kendilerini a\u00e7\u0131k a\u00e7\u0131k ortaya koymas\u0131, insanlar\u0131 bireysel planda demokratik, ho\u015fg\u00f6r\u00fcl\u00fc, insanc\u0131l bir kimli\u011fe sokar. Bu da t\u00fcm insanl\u0131\u011f\u0131n arzulad\u0131\u011f\u0131 bir hedeftir. Temeli insan sevgisi ve bar\u0131\u015f olan Alevi k\u00fclt\u00fcr\u00fc, bug\u00fcn hi\u00e7 desteklenmiyor. H\u00fck\u00fcmetlerin, bu insan k\u00fclt\u00fcr\u00fcn\u00fc korumas\u0131, ya\u015fatmas\u0131 i\u00e7in ayd\u0131nlarla i\u015fbirli\u011fine girmesi \u015fartt\u0131r. Siyaset\u00e7iler taraf\u0131ndan dile getirilen, \u201c\u0130nan\u00e7lar ve fikirler \u00fczerindeki bask\u0131lar\u0131n kald\u0131r\u0131lmas\u0131 gerekti\u011fi\u201d yolundaki a\u00e7\u0131klamalar\u0131n s\u00f6zde kalmamas\u0131n\u0131 diliyoruz. Bu konuda demokrat ayd\u0131nlar olarak, t\u00fcm T\u00fcrk halk\u0131ndan destek bekliyoruz..<\/p>\n\n\n\n<p>Ya\u015far KEMAL, Aziz NES\u0130N, \u0130lhan SEL\u00c7UK, Tar\u0131k AKAN, Z\u00fclf\u00fc L\u0130VANEL\u0130, Berker YAMAN, K\u0131van\u00e7 ERTOP, \u00c7etin YETK\u0130N, Ataol BEHRAMO\u011eLU, Atilla \u00d6ZKIRIMLI, Emil Galip SANDALCI, S\u00fcleyman YA\u011eIZ, Bekir YILDIZ, Muharrem Naci ORHAN, Erdal Atabek, Nejat B\u0130RDO\u011eAN, Vedat G\u00dcNYOL, Cemal \u00d6ZBEY, Mesut MERTCAN, Battal PEHL\u0130VAN Cengiz BEKTA\u015e, M\u00fcjdat GEZEN, Recep B\u0130LG\u0130NER, L\u00fctf\u00fc KALEL\u0130, J\u00fclide G\u00dcL\u0130ZAR, Nevzat HELVACI, Nart BOZKURT, Tan\u0131l BORA, Adnan S\u00d6ZEN, \u0130hsan ATAR, Ahmet BULUT, Ak\u0131n G\u00dcRDAL, Musa ATE\u015e, R\u0131za ZELYUT &nbsp;Yay\u0131n y\u0131l\u0131:1989<\/p>\n","protected":false},"excerpt":{"rendered":"<p>ANADOLU ALEV\u0130 BEKTA\u015e\u0130 HALKINI&nbsp;BE\u015eER\u0130 ,K\u00dcLT\u00dcREL VE TAR\u0130H\u0130 VARLI\u011eIYLA&nbsp;ANADOLU UYGARLIKLARINDAN SOYUTLAYIP T\u00dcRK-K\u00dcRT VE ALEV\u0130&nbsp; \u0130SLAMA MAHKUM EDEN S\u0130YASAL \u0130SLAMCI S\u0130YASET\u0130N G\u00dcN\u00dcM\u00dcZDEK\u0130 ALEV\u0130 \u00d6RG\u00dcTLENMES\u0130NE ZEM\u0130N&nbsp;HAZIRLAYAN YAKIN TAR\u0130H\u0130N EN TAL\u0130HS\u0130Z BELGELER\u0130NDEN B\u0130R\u0130&nbsp;1989 YILINDA [&hellip;]<\/p>\n","protected":false},"author":1,"featured_media":7193,"comment_status":"closed","ping_status":"closed","sticky":false,"template":"","format":"standard","meta":{"_kadence_starter_templates_imported_post":false,"footnotes":""},"categories":[1],"tags":[],"class_list":["post-6756","post","type-post","status-publish","format-standard","has-post-thumbnail","hentry","category-genel"],"_links":{"self":[{"href":"https:\/\/www.yolunezeli.com\/index.php?rest_route=\/wp\/v2\/posts\/6756","targetHints":{"allow":["GET"]}}],"collection":[{"href":"https:\/\/www.yolunezeli.com\/index.php?rest_route=\/wp\/v2\/posts"}],"about":[{"href":"https:\/\/www.yolunezeli.com\/index.php?rest_route=\/wp\/v2\/types\/post"}],"author":[{"embeddable":true,"href":"https:\/\/www.yolunezeli.com\/index.php?rest_route=\/wp\/v2\/users\/1"}],"replies":[{"embeddable":true,"href":"https:\/\/www.yolunezeli.com\/index.php?rest_route=%2Fwp%2Fv2%2Fcomments&post=6756"}],"version-history":[{"count":12,"href":"https:\/\/www.yolunezeli.com\/index.php?rest_route=\/wp\/v2\/posts\/6756\/revisions"}],"predecessor-version":[{"id":7421,"href":"https:\/\/www.yolunezeli.com\/index.php?rest_route=\/wp\/v2\/posts\/6756\/revisions\/7421"}],"wp:featuredmedia":[{"embeddable":true,"href":"https:\/\/www.yolunezeli.com\/index.php?rest_route=\/wp\/v2\/media\/7193"}],"wp:attachment":[{"href":"https:\/\/www.yolunezeli.com\/index.php?rest_route=%2Fwp%2Fv2%2Fmedia&parent=6756"}],"wp:term":[{"taxonomy":"category","embeddable":true,"href":"https:\/\/www.yolunezeli.com\/index.php?rest_route=%2Fwp%2Fv2%2Fcategories&post=6756"},{"taxonomy":"post_tag","embeddable":true,"href":"https:\/\/www.yolunezeli.com\/index.php?rest_route=%2Fwp%2Fv2%2Ftags&post=6756"}],"curies":[{"name":"wp","href":"https:\/\/api.w.org\/{rel}","templated":true}]}}